{"id":40779,"date":"2021-06-16T08:38:49","date_gmt":"2021-06-16T13:38:49","guid":{"rendered":"https:\/\/revistazetta.com\/?p=40779"},"modified":"2021-06-16T08:38:49","modified_gmt":"2021-06-16T13:38:49","slug":"homenaje-postumo-a-hernando-padaui-en-la-camara-de-representantes","status":"publish","type":"post","link":"https:\/\/revistazetta.com\/?p=40779","title":{"rendered":"Homenaje p\u00f3stumo a Hernando Padau\u00ed en la C\u00e1mara de Representantes"},"content":{"rendered":"<p><strong>Bogot\u00e1, 16 de junio de 2021.-<\/strong> La C\u00e1mara de Representantes conferir\u00e1 su m\u00e1xima distinci\u00f3n, la Orden de la Democracia Sim\u00f3n Bol\u00edvar\u00bb, al fallecido dirigente Hernando Jos\u00e9 Padau\u00ed \u00c1lvarez.<\/p>\n<p>El homenaje ser\u00e1 en la sesi\u00f3n plenaria de este mi\u00e9rcoles 16 de junio, a las 2 de la tarde, y se podr\u00e1 apreciar por la transmisi\u00f3n en Canal del Congreso de TV, Facebook y YouTube.<\/p>\n<p>Padau\u00ed falleci\u00f3 el 30 de abril en Cartagena de Indias, v\u00edctima de la pandemia de Covid19. Era militante del partido Cambio Radical, se desempe\u00f1aba como diputado de la Asamblea de Bol\u00edvar al momento de su deceso, y por tres periodos consecutivos fue Representante a la C\u00e1mara, donde ocup\u00f3 altas dignidades como presidente de la Comisi\u00f3n III.<\/p>\n<p>Fue alcalde de su ciudad natal, Magangu\u00e9, y en las \u00faltimas elecciones particip\u00f3 como candidato a la Gobernaci\u00f3n de Bol\u00edvar.<\/p>\n<p>La representante a la C\u00e1mara por Bol\u00edvar, del partido Cambio Radical, Karen Cure, se ha hecho cargo de impulsar este homenaje, e invita a la ciudadan\u00eda a presenciar desde la virtualidad este reconocimiento a la trayectoria pol\u00edtica de su coterr\u00e1neo Hernando Padau\u00ed \u00c1lvarez.<\/p>\n","protected":false},"excerpt":{"rendered":"<p>Bogot\u00e1, 16 de junio de 2021.- La C\u00e1mara de Representantes conferir\u00e1 su m\u00e1xima distinci\u00f3n, la Orden de la Democracia Sim\u00f3n Bol\u00edvar\u00bb, al fallecido dirigente Hernando Jos\u00e9 Padau\u00ed \u00c1lvarez. El homenaje ser\u00e1 en la sesi\u00f3n plenaria de este mi\u00e9rcoles 16 de junio, a las 2 de la tarde, y se podr\u00e1 apreciar por la transmisi\u00f3n en Canal del Congreso de TV, Facebook y YouTube. Padau\u00ed falleci\u00f3 el 30 de abril en Cartagena de Indias, v\u00edctima de la pandemia de Covid19. Era militante del partido Cambio Radical, se desempe\u00f1aba como diputado de&#8230; <\/p>\n","protected":false},"author":3,"featured_media":40780,"comment_status":"closed","ping_status":"closed","sticky":false,"template":"","format":"standard","meta":{"footnotes":"","_links_to":"","_links_to_target":""},"categories":[336,4],"tags":[338,298],"class_list":["post-40779","post","type-post","status-publish","format-standard","has-post-thumbnail","hentry","category-camara-de-representantes","category-politica","tag-camara-de-representantes","tag-politica"],"_links":{"self":[{"href":"https:\/\/revistazetta.com\/index.php?rest_route=\/wp\/v2\/posts\/40779","targetHints":{"allow":["GET"]}}],"collection":[{"href":"https:\/\/revistazetta.com\/index.php?rest_route=\/wp\/v2\/posts"}],"about":[{"href":"https:\/\/revistazetta.com\/index.php?rest_route=\/wp\/v2\/types\/post"}],"author":[{"embeddable":true,"href":"https:\/\/revistazetta.com\/index.php?rest_route=\/wp\/v2\/users\/3"}],"replies":[{"embeddable":true,"href":"https:\/\/revistazetta.com\/index.php?rest_route=%2Fwp%2Fv2%2Fcomments&post=40779"}],"version-history":[{"count":0,"href":"https:\/\/revistazetta.com\/index.php?rest_route=\/wp\/v2\/posts\/40779\/revisions"}],"wp:featuredmedia":[{"embeddable":true,"href":"https:\/\/revistazetta.com\/index.php?rest_route=\/wp\/v2\/media\/40780"}],"wp:attachment":[{"href":"https:\/\/revistazetta.com\/index.php?rest_route=%2Fwp%2Fv2%2Fmedia&parent=40779"}],"wp:term":[{"taxonomy":"category","embeddable":true,"href":"https:\/\/revistazetta.com\/index.php?rest_route=%2Fwp%2Fv2%2Fcategories&post=40779"},{"taxonomy":"post_tag","embeddable":true,"href":"https:\/\/revistazetta.com\/index.php?rest_route=%2Fwp%2Fv2%2Ftags&post=40779"}],"curies":[{"name":"wp","href":"https:\/\/api.w.org\/{rel}","templated":true}]}}