{"id":40786,"date":"2021-06-16T15:44:15","date_gmt":"2021-06-16T20:44:15","guid":{"rendered":"https:\/\/revistazetta.com\/?p=40786"},"modified":"2021-06-16T15:44:15","modified_gmt":"2021-06-16T20:44:15","slug":"su-mayor-gloria-fue-ser-padre-homenaje-postumo-a-hernando-padaui","status":"publish","type":"post","link":"https:\/\/revistazetta.com\/?p=40786","title":{"rendered":"\u201cSu mayor gloria fue ser padre\u201d: Homenaje p\u00f3stumo a Hernando Padau\u00ed"},"content":{"rendered":"<blockquote><p><span style=\"color: #000080;\"><em>Emotivo homenaje p\u00f3stumo a Hernando Padau\u00ed en la C\u00e1mara de Representantes, que le confiri\u00f3 la Orden de la Democracia Sim\u00f3n Bol\u00edvar. Su viuda y su hija recibieron la distinci\u00f3n.<\/em><\/span><\/p><\/blockquote>\n<p><strong>Bogot\u00e1, 16 de junio de 2021.-<\/strong>\u00a0\u00abNando vivi\u00f3 con intensidad sus 53 a\u00f1os de vida, pero su mayor gloria fue ser padre\u00bb. Con estas palabras de evocaci\u00f3n, y luchando por contener las l\u00e1grimas, se expres\u00f3 Diana C\u00e1ceres, viuda de Hernando Padau\u00ed, en el homenaje que le rindi\u00f3 la C\u00e1mara de Representantes en su sesi\u00f3n plenaria de este mi\u00e9rcoles.<\/p>\n<p>Al agradecer a todos los que le han expresado su respeto a la memoria de su finado compa\u00f1ero, la se\u00f1ora C\u00e1ceres comparti\u00f3 una reflexi\u00f3n sobre lo ef\u00edmera que puede resultar la vida humana, pero que hace parte de los designios de Dios, que todo lo sabe y todo lo puede.<\/p>\n<p>En la ceremonia estuvo la peque\u00f1a hija de Padau\u00ed,\u00a0Luna Mar\u00eda Padau\u00ed C\u00e1ceres, que recibi\u00f3 las muestras de aprecio de quienes se congregaron para exaltar la memoria y trayectoria pol\u00edtica de su padre.<\/p>\n<p>La C\u00e1mara de Representantes le confiri\u00f3 la Orden de la Democracia \u00abSim\u00f3n Bol\u00edvar\u00bb, colocando como ejemplo para las nuevas generaciones la trayectoria de Padau\u00ed, quien consagr\u00f3 su vida al estudio, al graduarse como m\u00e9dico y, luego, como abogado; tambi\u00e9n tuvo una destacada trayectoria pol\u00edtica, en la que fue alcalde de su ciudad natal, Magangu\u00e9; secretario de Minas y Energ\u00eda, representante a la C\u00e1mara por tres periodos consecutivos, candidato a la Gobernaci\u00f3n de Bol\u00edvar y diputado de la Asamblea Departamental de Bol\u00edvar.<\/p>\n<p>Al homenaje se sum\u00f3 tambi\u00e9n el Partido Cambio Radical, donde militaba Padau\u00ed \u00c1lvarez, que le extendi\u00f3 una resoluci\u00f3n de honores y le entreg\u00f3 un pergamino a su viuda y su hija.<\/p>\n<p>La representante a la C\u00e1mara por Bol\u00edvar, Karen Cure, estuvo al frente de este homenaje p\u00f3stumo, ya que adem\u00e1s de ser oriundos de Magangu\u00e9 y militar en el mismo partido Cambio Radical, les un\u00eda gran amistad entre sus familias.<\/p>\n<p>Tambi\u00e9n estuvo presente el representante por Bol\u00edvar, el tambi\u00e9n maganguele\u00f1o Yamil Arana Padau\u00ed, sobrino de Padau\u00ed \u00c1lvarez.<\/p>\n<p><img loading=\"lazy\" decoding=\"async\" class=\"alignnone size-medium wp-image-40795\" src=\"https:\/\/revistazetta.com\/wp-content\/uploads\/2021\/06\/WhatsApp-Image-2021-06-16-at-2.54.46-PM-299x400.jpeg\" alt=\"\" width=\"299\" height=\"400\" srcset=\"https:\/\/revistazetta.com\/wp-content\/uploads\/2021\/06\/WhatsApp-Image-2021-06-16-at-2.54.46-PM-299x400.jpeg 299w, https:\/\/revistazetta.com\/wp-content\/uploads\/2021\/06\/WhatsApp-Image-2021-06-16-at-2.54.46-PM-766x1024.jpeg 766w, https:\/\/revistazetta.com\/wp-content\/uploads\/2021\/06\/WhatsApp-Image-2021-06-16-at-2.54.46-PM.jpeg 958w\" sizes=\"auto, (max-width: 299px) 100vw, 299px\" \/> <img loading=\"lazy\" decoding=\"async\" class=\"alignnone size-medium wp-image-40794\" src=\"https:\/\/revistazetta.com\/wp-content\/uploads\/2021\/06\/WhatsApp-Image-2021-06-16-at-2.54.30-PM-299x400.jpeg\" alt=\"\" width=\"299\" height=\"400\" srcset=\"https:\/\/revistazetta.com\/wp-content\/uploads\/2021\/06\/WhatsApp-Image-2021-06-16-at-2.54.30-PM-299x400.jpeg 299w, https:\/\/revistazetta.com\/wp-content\/uploads\/2021\/06\/WhatsApp-Image-2021-06-16-at-2.54.30-PM-766x1024.jpeg 766w, https:\/\/revistazetta.com\/wp-content\/uploads\/2021\/06\/WhatsApp-Image-2021-06-16-at-2.54.30-PM.jpeg 958w\" sizes=\"auto, (max-width: 299px) 100vw, 299px\" \/> <img loading=\"lazy\" decoding=\"async\" class=\"alignnone size-medium wp-image-40793\" src=\"https:\/\/revistazetta.com\/wp-content\/uploads\/2021\/06\/WhatsApp-Image-2021-06-16-at-2.54.30-PM-3-299x400.jpeg\" alt=\"\" width=\"299\" height=\"400\" srcset=\"https:\/\/revistazetta.com\/wp-content\/uploads\/2021\/06\/WhatsApp-Image-2021-06-16-at-2.54.30-PM-3-299x400.jpeg 299w, https:\/\/revistazetta.com\/wp-content\/uploads\/2021\/06\/WhatsApp-Image-2021-06-16-at-2.54.30-PM-3-766x1024.jpeg 766w, https:\/\/revistazetta.com\/wp-content\/uploads\/2021\/06\/WhatsApp-Image-2021-06-16-at-2.54.30-PM-3.jpeg 958w\" sizes=\"auto, (max-width: 299px) 100vw, 299px\" \/> <img loading=\"lazy\" decoding=\"async\" class=\"alignnone size-medium wp-image-40792\" src=\"https:\/\/revistazetta.com\/wp-content\/uploads\/2021\/06\/WhatsApp-Image-2021-06-16-at-2.54.30-PM-2-299x400.jpeg\" alt=\"\" width=\"299\" height=\"400\" srcset=\"https:\/\/revistazetta.com\/wp-content\/uploads\/2021\/06\/WhatsApp-Image-2021-06-16-at-2.54.30-PM-2-299x400.jpeg 299w, https:\/\/revistazetta.com\/wp-content\/uploads\/2021\/06\/WhatsApp-Image-2021-06-16-at-2.54.30-PM-2-766x1024.jpeg 766w, https:\/\/revistazetta.com\/wp-content\/uploads\/2021\/06\/WhatsApp-Image-2021-06-16-at-2.54.30-PM-2.jpeg 958w\" sizes=\"auto, (max-width: 299px) 100vw, 299px\" \/> <img loading=\"lazy\" decoding=\"async\" class=\"alignnone size-medium wp-image-40791\" src=\"https:\/\/revistazetta.com\/wp-content\/uploads\/2021\/06\/WhatsApp-Image-2021-06-16-at-2.54.30-PM-1-299x400.jpeg\" alt=\"\" width=\"299\" height=\"400\" srcset=\"https:\/\/revistazetta.com\/wp-content\/uploads\/2021\/06\/WhatsApp-Image-2021-06-16-at-2.54.30-PM-1-299x400.jpeg 299w, https:\/\/revistazetta.com\/wp-content\/uploads\/2021\/06\/WhatsApp-Image-2021-06-16-at-2.54.30-PM-1-766x1024.jpeg 766w, https:\/\/revistazetta.com\/wp-content\/uploads\/2021\/06\/WhatsApp-Image-2021-06-16-at-2.54.30-PM-1.jpeg 958w\" sizes=\"auto, (max-width: 299px) 100vw, 299px\" \/> <img loading=\"lazy\" decoding=\"async\" class=\"alignnone size-medium wp-image-40790\" src=\"https:\/\/revistazetta.com\/wp-content\/uploads\/2021\/06\/Picho-4-400x283.png\" alt=\"\" width=\"400\" height=\"283\" srcset=\"https:\/\/revistazetta.com\/wp-content\/uploads\/2021\/06\/Picho-4-400x283.png 400w, https:\/\/revistazetta.com\/wp-content\/uploads\/2021\/06\/Picho-4-1024x724.png 1024w, https:\/\/revistazetta.com\/wp-content\/uploads\/2021\/06\/Picho-4.png 1462w\" sizes=\"auto, (max-width: 400px) 100vw, 400px\" \/> <img loading=\"lazy\" decoding=\"async\" class=\"alignnone size-medium wp-image-40789\" src=\"https:\/\/revistazetta.com\/wp-content\/uploads\/2021\/06\/Picho-3-400x242.png\" alt=\"\" width=\"400\" height=\"242\" srcset=\"https:\/\/revistazetta.com\/wp-content\/uploads\/2021\/06\/Picho-3-400x242.png 400w, https:\/\/revistazetta.com\/wp-content\/uploads\/2021\/06\/Picho-3-1024x620.png 1024w, https:\/\/revistazetta.com\/wp-content\/uploads\/2021\/06\/Picho-3.png 1308w\" sizes=\"auto, (max-width: 400px) 100vw, 400px\" \/> <img loading=\"lazy\" decoding=\"async\" class=\"alignnone size-medium wp-image-40788\" src=\"https:\/\/revistazetta.com\/wp-content\/uploads\/2021\/06\/Picho-2-400x247.png\" alt=\"\" width=\"400\" height=\"247\" srcset=\"https:\/\/revistazetta.com\/wp-content\/uploads\/2021\/06\/Picho-2-400x247.png 400w, https:\/\/revistazetta.com\/wp-content\/uploads\/2021\/06\/Picho-2.png 944w\" sizes=\"auto, (max-width: 400px) 100vw, 400px\" \/> <img loading=\"lazy\" decoding=\"async\" class=\"alignnone size-medium wp-image-40787\" src=\"https:\/\/revistazetta.com\/wp-content\/uploads\/2021\/06\/Picho-1-400x247.png\" alt=\"\" width=\"400\" height=\"247\" srcset=\"https:\/\/revistazetta.com\/wp-content\/uploads\/2021\/06\/Picho-1-400x247.png 400w, https:\/\/revistazetta.com\/wp-content\/uploads\/2021\/06\/Picho-1-1024x633.png 1024w, https:\/\/revistazetta.com\/wp-content\/uploads\/2021\/06\/Picho-1.png 1118w\" sizes=\"auto, (max-width: 400px) 100vw, 400px\" \/><\/p>\n","protected":false},"excerpt":{"rendered":"<p>Emotivo homenaje p\u00f3stumo a Hernando Padau\u00ed en la C\u00e1mara de Representantes, que le confiri\u00f3 la Orden de la Democracia Sim\u00f3n Bol\u00edvar. Su viuda y su hija recibieron la distinci\u00f3n. Bogot\u00e1, 16 de junio de 2021.-\u00a0\u00abNando vivi\u00f3 con intensidad sus 53 a\u00f1os de vida, pero su mayor gloria fue ser padre\u00bb. Con estas palabras de evocaci\u00f3n, y luchando por contener las l\u00e1grimas, se expres\u00f3 Diana C\u00e1ceres, viuda de Hernando Padau\u00ed, en el homenaje que le rindi\u00f3 la C\u00e1mara de Representantes en su sesi\u00f3n plenaria de este mi\u00e9rcoles. Al agradecer a todos&#8230; <\/p>\n","protected":false},"author":3,"featured_media":40796,"comment_status":"closed","ping_status":"closed","sticky":false,"template":"","format":"standard","meta":{"footnotes":"","_links_to":"","_links_to_target":""},"categories":[336,4],"tags":[338,298],"class_list":["post-40786","post","type-post","status-publish","format-standard","has-post-thumbnail","hentry","category-camara-de-representantes","category-politica","tag-camara-de-representantes","tag-politica"],"_links":{"self":[{"href":"https:\/\/revistazetta.com\/index.php?rest_route=\/wp\/v2\/posts\/40786","targetHints":{"allow":["GET"]}}],"collection":[{"href":"https:\/\/revistazetta.com\/index.php?rest_route=\/wp\/v2\/posts"}],"about":[{"href":"https:\/\/revistazetta.com\/index.php?rest_route=\/wp\/v2\/types\/post"}],"author":[{"embeddable":true,"href":"https:\/\/revistazetta.com\/index.php?rest_route=\/wp\/v2\/users\/3"}],"replies":[{"embeddable":true,"href":"https:\/\/revistazetta.com\/index.php?rest_route=%2Fwp%2Fv2%2Fcomments&post=40786"}],"version-history":[{"count":0,"href":"https:\/\/revistazetta.com\/index.php?rest_route=\/wp\/v2\/posts\/40786\/revisions"}],"wp:featuredmedia":[{"embeddable":true,"href":"https:\/\/revistazetta.com\/index.php?rest_route=\/wp\/v2\/media\/40796"}],"wp:attachment":[{"href":"https:\/\/revistazetta.com\/index.php?rest_route=%2Fwp%2Fv2%2Fmedia&parent=40786"}],"wp:term":[{"taxonomy":"category","embeddable":true,"href":"https:\/\/revistazetta.com\/index.php?rest_route=%2Fwp%2Fv2%2Fcategories&post=40786"},{"taxonomy":"post_tag","embeddable":true,"href":"https:\/\/revistazetta.com\/index.php?rest_route=%2Fwp%2Fv2%2Ftags&post=40786"}],"curies":[{"name":"wp","href":"https:\/\/api.w.org\/{rel}","templated":true}]}}