{"id":40983,"date":"2021-06-29T12:14:49","date_gmt":"2021-06-29T17:14:49","guid":{"rendered":"https:\/\/revistazetta.com\/?p=40983"},"modified":"2021-06-29T12:14:49","modified_gmt":"2021-06-29T17:14:49","slug":"mujer-salud-y-deporte-liderazgos-ejemplares-en-cartagena","status":"publish","type":"post","link":"https:\/\/revistazetta.com\/?p=40983","title":{"rendered":"Mujer, salud y deporte: liderazgos ejemplares en Cartagena"},"content":{"rendered":"<p><b>Cartagena de Indias, 29 de junio de 2021.-<\/b> Las campeonas Chechy Baena y Berenice Moreno, junto a la directora del IDER, Viviana Londo\u00f1o, confirmaron la val\u00eda del liderazgo femenino en el deporte.<\/p>\n<p>Sus reflexiones en torno a los efectos de la pandemia en el deporte, la manera en que el g\u00e9nero femenino compite o se complementa con el masculino, los valores que se inculcan a las nuevas generaciones, y el legado que su trabajo en la sociedad, fueron insumos de un<span class=\"Apple-converted-space\">\u00a0 <\/span>edificante di\u00e1logo cumplido en el conversatorio \u201cMujer, Salud y Deporte\u201d, que se cumpli\u00f3 este lunes por Facebook Live.<\/p>\n<p>El conversatorio fue el broche de oro para la \u201cSemana de la Mujer en la Salud\u201d, organizado por Revista Zetta y la Secretar\u00eda de la Mujer de la Gobernaci\u00f3n de Bol\u00edvar.<\/p>\n<p>Este es el resumen de la conversaci\u00f3n:<\/p>\n<p><iframe loading=\"lazy\" title=\"YouTube video player\" src=\"https:\/\/www.youtube.com\/embed\/dGHTBlsDmAw\" width=\"560\" height=\"315\" frameborder=\"0\" allowfullscreen=\"allowfullscreen\"><\/iframe><\/p>\n<p>&nbsp;<\/p>\n<p>Y aqu\u00ed se puede apreciar en la totalidad el conversatorio:<\/p>\n<p><iframe loading=\"lazy\" style=\"border: none; overflow: hidden;\" src=\"https:\/\/www.facebook.com\/plugins\/video.php?height=314&amp;href=https%3A%2F%2Fwww.facebook.com%2FRevistaZetta%2Fvideos%2F295025629087810%2F&amp;show_text=false&amp;width=560&amp;t=0\" width=\"560\" height=\"314\" frameborder=\"0\" scrolling=\"no\" allowfullscreen=\"allowfullscreen\"><\/iframe><\/p>\n","protected":false},"excerpt":{"rendered":"<p>Cartagena de Indias, 29 de junio de 2021.- Las campeonas Chechy Baena y Berenice Moreno, junto a la directora del IDER, Viviana Londo\u00f1o, confirmaron la val\u00eda del liderazgo femenino en el deporte. Sus reflexiones en torno a los efectos de la pandemia en el deporte, la manera en que el g\u00e9nero femenino compite o se complementa con el masculino, los valores que se inculcan a las nuevas generaciones, y el legado que su trabajo en la sociedad, fueron insumos de un\u00a0 edificante di\u00e1logo cumplido en el conversatorio \u201cMujer, Salud y&#8230; <\/p>\n","protected":false},"author":3,"featured_media":40984,"comment_status":"closed","ping_status":"closed","sticky":false,"template":"","format":"standard","meta":{"footnotes":"","_links_to":"","_links_to_target":""},"categories":[2,75],"tags":[294,285],"class_list":["post-40983","post","type-post","status-publish","format-standard","has-post-thumbnail","hentry","category-actualidad","category-destacada","tag-actualidad","tag-destacada"],"_links":{"self":[{"href":"https:\/\/revistazetta.com\/index.php?rest_route=\/wp\/v2\/posts\/40983","targetHints":{"allow":["GET"]}}],"collection":[{"href":"https:\/\/revistazetta.com\/index.php?rest_route=\/wp\/v2\/posts"}],"about":[{"href":"https:\/\/revistazetta.com\/index.php?rest_route=\/wp\/v2\/types\/post"}],"author":[{"embeddable":true,"href":"https:\/\/revistazetta.com\/index.php?rest_route=\/wp\/v2\/users\/3"}],"replies":[{"embeddable":true,"href":"https:\/\/revistazetta.com\/index.php?rest_route=%2Fwp%2Fv2%2Fcomments&post=40983"}],"version-history":[{"count":0,"href":"https:\/\/revistazetta.com\/index.php?rest_route=\/wp\/v2\/posts\/40983\/revisions"}],"wp:featuredmedia":[{"embeddable":true,"href":"https:\/\/revistazetta.com\/index.php?rest_route=\/wp\/v2\/media\/40984"}],"wp:attachment":[{"href":"https:\/\/revistazetta.com\/index.php?rest_route=%2Fwp%2Fv2%2Fmedia&parent=40983"}],"wp:term":[{"taxonomy":"category","embeddable":true,"href":"https:\/\/revistazetta.com\/index.php?rest_route=%2Fwp%2Fv2%2Fcategories&post=40983"},{"taxonomy":"post_tag","embeddable":true,"href":"https:\/\/revistazetta.com\/index.php?rest_route=%2Fwp%2Fv2%2Ftags&post=40983"}],"curies":[{"name":"wp","href":"https:\/\/api.w.org\/{rel}","templated":true}]}}