{"id":40992,"date":"2021-07-05T06:25:09","date_gmt":"2021-07-05T11:25:09","guid":{"rendered":"https:\/\/revistazetta.com\/?p=40992"},"modified":"2021-07-05T06:25:09","modified_gmt":"2021-07-05T11:25:09","slug":"comenzo-a-regir-nuevo-pico-y-placa-para-taxis-y-vehiculos-particulares","status":"publish","type":"post","link":"https:\/\/revistazetta.com\/?p=40992","title":{"rendered":"Comenz\u00f3 a regir nuevo pico y placa para taxis y veh\u00edculos particulares"},"content":{"rendered":"<blockquote><p>La nueva rotaci\u00f3n para taxis iniciar\u00e1 este lunes festivo, 5 de julio de 2021.\u00a0Los d\u00edgitos para veh\u00edculos particulares rotar\u00e1n desde el martes 6 de julio hasta el mes de octubre de 2021.<\/p><\/blockquote>\n<p><strong>Cartagena de Indias, D. T. y C., 5 de julio de 2021.<\/strong> Un nuevo pico y placa comenz\u00f3 a regir para los veh\u00edculos tipo taxis y particulares conforme a los decretos de la Alcald\u00eda Distrital en torno a las medidas de restricci\u00f3n a la circulaci\u00f3n en la ciudad.<\/p>\n<p>Para el caso de los particulares, seg\u00fan lo estipulado en el Decreto 010 de enero 5 de 2021, la nueva rotaci\u00f3n de acuerdo con el \u00faltimo d\u00edgito de la matr\u00edcula del automotor tendr\u00e1 una vigencia durante el trimestre del a\u00f1o, comprendido desde el martes 6 de julio hasta el 1 de octubre de 2021.<\/p>\n<blockquote><p>De acuerdo con lo anterior, la circulaci\u00f3n de veh\u00edculos particulares queda restringida de 7:00 a.m. a 10:00 a.m. y de 5:00 p.m. a 8:00 p.m. de lunes a viernes, bajo la siguiente rotaci\u00f3n:<\/p>\n<p>Lunes: 9-0<br \/>\nMartes: 1-2<br \/>\nMi\u00e9rcoles: 3-4<br \/>\nJueves: 5-6<br \/>\nViernes: 7-8<\/p><\/blockquote>\n<p><img loading=\"lazy\" decoding=\"async\" class=\"alignnone size-medium wp-image-40995\" src=\"https:\/\/revistazetta.com\/wp-content\/uploads\/2021\/07\/WhatsApp-Image-2021-07-01-at-3.51.04-PM-400x400.jpeg\" alt=\"\" width=\"400\" height=\"400\" srcset=\"https:\/\/revistazetta.com\/wp-content\/uploads\/2021\/07\/WhatsApp-Image-2021-07-01-at-3.51.04-PM-400x400.jpeg 400w, https:\/\/revistazetta.com\/wp-content\/uploads\/2021\/07\/WhatsApp-Image-2021-07-01-at-3.51.04-PM-1024x1024.jpeg 1024w, https:\/\/revistazetta.com\/wp-content\/uploads\/2021\/07\/WhatsApp-Image-2021-07-01-at-3.51.04-PM-300x300.jpeg 300w, https:\/\/revistazetta.com\/wp-content\/uploads\/2021\/07\/WhatsApp-Image-2021-07-01-at-3.51.04-PM-80x80.jpeg 80w, https:\/\/revistazetta.com\/wp-content\/uploads\/2021\/07\/WhatsApp-Image-2021-07-01-at-3.51.04-PM.jpeg 1280w\" sizes=\"auto, (max-width: 400px) 100vw, 400px\" \/><\/p>\n<p>Taxis rotan desde este festivo<\/p>\n<p>Establecido en el Decreto 820 del 26 de agosto de 2020, los taxis circular\u00e1n entre las 6:00 a.m. y las 6:00 a.m. del d\u00eda siguiente, de lunes a viernes, con los siguientes d\u00edgitos a partir del pr\u00f3ximo lunes festivo 5 de julio hasta el 30 de julio de este a\u00f1o:<\/p>\n<p>Lunes 9-0<br \/>\nMartes 1-2<br \/>\nMi\u00e9rcoles 3-4<br \/>\nJueves 5-6<br \/>\nViernes 7-8<\/p>\n<p><img loading=\"lazy\" decoding=\"async\" class=\"alignnone size-medium wp-image-40994\" src=\"https:\/\/revistazetta.com\/wp-content\/uploads\/2021\/07\/WhatsApp-Image-2021-07-01-at-3.51.03-PM-400x400.jpeg\" alt=\"\" width=\"400\" height=\"400\" srcset=\"https:\/\/revistazetta.com\/wp-content\/uploads\/2021\/07\/WhatsApp-Image-2021-07-01-at-3.51.03-PM-400x400.jpeg 400w, https:\/\/revistazetta.com\/wp-content\/uploads\/2021\/07\/WhatsApp-Image-2021-07-01-at-3.51.03-PM-1024x1024.jpeg 1024w, https:\/\/revistazetta.com\/wp-content\/uploads\/2021\/07\/WhatsApp-Image-2021-07-01-at-3.51.03-PM-300x300.jpeg 300w, https:\/\/revistazetta.com\/wp-content\/uploads\/2021\/07\/WhatsApp-Image-2021-07-01-at-3.51.03-PM-80x80.jpeg 80w, https:\/\/revistazetta.com\/wp-content\/uploads\/2021\/07\/WhatsApp-Image-2021-07-01-at-3.51.03-PM.jpeg 1280w\" sizes=\"auto, (max-width: 400px) 100vw, 400px\" \/><\/p>\n<p>El DATT reitera que podr\u00e1n circular los taxis que se encuentren en labores de mantenimiento, desmontando la silla trasera y portando un aviso en el vidrio frontal: \u201cVeh\u00edculo en mantenimiento por Pico y Placa\u201d.<\/p>\n<p>A los taxistas y conductores que incumplan estas medidas de restricci\u00f3n, el organismo de tr\u00e1nsito impondr\u00e1 la orden de comparendo por la infracci\u00f3n en la categor\u00eda C14 del C\u00f3digo Nacional de Tr\u00e1nsito: Transitar por sitios restringidos o en horas prohibidas por la autoridad competente; el veh\u00edculo adem\u00e1s ser\u00e1 inmovilizado. La multa ser\u00e1 impuesta al conductor y al propietario del veh\u00edculo por una suma de 15 Salarios M\u00ednimo Legales Diarios Vigentes, SMLDV.<\/p>\n<p>Como medida excepcional se autoriza la circulaci\u00f3n a los veh\u00edculos que se vean afectados por el \u201cpico y placa\u201d, siempre que demuestren su ingreso a Cartagena con el respectivo comprobante de pago del \u00faltimo peaje.<\/p>\n<p>Estas restricciones se aplican para contribuir a la descongesti\u00f3n vehicular, mejorar el flujo de automotores y disminuir los \u00edndices de accidentalidad en el Distrito. Se recuerda tambi\u00e9n que mientras subsista la pandemia generada por el Covid-19 en la ciudad, los conductores de todos los veh\u00edculos y sus usuarios deber\u00e1n utilizar el tapabocas de manera permanente.<\/p>\n<p>Consulte Decreto de restricci\u00f3n a taxis aqu\u00ed:<\/p>\n<p><a href=\"https:\/\/www.transitocartagena.gov.co\/links\/Decretos\/Decretos_2018\/Decreto_0820.PDF\" target=\"_blank\" rel=\"noopener\">https:\/\/www.transitocartagena.gov.co\/links\/Decretos\/Decretos_2018\/Decreto_0820.PDF<\/a><\/p>\n<p>Consulte aqu\u00ed Decreto de restricci\u00f3n a veh\u00edculos particulares:<\/p>\n<p><a href=\"https:\/\/www.transitocartagena.gov.co\/links\/Decretos\/Decretos_2018\/Decreto_0010.PDF\" target=\"_blank\" rel=\"noopener\">https:\/\/www.transitocartagena.gov.co\/links\/Decretos\/Decretos_2018\/Decreto_0010.PDF<\/a><\/p>\n","protected":false},"excerpt":{"rendered":"<p>La nueva rotaci\u00f3n para taxis iniciar\u00e1 este lunes festivo, 5 de julio de 2021.\u00a0Los d\u00edgitos para veh\u00edculos particulares rotar\u00e1n desde el martes 6 de julio hasta el mes de octubre de 2021. Cartagena de Indias, D. T. y C., 5 de julio de 2021. Un nuevo pico y placa comenz\u00f3 a regir para los veh\u00edculos tipo taxis y particulares conforme a los decretos de la Alcald\u00eda Distrital en torno a las medidas de restricci\u00f3n a la circulaci\u00f3n en la ciudad. Para el caso de los particulares, seg\u00fan lo estipulado en&#8230; <\/p>\n","protected":false},"author":3,"featured_media":40993,"comment_status":"closed","ping_status":"closed","sticky":false,"template":"","format":"standard","meta":{"footnotes":"","_links_to":"","_links_to_target":""},"categories":[75],"tags":[],"class_list":["post-40992","post","type-post","status-publish","format-standard","has-post-thumbnail","hentry","category-destacada"],"_links":{"self":[{"href":"https:\/\/revistazetta.com\/index.php?rest_route=\/wp\/v2\/posts\/40992","targetHints":{"allow":["GET"]}}],"collection":[{"href":"https:\/\/revistazetta.com\/index.php?rest_route=\/wp\/v2\/posts"}],"about":[{"href":"https:\/\/revistazetta.com\/index.php?rest_route=\/wp\/v2\/types\/post"}],"author":[{"embeddable":true,"href":"https:\/\/revistazetta.com\/index.php?rest_route=\/wp\/v2\/users\/3"}],"replies":[{"embeddable":true,"href":"https:\/\/revistazetta.com\/index.php?rest_route=%2Fwp%2Fv2%2Fcomments&post=40992"}],"version-history":[{"count":0,"href":"https:\/\/revistazetta.com\/index.php?rest_route=\/wp\/v2\/posts\/40992\/revisions"}],"wp:featuredmedia":[{"embeddable":true,"href":"https:\/\/revistazetta.com\/index.php?rest_route=\/wp\/v2\/media\/40993"}],"wp:attachment":[{"href":"https:\/\/revistazetta.com\/index.php?rest_route=%2Fwp%2Fv2%2Fmedia&parent=40992"}],"wp:term":[{"taxonomy":"category","embeddable":true,"href":"https:\/\/revistazetta.com\/index.php?rest_route=%2Fwp%2Fv2%2Fcategories&post=40992"},{"taxonomy":"post_tag","embeddable":true,"href":"https:\/\/revistazetta.com\/index.php?rest_route=%2Fwp%2Fv2%2Ftags&post=40992"}],"curies":[{"name":"wp","href":"https:\/\/api.w.org\/{rel}","templated":true}]}}