{"id":40996,"date":"2021-07-05T06:34:44","date_gmt":"2021-07-05T11:34:44","guid":{"rendered":"https:\/\/revistazetta.com\/?p=40996"},"modified":"2021-07-05T06:34:44","modified_gmt":"2021-07-05T11:34:44","slug":"iguanas-de-cardique-regresa-con-mas-fuerza-en-el-2021","status":"publish","type":"post","link":"https:\/\/revistazetta.com\/?p=40996","title":{"rendered":"Iguanas de Cardique regresa con m\u00e1s fuerza en el 2021"},"content":{"rendered":"<p><strong>Cartagena de Indias, julio 5 de 2021.<\/strong> El Programa Iguanas II, que desarrolla la Corporaci\u00f3n Aut\u00f3noma Regional del Canal del Dique (Cardique) en alianza con la fundaci\u00f3n Ser Mejor, regres\u00f3 con m\u00e1s fuerza en este 2021 para fortalecer la educaci\u00f3n ambiental en la jurisdicci\u00f3n.<\/p>\n<p>IGUANAS (Innovaci\u00f3n Educativa en Gesti\u00f3n y Uso Amigable de los Recursos Naturales para un Ambiente Sostenible) llega recargado con cinco prop\u00f3sitos que buscan fortalecer el aprendizaje en temas ambientales a la poblaci\u00f3n de 21 municipios del norte y centro de Bol\u00edvar, que hacen parte de la jurisdicci\u00f3n de Cardique, incluyendo la zona insular. A juicio del director de Cardique, \u00c1ngelo Bacci Hern\u00e1ndez, se busca crear una cultura de cuidado y conservaci\u00f3n que genere desarrollo social, econ\u00f3mico y ambiental sostenible.<\/p>\n<p>Los cinco prop\u00f3sitos de Iguanas II para el 2021, son:<\/p>\n<p>1.- Escuadr\u00f3n protector: Llegamos con el aula m\u00f3vil para educar en el cuidado de la fauna silvestre, acompa\u00f1ar los operativos anti tr\u00e1fico y conformar la Red Escuadr\u00f3n Protector de Especies en los municipios.<\/p>\n<p>2.- Eudoentretenido: Este a\u00f1o lanzamos el concurso a mejor cuento o canci\u00f3n y video ambiental. Adem\u00e1s, llevamos nuestra maleta educativa a cada rinc\u00f3n de los 21 municipios de la jurisdicci\u00f3n de Cardique para vivir una experiencia de aprendizaje ambiental divertida, basada en el juego porque lo que se aprende jugando jam\u00e1s se olvida.<\/p>\n<p>3.- En Mi techo Cosecho: Instalamos huertas inteligentes productivas en patios de decenas de hogares para crear negocios verdes y armar las red de l\u00edderes cultivadores que generen alimentos org\u00e1nicos bajo una nueva marca territorial.<\/p>\n<p>4.- Sobrenatural: Entregamos estudios de grabaci\u00f3n musical a j\u00f3venes para que creen sus propias canciones y programas ambientales. Adem\u00e1s, lanzamos la serie animada \u201cMas Humanos\u201d para que ni\u00f1os y ni\u00f1as aprendan junto a sus padres formas de conservar el planeta. De igual forma, creamos la emisora Online Iguanas que con las dem\u00e1s emisoras comunitarias existentes se encargar\u00e1 de difundir programas de educaci\u00f3n ambiental.<\/p>\n<p>5.- Gente de ambiente: Nuestros gu\u00edas tur\u00edsticos de la zona insular ahora ser\u00e1n agentes protectores, pues les entregamos la maleta de conservaci\u00f3n que les permitir\u00e1 conocer m\u00e1s sobre sus ecosistemas y proponer soluciones innovadoras a sus problem\u00e1ticas ambientales.<\/p>\n<p>Pero adem\u00e1s, Iguanas II inici\u00f3 la entrega de LudotecApps, que son herramientas did\u00e1cticas que vienen con actividades l\u00fadicas de educaci\u00f3n ambiental, pensadas para desarrollar conciencia ambiental en ni\u00f1os y j\u00f3venes de Instituciones Educativas, en los municipios y corregimientos que hacen parte de la jurisdicci\u00f3n de Cardique. Se han entregado en Arroyo de Las Canoas, Arroyo de Piedra, Turbaco, La Boquilla, Manzanillo y Playa Blanca, en Bar\u00fa.<br \/>\nLas entregas han estado acompa\u00f1adas por ni\u00f1os, padres de familia, docentes y miembros de la Fundaci\u00f3n Ser Mejor, aliados de Cardique en estas estrategias.<\/p>\n<p>\u00abEsperamos seguir contando con Cardique para la realizaci\u00f3n de estas actividades en las instituciones nuestras que tanto necesitan. La conciencia ambiental debe estar presente en nuestros ni\u00f1os, m\u00e1s a\u00fan en tiempos de pandemia\u00bb, dijo Xenia Jim\u00e9nez Lara, docente de la IET Crisanto Luque de Turbaco, Bol\u00edvar.<\/p>\n","protected":false},"excerpt":{"rendered":"<p>Cartagena de Indias, julio 5 de 2021. El Programa Iguanas II, que desarrolla la Corporaci\u00f3n Aut\u00f3noma Regional del Canal del Dique (Cardique) en alianza con la fundaci\u00f3n Ser Mejor, regres\u00f3 con m\u00e1s fuerza en este 2021 para fortalecer la educaci\u00f3n ambiental en la jurisdicci\u00f3n. IGUANAS (Innovaci\u00f3n Educativa en Gesti\u00f3n y Uso Amigable de los Recursos Naturales para un Ambiente Sostenible) llega recargado con cinco prop\u00f3sitos que buscan fortalecer el aprendizaje en temas ambientales a la poblaci\u00f3n de 21 municipios del norte y centro de Bol\u00edvar, que hacen parte de la&#8230; <\/p>\n","protected":false},"author":3,"featured_media":40997,"comment_status":"closed","ping_status":"closed","sticky":false,"template":"","format":"standard","meta":{"footnotes":"","_links_to":"","_links_to_target":""},"categories":[84,80],"tags":[303,300],"class_list":["post-40996","post","type-post","status-publish","format-standard","has-post-thumbnail","hentry","category-ambiente","category-region","tag-ambiente","tag-region"],"_links":{"self":[{"href":"https:\/\/revistazetta.com\/index.php?rest_route=\/wp\/v2\/posts\/40996","targetHints":{"allow":["GET"]}}],"collection":[{"href":"https:\/\/revistazetta.com\/index.php?rest_route=\/wp\/v2\/posts"}],"about":[{"href":"https:\/\/revistazetta.com\/index.php?rest_route=\/wp\/v2\/types\/post"}],"author":[{"embeddable":true,"href":"https:\/\/revistazetta.com\/index.php?rest_route=\/wp\/v2\/users\/3"}],"replies":[{"embeddable":true,"href":"https:\/\/revistazetta.com\/index.php?rest_route=%2Fwp%2Fv2%2Fcomments&post=40996"}],"version-history":[{"count":0,"href":"https:\/\/revistazetta.com\/index.php?rest_route=\/wp\/v2\/posts\/40996\/revisions"}],"wp:featuredmedia":[{"embeddable":true,"href":"https:\/\/revistazetta.com\/index.php?rest_route=\/wp\/v2\/media\/40997"}],"wp:attachment":[{"href":"https:\/\/revistazetta.com\/index.php?rest_route=%2Fwp%2Fv2%2Fmedia&parent=40996"}],"wp:term":[{"taxonomy":"category","embeddable":true,"href":"https:\/\/revistazetta.com\/index.php?rest_route=%2Fwp%2Fv2%2Fcategories&post=40996"},{"taxonomy":"post_tag","embeddable":true,"href":"https:\/\/revistazetta.com\/index.php?rest_route=%2Fwp%2Fv2%2Ftags&post=40996"}],"curies":[{"name":"wp","href":"https:\/\/api.w.org\/{rel}","templated":true}]}}