{"id":41000,"date":"2021-07-05T07:09:09","date_gmt":"2021-07-05T12:09:09","guid":{"rendered":"https:\/\/revistazetta.com\/?p=41000"},"modified":"2021-07-05T07:18:55","modified_gmt":"2021-07-05T12:18:55","slug":"gobernador-blel-se-ha-puesto-la-camiseta-por-su-gente-presidente-duque","status":"publish","type":"post","link":"https:\/\/revistazetta.com\/?p=41000","title":{"rendered":"Gobernador Blel se ha puesto la camiseta por su gente: Presidente Duque"},"content":{"rendered":"<p>Gobernaci\u00f3n de Bol\u00edvar celebra entrega de 110 kil\u00f3metros de nuevas v\u00edas para el departamento<\/p>\n<blockquote><p>Durante la oficializaci\u00f3n del Proyecto 4g: Puerta De Hierro \u2013 Palmar De Varela Y Carreto \u2013 Cruz Del Viso, el Presidente Iv\u00e1n Duque resalt\u00f3 el compromiso del Gobernador de Bol\u00edvar, Vicente Blel, con las comunidades del Departamento.<\/p><\/blockquote>\n<p><strong>Bol\u00edvar, 5 de julio de 2021.<\/strong> Con la entrega del Proyecto Puerta de Hierro \u2013 Palmar de Varela y Carreto \u2013 Cruz del Viso, que se realiz\u00f3 el pasado s\u00e1bado, en cabeza del Presidente Iv\u00e1n Duque, acompa\u00f1ado del Gobernador de Bol\u00edvar, Vicente Blel, quedan habilitados 202 kil\u00f3metros que fortalecen la conectividad de la regi\u00f3n Caribe.<\/p>\n<p><img loading=\"lazy\" decoding=\"async\" class=\"alignnone size-medium wp-image-41001\" src=\"https:\/\/revistazetta.com\/wp-content\/uploads\/2021\/07\/WhatsApp-Image-2021-07-03-at-2.35.09-PM-1-400x266.jpeg\" alt=\"\" width=\"400\" height=\"266\" srcset=\"https:\/\/revistazetta.com\/wp-content\/uploads\/2021\/07\/WhatsApp-Image-2021-07-03-at-2.35.09-PM-1-400x266.jpeg 400w, https:\/\/revistazetta.com\/wp-content\/uploads\/2021\/07\/WhatsApp-Image-2021-07-03-at-2.35.09-PM-1.jpeg 1024w\" sizes=\"auto, (max-width: 400px) 100vw, 400px\" \/><\/p>\n<p>\u201cRealmente hoy es un d\u00eda de bendici\u00f3n para los departamentos de Bol\u00edvar, Sucre y Atl\u00e1ntico. De este gran proyecto el 50 por ciento de la inversi\u00f3n fue ejecutada en nuestro departamento. M\u00e1s de 110 kil\u00f3metros de nuevas v\u00edas se est\u00e1n haciendo entrega hoy para el departamento de Bol\u00edvar, pero, sobre todo, esto va a permitir el intercambio comercial en estos tres departamentos hermanos, a los que no s\u00f3lo nos unen nuestra v\u00edas, sino la cultura, nuestras familias, nuestros amigos y que va a permitir, realmente, un Caribe m\u00e1s competitivo y conectado, como todos lo so\u00f1amos\u201d, agradeci\u00f3 a la presidencia, Vicente Blel, en nombre de los departamentos de Bol\u00edvar, Sucre y Atl\u00e1ntico.<\/p>\n<p><img loading=\"lazy\" decoding=\"async\" class=\"alignnone size-medium wp-image-41006\" src=\"https:\/\/revistazetta.com\/wp-content\/uploads\/2021\/07\/WhatsApp-Image-2021-07-03-at-2.35.10-PM-3-400x266.jpeg\" alt=\"\" width=\"400\" height=\"266\" srcset=\"https:\/\/revistazetta.com\/wp-content\/uploads\/2021\/07\/WhatsApp-Image-2021-07-03-at-2.35.10-PM-3-400x266.jpeg 400w, https:\/\/revistazetta.com\/wp-content\/uploads\/2021\/07\/WhatsApp-Image-2021-07-03-at-2.35.10-PM-3.jpeg 1024w\" sizes=\"auto, (max-width: 400px) 100vw, 400px\" \/><\/p>\n<p>Y es que una de las caracter\u00edsticas del Proyecto 4g que mayormente se ha resaltado es la reducci\u00f3n en los tiempos de recorrido entre Palmar de Varela (Atl\u00e1ntico) y Puerta de Hierro (Sucre) de 48 minutos. Y entre Cruz del Viso (Bol\u00edvar) y Puerta de Hierro una disminuci\u00f3n de 25 minutos de recorrido, adem\u00e1s de la generaci\u00f3n de m\u00e1s de 5.500 empleos en sus \u00e1reas de influencia.<\/p>\n<p>\u00abAgradezco trabajar con un gobernador amigo y comprometido con la comunidad, que se ha puesto la camiseta por su gente, que hemos tenido que afrontar muchas dificultades pero vamos saliendo adelante con todas ellas\u00bb, manifest\u00f3 en su intervenci\u00f3n el Presidente Iv\u00e1n Duque, reconociendo la labor del Gobernador de Bol\u00edvar.<\/p>\n<p><img loading=\"lazy\" decoding=\"async\" class=\"alignnone size-medium wp-image-41003\" src=\"https:\/\/revistazetta.com\/wp-content\/uploads\/2021\/07\/WhatsApp-Image-2021-07-03-at-2.35.09-PM-400x266.jpeg\" alt=\"\" width=\"400\" height=\"266\" srcset=\"https:\/\/revistazetta.com\/wp-content\/uploads\/2021\/07\/WhatsApp-Image-2021-07-03-at-2.35.09-PM-400x266.jpeg 400w, https:\/\/revistazetta.com\/wp-content\/uploads\/2021\/07\/WhatsApp-Image-2021-07-03-at-2.35.09-PM.jpeg 1024w\" sizes=\"auto, (max-width: 400px) 100vw, 400px\" \/><\/p>\n<p>Con la entrega de este proyecto se pone en servicio la Unidad Funcional 1 (UF1), que se inicia en Puerta de Hierro y finaliza en El Carmen de Bol\u00edvar, la cual cuenta con una longitud total de 48,3 kil\u00f3metros e inversiones por $237.956 millones. En este tramo se realiz\u00f3 un mejoramiento de 40,92 kil\u00f3metros, la rehabilitaci\u00f3n en 2,15 kil\u00f3metros y la construcci\u00f3n de 5,24 kil\u00f3metros de una nueva variante en calzada sencilla.<\/p>\n<p>En este sector, adem\u00e1s del mejoramiento del pavimento, se realiz\u00f3 la recuperaci\u00f3n de la franja de v\u00eda, as\u00ed como la instalaci\u00f3n de dispositivos de servicio y seguridad para los usuarios. As\u00ed mismo, dentro del paso urbano del municipio de El Carmen de Bol\u00edvar se construyeron bah\u00edas y andenes, que mejoran la movilidad y seguridad vial en puntos estrat\u00e9gicos del proyecto.<\/p>\n<p><img loading=\"lazy\" decoding=\"async\" class=\"alignnone size-medium wp-image-41002\" src=\"https:\/\/revistazetta.com\/wp-content\/uploads\/2021\/07\/WhatsApp-Image-2021-07-03-at-2.35.09-PM-2-400x267.jpeg\" alt=\"\" width=\"400\" height=\"267\" srcset=\"https:\/\/revistazetta.com\/wp-content\/uploads\/2021\/07\/WhatsApp-Image-2021-07-03-at-2.35.09-PM-2-400x267.jpeg 400w, https:\/\/revistazetta.com\/wp-content\/uploads\/2021\/07\/WhatsApp-Image-2021-07-03-at-2.35.09-PM-2.jpeg 1024w\" sizes=\"auto, (max-width: 400px) 100vw, 400px\" \/><\/p>\n<p>Durante los pr\u00f3ximos 20 a\u00f1os, este proyecto proveer\u00e1 de los servicios de atenci\u00f3n al usuario, gr\u00faa, carro-taller y auxilio mec\u00e1nico b\u00e1sico, entre otros, as\u00ed como los dispuestos en sus \u00e1reas de servicio: acceso telef\u00f3nico, cafeter\u00eda, sanitarios, enfermer\u00eda y adquisici\u00f3n de productos t\u00edpicos de la regi\u00f3n.<\/p>\n<p>Adem\u00e1s, con inversiones por cerca de 79 millones de pesos, esta 4G ha apoyado a 82 familias de los municipios de El Carmen de Bol\u00edvar y San Jacinto, en el departamento de Bol\u00edvar, para desarrollar siete proyectos productivos.<\/p>\n<p><img loading=\"lazy\" decoding=\"async\" class=\"alignnone size-medium wp-image-41007\" src=\"https:\/\/revistazetta.com\/wp-content\/uploads\/2021\/07\/WhatsApp-Image-2021-07-03-at-2.35.10-PM-400x266.jpeg\" alt=\"\" width=\"400\" height=\"266\" srcset=\"https:\/\/revistazetta.com\/wp-content\/uploads\/2021\/07\/WhatsApp-Image-2021-07-03-at-2.35.10-PM-400x266.jpeg 400w, https:\/\/revistazetta.com\/wp-content\/uploads\/2021\/07\/WhatsApp-Image-2021-07-03-at-2.35.10-PM.jpeg 1024w\" sizes=\"auto, (max-width: 400px) 100vw, 400px\" \/><\/p>\n","protected":false},"excerpt":{"rendered":"<p>Gobernaci\u00f3n de Bol\u00edvar celebra entrega de 110 kil\u00f3metros de nuevas v\u00edas para el departamento Durante la oficializaci\u00f3n del Proyecto 4g: Puerta De Hierro \u2013 Palmar De Varela Y Carreto \u2013 Cruz Del Viso, el Presidente Iv\u00e1n Duque resalt\u00f3 el compromiso del Gobernador de Bol\u00edvar, Vicente Blel, con las comunidades del Departamento. Bol\u00edvar, 5 de julio de 2021. Con la entrega del Proyecto Puerta de Hierro \u2013 Palmar de Varela y Carreto \u2013 Cruz del Viso, que se realiz\u00f3 el pasado s\u00e1bado, en cabeza del Presidente Iv\u00e1n Duque, acompa\u00f1ado del Gobernador&#8230; <\/p>\n","protected":false},"author":3,"featured_media":41008,"comment_status":"closed","ping_status":"closed","sticky":false,"template":"","format":"standard","meta":{"footnotes":"","_links_to":"","_links_to_target":""},"categories":[2,34],"tags":[294,310],"class_list":["post-41000","post","type-post","status-publish","format-standard","has-post-thumbnail","hentry","category-actualidad","category-actualidad-caribe","tag-actualidad","tag-caribe"],"_links":{"self":[{"href":"https:\/\/revistazetta.com\/index.php?rest_route=\/wp\/v2\/posts\/41000","targetHints":{"allow":["GET"]}}],"collection":[{"href":"https:\/\/revistazetta.com\/index.php?rest_route=\/wp\/v2\/posts"}],"about":[{"href":"https:\/\/revistazetta.com\/index.php?rest_route=\/wp\/v2\/types\/post"}],"author":[{"embeddable":true,"href":"https:\/\/revistazetta.com\/index.php?rest_route=\/wp\/v2\/users\/3"}],"replies":[{"embeddable":true,"href":"https:\/\/revistazetta.com\/index.php?rest_route=%2Fwp%2Fv2%2Fcomments&post=41000"}],"version-history":[{"count":0,"href":"https:\/\/revistazetta.com\/index.php?rest_route=\/wp\/v2\/posts\/41000\/revisions"}],"wp:featuredmedia":[{"embeddable":true,"href":"https:\/\/revistazetta.com\/index.php?rest_route=\/wp\/v2\/media\/41008"}],"wp:attachment":[{"href":"https:\/\/revistazetta.com\/index.php?rest_route=%2Fwp%2Fv2%2Fmedia&parent=41000"}],"wp:term":[{"taxonomy":"category","embeddable":true,"href":"https:\/\/revistazetta.com\/index.php?rest_route=%2Fwp%2Fv2%2Fcategories&post=41000"},{"taxonomy":"post_tag","embeddable":true,"href":"https:\/\/revistazetta.com\/index.php?rest_route=%2Fwp%2Fv2%2Ftags&post=41000"}],"curies":[{"name":"wp","href":"https:\/\/api.w.org\/{rel}","templated":true}]}}