{"id":41009,"date":"2021-07-06T08:31:16","date_gmt":"2021-07-06T13:31:16","guid":{"rendered":"https:\/\/revistazetta.com\/?p=41009"},"modified":"2021-07-06T08:31:41","modified_gmt":"2021-07-06T13:31:41","slug":"41009","status":"publish","type":"post","link":"https:\/\/revistazetta.com\/?p=41009","title":{"rendered":"La inseguridad se supera d\u00eda a d\u00eda mientras la autoridad sigue adormitada"},"content":{"rendered":"<p><strong>Cartagena de Indias, 6 de julio de 2021.-<\/strong> Desaparici\u00f3n de adolescentes y taxistas, casos de sicariato, atracos a mano armada, pistoleros en moto y fleteo son solo algunas de la desbordada expresi\u00f3n de la criminalidad en Cartagena, sin que haya autoridad que contrarreste, lo que hace aun m\u00e1s notorio el caso del robo en el Concejo de Cartagena, donde un par de rateros tuvo la agilidad suficiente para escalar sus muros, pero la torpeza palmaria para escapar y ser capturados.<\/p>\n<p>La autoridad del gobierno de William Dau no inspira respeto, la criminalidad opera a sus anchas, la ciudadan\u00eda permanece atemorizada, y no hay acciones pol\u00edtica que contrasten la acci\u00f3n criminal.<\/p>\n<p>Este lunes fueron sorprendidos un adulto y un adolescente cuando pretend\u00edan huir de la sede del Concejo, tras escalar sus muros e ingresar a al oficina del concejal \u00d3scar Mar\u00edn. Los delincuentes estuvieron largo rato hasta que fueron detectados por un vigilante, y se desat\u00f3 la acci\u00f3n policial que condujo a su captura. Ese es el comunicado expedidor el presidente del Concejo, Wilson Toncel:<\/p>\n<p>&nbsp;<\/p>\n<p><strong>Comunicado a la Opini\u00f3n P\u00fablica (Julio 5 de 2021)<\/strong><\/p>\n<div dir=\"auto\">\n<div dir=\"auto\">Cartagena de Indias D. T y C. 5 de julio de 2021. El presidente del Concejo, Wilson Toncel Ochoa, se pronuncia sobre los hechos ocurridos en la madrugada de hoy, donde dos hombres, uno de ellos menor de edad ingresaron al edificio donde funciona el cabildo Distrital e intentaron hurtar equipos de c\u00f3mputo, un televisor y una videoc\u00e1mara.<\/div>\n<div dir=\"auto\"><\/div>\n<div dir=\"auto\">Informa Toncel Ochoa, que en la ma\u00f1ana de hoy le pusieron en conocimiento los hechos, en los que gracias a la acci\u00f3n oportuna de la Polic\u00eda, se logr\u00f3 la captura de las dos personas, que ingresaron al edificio Galeras de la Marina y que dejaron algunos estragos en los bienes e instalaciones del Concejo.<\/div>\n<div dir=\"auto\"><\/div>\n<div dir=\"auto\">Aclara Toncel: \u00abque al revisar las c\u00e1maras de seguridad, se observa con claridad que los dos sujetos escalan las paredes laterales, hasta llegar al tercer piso e ingresar por la oficina del Concejal \u00d3scar Mar\u00edn Villalba, el ingreso de las personas se observa fue a las 4:30 y salen de la oficina, por la parte interna del edificio, llegando al sal\u00f3n de sesiones Josefina de la Espriella de G\u00f3mez Naar, a las 6:30, en donde se encuentran con el vigilante de la corporaci\u00f3n, quien reacciona haciendo unos disparos.\u00bb<\/div>\n<div dir=\"auto\"><\/div>\n<div dir=\"auto\">Informa el cabildante, que en el hecho no hubo heridos, ni objetos hurtados, pero si causa mucha preocupaci\u00f3n la inseguridad que nos acecha. \u00abA Dios doy gracias que la vida de todos no se vio afectada y agradezco el acompa\u00f1amiento de la Polic\u00eda y los entes de investigaci\u00f3n y control en este procedimiento.\u00bb Manifest\u00f3 Toncel<\/div>\n<div dir=\"auto\"><\/div>\n<div dir=\"auto\">\u00abDesde el Concejo, tomamos las medidas pertinentes, la Oficina Juridica de la Corporaci\u00f3n, junto con el vigilante en turno presentaron las denuncias respectivas, pero invito a la Secretar\u00eda del Interior y Convivencia Ciudadana y a la Secretar\u00eda de Participaci\u00f3n del Distrito de Cartagena, a trabajar en conjunto por los habitantes de la calle, es muy doloroso, ver menores de edad en medio de las drogas, las armas y la calle, cuando deber\u00edan estar estudiando y forjando un futuro mejor.<\/div>\n<div dir=\"auto\"><\/div>\n<div dir=\"auto\">Ni\u00f1os y j\u00f3venes armados, caminando las calles del corralito de piedras y violentado bienes ajenos, solo por conseguir algo para vender y luego consumir, debe abrirnos los ojos y hacernos trabajar por esta poblaci\u00f3n\u00bb concluy\u00f3 Toncel.<\/div>\n<div dir=\"auto\"><\/div>\n<div dir=\"auto\">Puntualiza Toncel Ochoa, que no puede afirmar que se tratara de un tema espec\u00edfico, para sustraer informaci\u00f3n de cabildantes de la Corporaci\u00f3n. Insiste el presidente del Concejo: \u00abde lo que se ve en las c\u00e1maras y de lo que se sabe de los hechos, se evidencia un caso de delincuencia com\u00fan en donde dos habitantes de la calle, ingresaron al Concejo e intentaron, como lo muestran los v\u00eddeos, llevarse equipos de c\u00f3mputo, la c\u00e1mara de video que permite la trasmisi\u00f3n en vivo de las sesiones de la Corporaci\u00f3n y un televisor. Hurto que se evit\u00f3 y control\u00f3 gracias a la acci\u00f3n oportuna y valiente del vigilante y al apoyo de la Polic\u00eda. Si existen o no otros m\u00f3viles, ser\u00e1n las autoridades las que deben decirlo.<\/div>\n<div dir=\"auto\"><\/div>\n<div dir=\"auto\">Siempre lo he dicho, no me aparto ni un cent\u00edmetro de la ley y ante los entes de control e investigaci\u00f3n dejamos este caso y que sean ellos quienes esclarezcan los hechos e impartan las sanciones de rigor\u00bb.<\/div>\n<\/div>\n<div dir=\"auto\"><strong>Fin del comunicado\u00a0<\/strong><\/div>\n<div dir=\"auto\"><\/div>\n<div dir=\"auto\"><strong>Oficina Asesora de Protocolo y Prensa Concejo de Cartagena<\/strong><\/div>\n<p>&nbsp;<\/p>\n<p>&nbsp;<\/p>\n<blockquote><p><span style=\"color: #000080;\"><strong>Nota: Este comunicado se ha transcrito de manera fidedigna, y sus deficiencias gramaticales y ortogr\u00e1ficas son ajenas a este portal. Ofrecemos excusas a nuestros lectores, que siempre deben encontrar en nuestras publicaciones un \u00f3ptimo manejo del idioma castellano.<\/strong><\/span><\/p><\/blockquote>\n","protected":false},"excerpt":{"rendered":"<p>Cartagena de Indias, 6 de julio de 2021.- Desaparici\u00f3n de adolescentes y taxistas, casos de sicariato, atracos a mano armada, pistoleros en moto y fleteo son solo algunas de la desbordada expresi\u00f3n de la criminalidad en Cartagena, sin que haya autoridad que contrarreste, lo que hace aun m\u00e1s notorio el caso del robo en el Concejo de Cartagena, donde un par de rateros tuvo la agilidad suficiente para escalar sus muros, pero la torpeza palmaria para escapar y ser capturados. La autoridad del gobierno de William Dau no inspira respeto,&#8230; <\/p>\n","protected":false},"author":3,"featured_media":41010,"comment_status":"closed","ping_status":"closed","sticky":false,"template":"","format":"standard","meta":{"footnotes":"","_links_to":"","_links_to_target":""},"categories":[75],"tags":[],"class_list":["post-41009","post","type-post","status-publish","format-standard","has-post-thumbnail","hentry","category-destacada"],"_links":{"self":[{"href":"https:\/\/revistazetta.com\/index.php?rest_route=\/wp\/v2\/posts\/41009","targetHints":{"allow":["GET"]}}],"collection":[{"href":"https:\/\/revistazetta.com\/index.php?rest_route=\/wp\/v2\/posts"}],"about":[{"href":"https:\/\/revistazetta.com\/index.php?rest_route=\/wp\/v2\/types\/post"}],"author":[{"embeddable":true,"href":"https:\/\/revistazetta.com\/index.php?rest_route=\/wp\/v2\/users\/3"}],"replies":[{"embeddable":true,"href":"https:\/\/revistazetta.com\/index.php?rest_route=%2Fwp%2Fv2%2Fcomments&post=41009"}],"version-history":[{"count":0,"href":"https:\/\/revistazetta.com\/index.php?rest_route=\/wp\/v2\/posts\/41009\/revisions"}],"wp:featuredmedia":[{"embeddable":true,"href":"https:\/\/revistazetta.com\/index.php?rest_route=\/wp\/v2\/media\/41010"}],"wp:attachment":[{"href":"https:\/\/revistazetta.com\/index.php?rest_route=%2Fwp%2Fv2%2Fmedia&parent=41009"}],"wp:term":[{"taxonomy":"category","embeddable":true,"href":"https:\/\/revistazetta.com\/index.php?rest_route=%2Fwp%2Fv2%2Fcategories&post=41009"},{"taxonomy":"post_tag","embeddable":true,"href":"https:\/\/revistazetta.com\/index.php?rest_route=%2Fwp%2Fv2%2Ftags&post=41009"}],"curies":[{"name":"wp","href":"https:\/\/api.w.org\/{rel}","templated":true}]}}