{"id":41198,"date":"2021-07-16T07:10:12","date_gmt":"2021-07-16T12:10:12","guid":{"rendered":"https:\/\/revistazetta.com\/?p=41198"},"modified":"2021-07-16T07:10:12","modified_gmt":"2021-07-16T12:10:12","slug":"deportistas-de-alto-rendimiento-y-futuros-idolos-recibieron-apoyo-del-ider-por-996-millones","status":"publish","type":"post","link":"https:\/\/revistazetta.com\/?p=41198","title":{"rendered":"Deportistas de alto rendimiento y futuros \u00eddolos recibieron apoyo del IDER por $996 millones"},"content":{"rendered":"<p><strong>Cartagena de Indias, 16 de julio de 2021<\/strong>. Una \u00a0delegaci\u00f3n de los 263 deportistas beneficiados recibi\u00f3 esta semana los est\u00edmulos otorgados por el Instituto de Deporte y Recreaci\u00f3n -IDER-, correspondientes a la convocatoria p\u00fablica a 2021 de los programas de apoyo a deportistas de altos logros -PADAL- y futuros \u00eddolos del deporte\u00a0 -PAFID-.<\/p>\n<p>En una ceremonia cumplida en el auditorio del complejo de raquetas, 30 j\u00f3venes practicantes de diferentes disciplinas deportivas recibieron de manos del Secretario General del Distrito, Luis Roa Merch\u00e1n, y de la Directora General del IDER, Viviana Londo\u00f1o Moreno, un gran cheque simb\u00f3lico por $996.774.245,59, equivalente al valor asignado para estos est\u00edmulos.<\/p>\n<p>Los recursos ser\u00e1n invertidos por los beneficiados en su formaci\u00f3n deportiva y acad\u00e9mica de manera integral. Un total de 500 deportistas se inscribieron en la convocatoria 2021, que ofrece de manera transparente la oportunidad de participaci\u00f3n incluyente a todos los interesados en acceder a estos apoyos institucionales.<\/p>\n<p>Los\u00a0 263 beneficiados obtuvieron la mayor puntuaci\u00f3n despu\u00e9s de que el comit\u00e9 evaluador estudiara los requisitos y logros obtenidos como lo estipula el articulo d\u00e9cimotercero de la resoluci\u00f3n 055 del 17 de marzo del a\u00f1o en curso.<\/p>\n<p>El proceso para entregar estos\u00a0 est\u00edmulos se realiza en dos fases, una correspondiente al 70 % una vez se expidi\u00f3 y public\u00f3 el acto administrativo que adopta la decisi\u00f3n definitiva tomada por el comit\u00e9 evaluador, y el 30% restante se dar\u00e1 cuando el deportista acredite el cumplimiento de las obligaciones que le asisten.<\/p>\n<p>\u201cMis deseos como deportista es que esta iniciativa que tiene el IDER se mantenga en el tiempo, se convierta en una pol\u00edtica p\u00fablica. Para nosotros los deportistas estos apoyos son muy importantes, porque nos da la oportunidad de mantenernos en nuestra preparaci\u00f3n para ser cada d\u00eda mejores y poder alcanzar todos nuestros sue\u00f1os\u201d, afirm\u00f3 Juan David Olmos, beneficiado del programa PAFID.<\/p>\n<p>Viviana Londo\u00f1o Moreno, directora del IDER, sostuvo que \u201cnos interesa seguir fortaleciendo la inclusi\u00f3n y la transparencia en este proceso, que sin lugar a dudas es una muestra de fortalecimiento del deporte local y el cumplimiento de oportunidades de nuestros deportistas para seguir creciendo como profesionales y lograr triunfos para la ciudad y el pa\u00eds, pero especialmente conquistar su propio bienestar, el de sus familias y el de sus comunidades\u201d.<\/p>\n<p>En el marco de la ceremonia de entrega de est\u00edmulos se rindi\u00f3 sentido homenaje p\u00f3stumo al joven deportista de Alto Rendimiento en f\u00fatbol auditivo, Eduard Ru\u00edz Mel\u00e9ndez, quien hab\u00eda sido beneficiado con est\u00edmulos, pero perdi\u00f3 la vida en un accidente de tr\u00e1nsito el pasado 1\u00ba de julio, y se hicieron votos por la pronta recuperaci\u00f3n de la salud de Maiker Morelo Julio, tambi\u00e9n deportista beneficiado, quien se recupera de las heridas recibidas en el mismo accidente.<\/p>\n","protected":false},"excerpt":{"rendered":"<p>Cartagena de Indias, 16 de julio de 2021. Una \u00a0delegaci\u00f3n de los 263 deportistas beneficiados recibi\u00f3 esta semana los est\u00edmulos otorgados por el Instituto de Deporte y Recreaci\u00f3n -IDER-, correspondientes a la convocatoria p\u00fablica a 2021 de los programas de apoyo a deportistas de altos logros -PADAL- y futuros \u00eddolos del deporte\u00a0 -PAFID-. En una ceremonia cumplida en el auditorio del complejo de raquetas, 30 j\u00f3venes practicantes de diferentes disciplinas deportivas recibieron de manos del Secretario General del Distrito, Luis Roa Merch\u00e1n, y de la Directora General del IDER, Viviana&#8230; <\/p>\n","protected":false},"author":3,"featured_media":41199,"comment_status":"closed","ping_status":"closed","sticky":false,"template":"","format":"standard","meta":{"footnotes":"","_links_to":"","_links_to_target":""},"categories":[53,89],"tags":[308,315],"class_list":["post-41198","post","type-post","status-publish","format-standard","has-post-thumbnail","hentry","category-deportes","category-ider","tag-deportes","tag-ider"],"_links":{"self":[{"href":"https:\/\/revistazetta.com\/index.php?rest_route=\/wp\/v2\/posts\/41198","targetHints":{"allow":["GET"]}}],"collection":[{"href":"https:\/\/revistazetta.com\/index.php?rest_route=\/wp\/v2\/posts"}],"about":[{"href":"https:\/\/revistazetta.com\/index.php?rest_route=\/wp\/v2\/types\/post"}],"author":[{"embeddable":true,"href":"https:\/\/revistazetta.com\/index.php?rest_route=\/wp\/v2\/users\/3"}],"replies":[{"embeddable":true,"href":"https:\/\/revistazetta.com\/index.php?rest_route=%2Fwp%2Fv2%2Fcomments&post=41198"}],"version-history":[{"count":0,"href":"https:\/\/revistazetta.com\/index.php?rest_route=\/wp\/v2\/posts\/41198\/revisions"}],"wp:featuredmedia":[{"embeddable":true,"href":"https:\/\/revistazetta.com\/index.php?rest_route=\/wp\/v2\/media\/41199"}],"wp:attachment":[{"href":"https:\/\/revistazetta.com\/index.php?rest_route=%2Fwp%2Fv2%2Fmedia&parent=41198"}],"wp:term":[{"taxonomy":"category","embeddable":true,"href":"https:\/\/revistazetta.com\/index.php?rest_route=%2Fwp%2Fv2%2Fcategories&post=41198"},{"taxonomy":"post_tag","embeddable":true,"href":"https:\/\/revistazetta.com\/index.php?rest_route=%2Fwp%2Fv2%2Ftags&post=41198"}],"curies":[{"name":"wp","href":"https:\/\/api.w.org\/{rel}","templated":true}]}}