{"id":41992,"date":"2021-08-31T10:46:01","date_gmt":"2021-08-31T15:46:01","guid":{"rendered":"https:\/\/revistazetta.com\/?p=41992"},"modified":"2021-08-31T10:46:01","modified_gmt":"2021-08-31T15:46:01","slug":"ante-los-retos-del-clima-necesitamos-accion-inmediata-y-de-largo-plazo-opinion-de-ruby-chagui","status":"publish","type":"post","link":"https:\/\/revistazetta.com\/?p=41992","title":{"rendered":"Ante los retos del clima, necesitamos acci\u00f3n inmediata y de largo plazo &#8211; Opini\u00f3n de Ruby Chag\u00fci"},"content":{"rendered":"<p><strong><span style=\"color: #000080;\">Por Ruby Chag\u00fci Spath (Senadora de la Rep\u00fablica &#8211; Especial para Revista Zetta).-<\/span>\u00a031 de agosto de 2021.-<\/strong> La semana termina con desastres provocados por lluvias que no se detienen y las autoridades ambientales ya alertaron sobre la muy probable llegada desde septiembre hasta enero de 2022 del fen\u00f3meno de La Ni\u00f1a: el enfriamiento, entre 0,5\u00b0 y 1\u00b0 cent\u00edgrado, de la superficie del oc\u00e9ano Pac\u00edfico a lo largo de su zona ecuatorial. Hemos visto con preocupaci\u00f3n y tristeza lo sucedido en Sarandelo y Palo de Agua, corregimientos de Lorica, en Monter\u00eda y Ceret\u00e9, por el desbordamiento del rio Sin\u00fa. Hablo frecuentemente con amigos afectados por las inundaciones causadas por las precipitaciones y el aumento en los niveles de los r\u00edos Cauca y San Jorge. Cara e Gato se inund\u00f3 y tiene en alerta a los 11 municipios de La Mojana. Me inquietan las noticias que informan sobre el colapso de la movilidad terrestre en el Catatumbo, las tormentas el\u00e9ctricas en el litoral Caribe y las familias afectadas en estos lugares, como en Atl\u00e1ntico, Bol\u00edvar, Cundinamarca, Tolima, Valle del Cauca y otras partes de Colombia.<\/p>\n<p>Por eso, al tiempo que me he reunido con la comunidad para escuchar acerca de este y otros problemas, he pedido a la institucionalidad estatal enfrentar con rapidez y lo mejor posible la emergencia invernal. Miles de damnificados, cultivos y trabajos del campo perdidos, da\u00f1os a viviendas, comercios e infraestructura: un panorama muy dif\u00edcil. Lo es tambi\u00e9n porque Colombia, por estar atravesada por la joven Cordillera de los Andes, por ser irrigada por los r\u00edos que nacen en \u00e1reas altas, incluso p\u00e1ramos, por tener costas en el Atl\u00e1ntico y el Pac\u00edfico y por ubicarse en la zona tropical del planeta, es especialmente vulnerable al cambio clim\u00e1tico. Y lo es, adem\u00e1s, porque la mayor parte de los colombianos vivimos en las regiones Andina y Caribe.<\/p>\n<p>Efectivamente, el reto que el clima nos crea estas semanas trasciende estas semanas. Nuestra discusi\u00f3n sobre el desaf\u00edo del fen\u00f3meno de La Ni\u00f1a y las p\u00e9rdidas recientes no ser\u00e1 completa si no incluimos en ella una consideraci\u00f3n sobre el calentamiento global compatible con el desarrollo econ\u00f3mico que garantiza la cohesi\u00f3n social y fortalece la democracia. Y como no es posible alcanzar ese desarrollo con todo su potencial sin generaci\u00f3n intensiva de energ\u00eda y sin la infraestructura f\u00edsica que nos haga m\u00e1s competitivos, la discusi\u00f3n completa debe buscar soluciones que, a largo plazo, hagan de Colombia un pa\u00eds m\u00e1s resistente a los embates de la naturaleza y un gran generador de energ\u00eda limpia.<\/p>\n<p>Estas soluciones deben venir de un debate incluyente en el que participemos comunidades afectadas, sectores productivos, l\u00edderes pol\u00edticos y sociales, expertos, gobiernos locales, departamentales y nacional y, en general, la sociedad civil. Este di\u00e1logo, cuya finalidad es tomar decisiones y presentar proyectos que se traduzcan en reparar los da\u00f1os que hasta ahora ha causado el invierno y en el fortalecimiento de la infraestructura y la matriz energ\u00e9tica nacionales, debe tener presente tambi\u00e9n que Colombia posee una biodiversidad inconmensurable, una riqueza que debe protegerse al tiempo que se persigue la prosperidad. Y en esta conversaci\u00f3n no puede ignorarse que Colombia se ha obligado por los principales instrumentos jur\u00eddicos internacionales que reflejan el consenso de la humanidad sobre los imperativos de adaptarse al cambio clim\u00e1tico y mitigar sus efectos, el m\u00e1s importante de los cuales es la Convenci\u00f3n Marco de las Naciones Unidas sobre el Cambio Clim\u00e1tico, conocida como Acuerdo de Par\u00eds, cuyo prop\u00f3sito central es mantener el aumento de la temperatura planetaria por debajo de 2\u00ba C y aunar esfuerzos para que el calentamiento no supere los 1.5\u00ba C.<\/p>\n<p>La situaci\u00f3n actual exige de nosotros, por lo tanto, no renunciar a la industrializaci\u00f3n de regiones fr\u00e1giles al cambio clim\u00e1tico con la menor emisi\u00f3n posible de gases de efecto invernadero. Esto no se logra abrazando visiones fatalistas o posturas rom\u00e1nticas que demonizan los avances t\u00e9cnicos de nuestra especie o sectores claves de la econom\u00eda. El desaf\u00edo se vence reduciendo la intensidad del uso del carbono y, en general, de los combustibles f\u00f3siles en forma responsable, como hasta ahora se ha hecho. Esto conlleva admitir que crecimiento econ\u00f3mico no equivale a mayor combusti\u00f3n, que el desarrollo cient\u00edfico y tecnol\u00f3gico no son enemigos de la naturaleza sino medios para disminuir nuestra huella de carbono y que en la generaci\u00f3n de energ\u00eda hay costos que condicionan la toma de decisiones.<\/p>\n<p>Por eso las acciones de la ciudadan\u00eda, los municipios y los departamentos y el Gobierno Nacional a trav\u00e9s de la Unidad Nacional para la Gesti\u00f3n de Riesgos, el Invias, las autoridades ambientales y la Fuerza P\u00fablica para reparar las v\u00edas -como las troncales que unen al Caribe con el interior del pa\u00eds- y los diques rotos por las fuerzas de las aguas y reubicar a poblaci\u00f3n y llevarle alimentos y medicinas no son aisladas. Este esfuerzo se articula con los proyectos de energ\u00eda solar y e\u00f3lica, en los cuales Bol\u00edvar y C\u00f3rdoba son protagonistas, y la ampliaci\u00f3n al finalizar el a\u00f1o de la flota de transporte p\u00fablico de veh\u00edculos el\u00e9ctricos hasta 6.000 y la siembra de 120 millones de \u00e1rboles al cierre de 2021, entre otras medidas para reducir nuestras emisiones en m\u00e1s de la mitad en 2030.<\/p>\n<p>Mientras llegan las soluciones de largo plazo, que tambi\u00e9n incluyen la infraestructura requerida y el fortalecimiento y la redefinici\u00f3n del rol del Fondo de Adaptaci\u00f3n creado para atender la emergencia de 2010 para que sea permanente, ayudemos a los perjudicados y exijamos al Estado cumplirles a \u00e9stos y avanzar en las obras que el futuro demanda. Nuestra solidaridad, nuestra compasi\u00f3n y nuestra visi\u00f3n son \u00fatiles ahora y ser\u00e1n \u00fatiles ma\u00f1ana.<\/p>\n<p>Encima. Una amnist\u00eda condicionada a respetar derechos de las v\u00edctimas, que no se extienda a responsables de cr\u00edmenes graves ni a corruptos y restablezca situaci\u00f3n de integrantes de Fuerzas Armadas es mejor que la impunidad. Y un acuerdo nacional es mejor que una imposici\u00f3n antidemocr\u00e1tica.<\/p>\n","protected":false},"excerpt":{"rendered":"<p>Por Ruby Chag\u00fci Spath (Senadora de la Rep\u00fablica &#8211; Especial para Revista Zetta).-\u00a031 de agosto de 2021.- La semana termina con desastres provocados por lluvias que no se detienen y las autoridades ambientales ya alertaron sobre la muy probable llegada desde septiembre hasta enero de 2022 del fen\u00f3meno de La Ni\u00f1a: el enfriamiento, entre 0,5\u00b0 y 1\u00b0 cent\u00edgrado, de la superficie del oc\u00e9ano Pac\u00edfico a lo largo de su zona ecuatorial. Hemos visto con preocupaci\u00f3n y tristeza lo sucedido en Sarandelo y Palo de Agua, corregimientos de Lorica, en Monter\u00eda&#8230; <\/p>\n","protected":false},"author":3,"featured_media":41993,"comment_status":"closed","ping_status":"closed","sticky":false,"template":"","format":"standard","meta":{"footnotes":"","_links_to":"","_links_to_target":""},"categories":[44,65],"tags":[288,289],"class_list":["post-41992","post","type-post","status-publish","format-standard","has-post-thumbnail","hentry","category-materiagris","category-opinion","tag-materia-gris","tag-opinion"],"_links":{"self":[{"href":"https:\/\/revistazetta.com\/index.php?rest_route=\/wp\/v2\/posts\/41992","targetHints":{"allow":["GET"]}}],"collection":[{"href":"https:\/\/revistazetta.com\/index.php?rest_route=\/wp\/v2\/posts"}],"about":[{"href":"https:\/\/revistazetta.com\/index.php?rest_route=\/wp\/v2\/types\/post"}],"author":[{"embeddable":true,"href":"https:\/\/revistazetta.com\/index.php?rest_route=\/wp\/v2\/users\/3"}],"replies":[{"embeddable":true,"href":"https:\/\/revistazetta.com\/index.php?rest_route=%2Fwp%2Fv2%2Fcomments&post=41992"}],"version-history":[{"count":0,"href":"https:\/\/revistazetta.com\/index.php?rest_route=\/wp\/v2\/posts\/41992\/revisions"}],"wp:featuredmedia":[{"embeddable":true,"href":"https:\/\/revistazetta.com\/index.php?rest_route=\/wp\/v2\/media\/41993"}],"wp:attachment":[{"href":"https:\/\/revistazetta.com\/index.php?rest_route=%2Fwp%2Fv2%2Fmedia&parent=41992"}],"wp:term":[{"taxonomy":"category","embeddable":true,"href":"https:\/\/revistazetta.com\/index.php?rest_route=%2Fwp%2Fv2%2Fcategories&post=41992"},{"taxonomy":"post_tag","embeddable":true,"href":"https:\/\/revistazetta.com\/index.php?rest_route=%2Fwp%2Fv2%2Ftags&post=41992"}],"curies":[{"name":"wp","href":"https:\/\/api.w.org\/{rel}","templated":true}]}}