{"id":42208,"date":"2021-09-13T07:14:56","date_gmt":"2021-09-13T12:14:56","guid":{"rendered":"https:\/\/revistazetta.com\/?p=42208"},"modified":"2021-09-13T07:14:56","modified_gmt":"2021-09-13T12:14:56","slug":"colombia-y-el-11-s-20-anos-despues-opinion-de-ruby-chagui","status":"publish","type":"post","link":"https:\/\/revistazetta.com\/?p=42208","title":{"rendered":"Colombia y el 11-S: 20 a\u00f1os despu\u00e9s &#8211; Opini\u00f3n de Ruby Chag\u00fci"},"content":{"rendered":"<p><strong><span style=\"color: #000080;\">Por Ruby Chag\u00fci Spath (Senadora de la Rep\u00fablica. Especial para Revista Zetta).-<\/span> 13 de septiembre de 2021.-<\/strong> Se cumplieron veinte a\u00f1os de los tres atentados suicidas de la organizaci\u00f3n Al Qaeda la ma\u00f1ana del martes 11 de septiembre de 2001. Casi tres mil personas murieron y 25 mil recibieron heridas \u2013muchas permanentes\u2013 y hubo p\u00e9rdidas econ\u00f3micas calculadas en 10 mil millones de d\u00f3lares porque 19 terroristas secuestraron a cuatro aviones comerciales de American Airlines y United Airlines para convertirlos en las armas que atacaron las Torres Gemelas del World Trade Center de Nueva York y el Pent\u00e1gono, el edificio de oficinas m\u00e1s grande del mundo localizado a las afueras de Washington D.C. que es sede del Departamento de Defensa de los Estados Unidos (el cuarto avi\u00f3n fue neutralizado antes de alcanzar la Casa Blanca).<\/p>\n<p>Fue m\u00e1s que un ataque contra los Estados Unidos. Fue un ataque contra los ideales de La Ilustraci\u00f3n, contra una visi\u00f3n del mundo inaceptable para los terroristas, intolerantes cuyo objetivo \u00faltimo era atemorizar y desmoralizar a la poblaci\u00f3n y herir la libertad, la democracia y los derechos humanos, valores despreciados por fundamentalistas porque les parecen expresi\u00f3n del decadente individualismo occidental. Por estas razones y porque la tragedia toc\u00f3 a m\u00e1s de noventa pa\u00edses que perdieron ciudadanos, incluso Colombia (19 compatriotas murieron), las democracias liberales deb\u00edan unirse para responder al desaf\u00edo del radicalismo asesino.<\/p>\n<p>Colombia, quiz\u00e1s el pa\u00eds de Am\u00e9rica Latina que m\u00e1s ha padecido al terrorismo y mejor entiende sus consecuencias, comprendi\u00f3 que lo \u00fanico razonable era enfrentarlo. Pocos meses despu\u00e9s del 11-S y ante la evidencia de que las FARC se estaban aprovechando de la buena fe de la administraci\u00f3n Pastrana, que hab\u00eda desmilitarizado un \u00e1rea de 42.000 kil\u00f3metros cuadrados de los departamentos de Caquet\u00e1 y Meta en nombre de la paz, se rompieron los di\u00e1logos de San Vicente del Cagu\u00e1n. Era claro que resultaba imposible llegar a compromisos con intransigentes; lo sensato era defender a la poblaci\u00f3n, no negociar sus derechos. Y si el establecimiento pol\u00edtico estaba dividido en la v\u00edspera de la elecci\u00f3n presidencial de 2002, la mayor\u00eda de colombianos ten\u00edamos claridad sobre el hombre que mejor encarnaba la defensa de la vida y las libertades, el \u00fanico candidato presidencial que sin c\u00e1lculo electoral se opuso desde el principio a esa negociaci\u00f3n y que, como lo ha mostrado la historia, no ha titubeado para cuidar del terrorismo al delicado mosaico de nuestra democracia: \u00c1lvaro Uribe.<\/p>\n<blockquote><p>Y es que entre el fundamentalismo isl\u00e1mico y los extremismos guerrillero y paramilitar pueden existir diferencias de doctrina y alcance, as\u00ed como matices en algunos de sus medios. Pero unos y otros comparten la esencia terrorista, esto es, el uso de la violencia como instrumento de la pol\u00edtica, el terror indiscriminado contra civiles y la soberbia que no cree en el poder de la palabra y el debate argumentado sino en la destrucci\u00f3n del contradictor. Por eso la pol\u00edtica de seguridad democr\u00e1tica se inscribe en la lucha global de la democracia contra el terrorismo, una lucha que no se reduce a la fuerza armada sino que se extiende a los \u00e1mbitos diplom\u00e1tico e ideol\u00f3gico.<\/p><\/blockquote>\n<p>Era preciso condenar internacionalmente a organizaciones que justifican sus cr\u00edmenes invocando utop\u00edas llenas de buenas intenciones y que, cuando conquistan el poder, se valen del autoritarismo. De ah\u00ed que lograr que las guerrillas y los grupos paramilitares colombianos hubiesen sido incluidos en las listas de organizaciones terroristas de varios pa\u00edses haya sido un innegable logro de los gobiernos Pastrana y Uribe. Esta condena, la urgencia de pasar a la ofensiva militar y que los terroristas colombianos se financien con las droga ilegales facilitaron que el gobierno de los Estados Unidos autorizara que los recursos del Plan Colombia se usaran contra ellos.<\/p>\n<p>La lucha contra el terrorismo solo pod\u00eda ser consistente y exitosa, adem\u00e1s, si se consolidaba una narrativa alternativa a la de los terroristas. Si el terrorismo valida la destrucci\u00f3n como medio en nombre de fines supuestamente nobles, al punto de sostener que puede tener \u201crazones\u201d, hab\u00eda que convencer a la opini\u00f3n p\u00fablica, a sectores pol\u00edticos y a c\u00edrculos acad\u00e9micos de lo contrario: en una democracia no hay excusa para recurrir al terror como instrumento pol\u00edtico. Esto implica que lo m\u00e1s coherente con los derechos humanos en una democracia es superar la teor\u00eda del delito pol\u00edtico, seg\u00fan la cual el delito puede ser herramienta para perseguir una mejor sociedad. Dicho m\u00e1s simple, se hac\u00eda necesario coincidir en que una revoluci\u00f3n no tiene cabida cuando los ciudadanos pueden opinar y votar libremente en elecciones peri\u00f3dicas y transparentes.<\/p>\n<p>Lamentablemente, en Colombia volvi\u00f3 a consolidarse la tesis del delito pol\u00edtico y los terrenos ganados en los \u00e1mbitos militar y diplom\u00e1tico fueron cedidos en nombre de la paz y en perjuicio de la justicia para las v\u00edctimas. Y, lo que es peor, se ha mantenido una visi\u00f3n parcializada y que impone un doble est\u00e1ndar: solo son delincuentes pol\u00edticos los terroristas de izquierda. Esta perspectiva anticuada carece de coherencia interna: no repara que lo que distingue al terrorismo son sus medios, no sus objetivos (tanto fundamentalistas isl\u00e1micos como guerrilleros y paramilitares colombianos han tenido, seg\u00fan ellos mismos, buenas intenciones), al punto que en la teor\u00eda el rebelde de hoy puede ser el gobernante de ma\u00f1ana, mientras que el gobernante de hoy puede ser el rebelde de ma\u00f1ana.<\/p>\n<p>Veinte a\u00f1os despu\u00e9s del 11-S, veinte a\u00f1os despu\u00e9s de que Colombia se convirtiera en l\u00edder latinoamericano de la lucha contra el terrorismo y consolidara su alianza estrat\u00e9gica con los Estados Unidos y otras democracias en la defensa de la libertad y la vida \u2013como la prueba la decisi\u00f3n de recibir transitoriamente a 2000 refugiados afganos\u2013, veinte a\u00f1os despu\u00e9s que coinciden con la muerte en prisi\u00f3n del genocida y marxista peruano de Sendero Luminoso Abimael Guzm\u00e1n, se hace imperativo revivir la discusi\u00f3n sobre el delito pol\u00edtico y denunciar en todas partes y en todo momento la impunidad gozada por responsables de cr\u00edmenes de trascendencia internacional. Veinte a\u00f1os despu\u00e9s, la lucha contra el terrorismo contin\u00faa y quiz\u00e1 nuestro mejor homenaje a sus v\u00edctimas es reclamar justicia, no aceptar acuerdos impuestos por el fusil; al fin y al cabo, pocos habr\u00edan admitido que Osama Bin Laden no fuera a prisi\u00f3n y tuviera una curul gratis en un parlamento.<\/p>\n<blockquote><p>Encima. La Ley de Inversi\u00f3n Social es un paso en la direcci\u00f3n correcta para corregir desequilibrios sociales y mejorar las finanzas del Estado. Nosotros creemos en reformas progresivas y graduales para resolver problemas concretos, no en cambios radicales que en nombre de sociedades ideales promueve el terrorismo.<\/p><\/blockquote>\n","protected":false},"excerpt":{"rendered":"<p>Por Ruby Chag\u00fci Spath (Senadora de la Rep\u00fablica. Especial para Revista Zetta).- 13 de septiembre de 2021.- Se cumplieron veinte a\u00f1os de los tres atentados suicidas de la organizaci\u00f3n Al Qaeda la ma\u00f1ana del martes 11 de septiembre de 2001. Casi tres mil personas murieron y 25 mil recibieron heridas \u2013muchas permanentes\u2013 y hubo p\u00e9rdidas econ\u00f3micas calculadas en 10 mil millones de d\u00f3lares porque 19 terroristas secuestraron a cuatro aviones comerciales de American Airlines y United Airlines para convertirlos en las armas que atacaron las Torres Gemelas del World Trade&#8230; <\/p>\n","protected":false},"author":3,"featured_media":42210,"comment_status":"closed","ping_status":"closed","sticky":false,"template":"","format":"standard","meta":{"footnotes":"","_links_to":"","_links_to_target":""},"categories":[44,65],"tags":[288,289],"class_list":["post-42208","post","type-post","status-publish","format-standard","has-post-thumbnail","hentry","category-materiagris","category-opinion","tag-materia-gris","tag-opinion"],"_links":{"self":[{"href":"https:\/\/revistazetta.com\/index.php?rest_route=\/wp\/v2\/posts\/42208","targetHints":{"allow":["GET"]}}],"collection":[{"href":"https:\/\/revistazetta.com\/index.php?rest_route=\/wp\/v2\/posts"}],"about":[{"href":"https:\/\/revistazetta.com\/index.php?rest_route=\/wp\/v2\/types\/post"}],"author":[{"embeddable":true,"href":"https:\/\/revistazetta.com\/index.php?rest_route=\/wp\/v2\/users\/3"}],"replies":[{"embeddable":true,"href":"https:\/\/revistazetta.com\/index.php?rest_route=%2Fwp%2Fv2%2Fcomments&post=42208"}],"version-history":[{"count":0,"href":"https:\/\/revistazetta.com\/index.php?rest_route=\/wp\/v2\/posts\/42208\/revisions"}],"wp:featuredmedia":[{"embeddable":true,"href":"https:\/\/revistazetta.com\/index.php?rest_route=\/wp\/v2\/media\/42210"}],"wp:attachment":[{"href":"https:\/\/revistazetta.com\/index.php?rest_route=%2Fwp%2Fv2%2Fmedia&parent=42208"}],"wp:term":[{"taxonomy":"category","embeddable":true,"href":"https:\/\/revistazetta.com\/index.php?rest_route=%2Fwp%2Fv2%2Fcategories&post=42208"},{"taxonomy":"post_tag","embeddable":true,"href":"https:\/\/revistazetta.com\/index.php?rest_route=%2Fwp%2Fv2%2Ftags&post=42208"}],"curies":[{"name":"wp","href":"https:\/\/api.w.org\/{rel}","templated":true}]}}