{"id":42216,"date":"2021-09-13T16:20:00","date_gmt":"2021-09-13T21:20:00","guid":{"rendered":"https:\/\/revistazetta.com\/?p=42216"},"modified":"2021-09-13T16:20:00","modified_gmt":"2021-09-13T21:20:00","slug":"cartagena-incubadora-de-talentos-de-la-tecnologia","status":"publish","type":"post","link":"https:\/\/revistazetta.com\/?p=42216","title":{"rendered":"Cartagena, incubadora de talentos de la tecnolog\u00eda"},"content":{"rendered":"<blockquote><p><span style=\"color: #000080;\"><em>Gracias a la empresa privada, j\u00f3venes de diferentes estratos de la capital de Bol\u00edvar, pueden cumplir sus sue\u00f1os profesionales y trabajar en grandes compa\u00f1\u00edas internacionales.<\/em><\/span><\/p><\/blockquote>\n<p><strong>Cartagena de Indias, 13 de septiembre de 2021.-<\/strong> John Alexander Garc\u00eda, de 24 a\u00f1os y quien debi\u00f3 poner en pausa sus estudios de ingenier\u00eda mecatr\u00f3nica, sue\u00f1a con ser un gran profesional y crear su propio negocio, por eso no lo pens\u00f3 dos veces y decidi\u00f3 hacer parte del selecto grupo de j\u00f3venes talentos que cada a\u00f1o ingresan a CAR (Centro de Alto Rendimiento) donde se capacitan en nuevas tecnolog\u00edas de la industria 4.0, inteligencia artificial, RPA, Big Data, machine learning, lenguaje de programaci\u00f3n PYTHON con framework DJANGO e ingl\u00e9s como segunda lengua.<\/p>\n<p>La historia de John Alexander es inspiradora porque pas\u00f3 de conectar cables a conectar base de datos. \u201cPor situaciones adversas tuve que suspender mis estudios universitarios, pero eso no ha sido impedimento para seguir aprendiendo. En CAR nos ense\u00f1an en un entorno real y salimos con proyecci\u00f3n, yo tengo en proyecto personal que es crear una plataforma digital de la que hagan parte tenderos de la ciudad, estoy trabajando en eso, lo sue\u00f1o, lo visiono y estoy poniendo en pr\u00e1ctica lo aprendido\u201d, asegur\u00f3.<\/p>\n<p>As\u00ed como John tambi\u00e9n est\u00e1 Pedro Caraballo, ingeniero de sistemas de la Universidad de Cartagena y nacido en el municipio de Mahates, Bol\u00edvar. Pedro fue reconocido por obtener el mejor promedio del programa en su versi\u00f3n 2021. \u201cTrabajaba como independiente y se me present\u00f3 la oportunidad de seguir capacit\u00e1ndome, hay que hacerlo porque conseguir empleo como ingeniero de sistemas no es f\u00e1cil, toca luch\u00e1rsela en una ciudad que adem\u00e1s se ha visto muy afectada por la pandemia\u201d, afirm\u00f3 Caraballo.<\/p>\n<p><strong>\u00bfQu\u00e9 es CAR?<\/strong><br \/>\nEl Centro de Alto Rendimiento es el sue\u00f1o del ingeniero cartagenero William V\u00e1squez, gerente general de la compa\u00f1\u00eda LSV-TECH, que empez\u00f3 a desarrollarse en el 2017 y que hasta la fecha ha capacitado a 45 j\u00f3venes.<br \/>\nV\u00e1squez se visualiza a Cartagena como el futuro Silicon Valley de Colombia, impactando positivamente las vidas de los j\u00f3venes a trav\u00e9s de la transformaci\u00f3n digital.<\/p>\n<p>\u201cEn Cartagena la pobreza est\u00e1 diagnosticada pero no existen soluciones, nosotros quisimos ser parte de la soluci\u00f3n y no del problema, por eso desde 2017 comenzamos este proceso para entrenar j\u00f3venes porque en la ciudad hay mucho talento, buscando que una vez terminada la capacitaci\u00f3n, ellos puedan hacer parte de las empresas locales e internacionales\u201d, explic\u00f3 V\u00e1squez.<\/p>\n<p>En su primera versi\u00f3n CAR cont\u00f3 con 460 j\u00f3venes talentos convocados a trav\u00e9s de diferentes plataformas y giras por las universidades de Cartagena, dentro de los cuales solo 12 fueron los seleccionados para capacitarse en el Centro de Alto Rendimiento. Asimismo, en su segunda versi\u00f3n cont\u00f3 con una convocatoria de 316 de los cuales 15 lograron obtener los puntajes para ser acreedores de los beneficios del CAR. En este 2021 se postularon 300 j\u00f3venes de los cuales 18 fueron los finalmente seleccionados.<\/p>\n<p>De las convocatorias anteriores, m\u00e1s de 30 talentos locales se encuentran trabajando para las compa\u00f1\u00edas internacionales como NOKIA a trav\u00e9s de Zina Team y para algunas empresas de talla internacional como Mercado Libre.<\/p>\n","protected":false},"excerpt":{"rendered":"<p>Gracias a la empresa privada, j\u00f3venes de diferentes estratos de la capital de Bol\u00edvar, pueden cumplir sus sue\u00f1os profesionales y trabajar en grandes compa\u00f1\u00edas internacionales. Cartagena de Indias, 13 de septiembre de 2021.- John Alexander Garc\u00eda, de 24 a\u00f1os y quien debi\u00f3 poner en pausa sus estudios de ingenier\u00eda mecatr\u00f3nica, sue\u00f1a con ser un gran profesional y crear su propio negocio, por eso no lo pens\u00f3 dos veces y decidi\u00f3 hacer parte del selecto grupo de j\u00f3venes talentos que cada a\u00f1o ingresan a CAR (Centro de Alto Rendimiento) donde se&#8230; <\/p>\n","protected":false},"author":3,"featured_media":42219,"comment_status":"closed","ping_status":"closed","sticky":false,"template":"","format":"standard","meta":{"footnotes":"","_links_to":"","_links_to_target":""},"categories":[334],"tags":[335],"class_list":["post-42216","post","type-post","status-publish","format-standard","has-post-thumbnail","hentry","category-tecnologia","tag-tecnologia"],"_links":{"self":[{"href":"https:\/\/revistazetta.com\/index.php?rest_route=\/wp\/v2\/posts\/42216","targetHints":{"allow":["GET"]}}],"collection":[{"href":"https:\/\/revistazetta.com\/index.php?rest_route=\/wp\/v2\/posts"}],"about":[{"href":"https:\/\/revistazetta.com\/index.php?rest_route=\/wp\/v2\/types\/post"}],"author":[{"embeddable":true,"href":"https:\/\/revistazetta.com\/index.php?rest_route=\/wp\/v2\/users\/3"}],"replies":[{"embeddable":true,"href":"https:\/\/revistazetta.com\/index.php?rest_route=%2Fwp%2Fv2%2Fcomments&post=42216"}],"version-history":[{"count":0,"href":"https:\/\/revistazetta.com\/index.php?rest_route=\/wp\/v2\/posts\/42216\/revisions"}],"wp:featuredmedia":[{"embeddable":true,"href":"https:\/\/revistazetta.com\/index.php?rest_route=\/wp\/v2\/media\/42219"}],"wp:attachment":[{"href":"https:\/\/revistazetta.com\/index.php?rest_route=%2Fwp%2Fv2%2Fmedia&parent=42216"}],"wp:term":[{"taxonomy":"category","embeddable":true,"href":"https:\/\/revistazetta.com\/index.php?rest_route=%2Fwp%2Fv2%2Fcategories&post=42216"},{"taxonomy":"post_tag","embeddable":true,"href":"https:\/\/revistazetta.com\/index.php?rest_route=%2Fwp%2Fv2%2Ftags&post=42216"}],"curies":[{"name":"wp","href":"https:\/\/api.w.org\/{rel}","templated":true}]}}