{"id":42935,"date":"2021-11-05T07:35:51","date_gmt":"2021-11-05T12:35:51","guid":{"rendered":"https:\/\/revistazetta.com\/?p=42935"},"modified":"2021-11-05T07:35:51","modified_gmt":"2021-11-05T12:35:51","slug":"senador-john-milton-rodriguez-busca-la-presidencia-de-la-republica","status":"publish","type":"post","link":"https:\/\/revistazetta.com\/?p=42935","title":{"rendered":"Senador John Milton Rodr\u00edguez busca la Presidencia de la Rep\u00fablica"},"content":{"rendered":"<p><strong>Cartagena de Indias, 5 de noviembre de 2021.-<\/strong> \u00abNos une Colombia\u00bb es el nombre de la alianza sellada entre los partidos Colombia Justa Libre y MIRA, para llevar una candidatura presidencial as\u00ed como listas conjuntas a Senado y C\u00e1mara de Representantes.<\/p>\n<p>Este s\u00e1bado se definir\u00e1 la candidatura presidencial de Colombia Justa Libre en una convenci\u00f3n donde se presentar\u00e1 el senador John Milton Rodr\u00edguez como opci\u00f3n a la Primera Magistratura.<\/p>\n<p>En di\u00e1logo con Revista Zetta, el senador Rodr\u00edguez confirm\u00f3 que en Bol\u00edvar tendr\u00e1n una lista a c\u00e1mara de Representantes.<\/p>\n<p>&nbsp;<\/p>\n","protected":false},"excerpt":{"rendered":"<p>Cartagena de Indias, 5 de noviembre de 2021.- \u00abNos une Colombia\u00bb es el nombre de la alianza sellada entre los partidos Colombia Justa Libre y MIRA, para llevar una candidatura presidencial as\u00ed como listas conjuntas a Senado y C\u00e1mara de Representantes. Este s\u00e1bado se definir\u00e1 la candidatura presidencial de Colombia Justa Libre en una convenci\u00f3n donde se presentar\u00e1 el senador John Milton Rodr\u00edguez como opci\u00f3n a la Primera Magistratura. En di\u00e1logo con Revista Zetta, el senador Rodr\u00edguez confirm\u00f3 que en Bol\u00edvar tendr\u00e1n una lista a c\u00e1mara de Representantes. &nbsp;<\/p>\n","protected":false},"author":3,"featured_media":42936,"comment_status":"closed","ping_status":"closed","sticky":false,"template":"","format":"standard","meta":{"footnotes":"","_links_to":"","_links_to_target":""},"categories":[4,287],"tags":[313,298],"class_list":["post-42935","post","type-post","status-publish","format-standard","has-post-thumbnail","hentry","category-politica","category-nacional","tag-nacional","tag-politica"],"_links":{"self":[{"href":"https:\/\/revistazetta.com\/index.php?rest_route=\/wp\/v2\/posts\/42935","targetHints":{"allow":["GET"]}}],"collection":[{"href":"https:\/\/revistazetta.com\/index.php?rest_route=\/wp\/v2\/posts"}],"about":[{"href":"https:\/\/revistazetta.com\/index.php?rest_route=\/wp\/v2\/types\/post"}],"author":[{"embeddable":true,"href":"https:\/\/revistazetta.com\/index.php?rest_route=\/wp\/v2\/users\/3"}],"replies":[{"embeddable":true,"href":"https:\/\/revistazetta.com\/index.php?rest_route=%2Fwp%2Fv2%2Fcomments&post=42935"}],"version-history":[{"count":0,"href":"https:\/\/revistazetta.com\/index.php?rest_route=\/wp\/v2\/posts\/42935\/revisions"}],"wp:featuredmedia":[{"embeddable":true,"href":"https:\/\/revistazetta.com\/index.php?rest_route=\/wp\/v2\/media\/42936"}],"wp:attachment":[{"href":"https:\/\/revistazetta.com\/index.php?rest_route=%2Fwp%2Fv2%2Fmedia&parent=42935"}],"wp:term":[{"taxonomy":"category","embeddable":true,"href":"https:\/\/revistazetta.com\/index.php?rest_route=%2Fwp%2Fv2%2Fcategories&post=42935"},{"taxonomy":"post_tag","embeddable":true,"href":"https:\/\/revistazetta.com\/index.php?rest_route=%2Fwp%2Fv2%2Ftags&post=42935"}],"curies":[{"name":"wp","href":"https:\/\/api.w.org\/{rel}","templated":true}]}}