{"id":42978,"date":"2021-11-08T15:11:10","date_gmt":"2021-11-08T20:11:10","guid":{"rendered":"https:\/\/revistazetta.com\/?p=42978"},"modified":"2021-11-08T15:11:49","modified_gmt":"2021-11-08T20:11:49","slug":"listos-los-campeones-que-representaran-a-bolivar-en-la-final-nacional-de-los-iii-juegos-comunales","status":"publish","type":"post","link":"https:\/\/revistazetta.com\/?p=42978","title":{"rendered":"Listos los campeones que representar\u00e1n a Bol\u00edvar en la final nacional de los III Juegos Comunales"},"content":{"rendered":"<p><strong>Gracias a la organizaci\u00f3n de la Gobernaci\u00f3n de Bol\u00edvar, a trav\u00e9s de Iderbol, finaliz\u00f3 con \u00e9xito la Fase Final Departamental de los Juegos Comunales.<\/strong><\/p>\n<p><strong>Magangu\u00e9, 8 de Noviembre de 2021.-<\/strong> Durante cuatro d\u00edas se vivi\u00f3 una gran fiesta deportiva en el municipio de Magangu\u00e9 con grader\u00edas llenas, comitivas y grupos de barras apoyando a sus respectivos equipos en cada uno de los escenarios donde se desarrollaron las competencias; esto confirma la gran organizaci\u00f3n que tuvo el Instituto Departamental de Deporte y Recreaci\u00f3n (Iderbol), con esta fase departamental.<\/p>\n<p><img loading=\"lazy\" decoding=\"async\" class=\"alignnone size-medium wp-image-42981\" src=\"https:\/\/revistazetta.com\/wp-content\/uploads\/2021\/11\/WhatsApp-Image-2021-11-08-at-1.17.59-PM-3-400x267.jpeg\" alt=\"\" width=\"400\" height=\"267\" srcset=\"https:\/\/revistazetta.com\/wp-content\/uploads\/2021\/11\/WhatsApp-Image-2021-11-08-at-1.17.59-PM-3-400x267.jpeg 400w, https:\/\/revistazetta.com\/wp-content\/uploads\/2021\/11\/WhatsApp-Image-2021-11-08-at-1.17.59-PM-3-1024x682.jpeg 1024w, https:\/\/revistazetta.com\/wp-content\/uploads\/2021\/11\/WhatsApp-Image-2021-11-08-at-1.17.59-PM-3.jpeg 1280w\" sizes=\"auto, (max-width: 400px) 100vw, 400px\" \/><\/p>\n<p>En el \u00faltimo d\u00eda de competencia se jugaron las finales de Futsal\u00f3n Masculino y Femenino, resultando ganadores en Masculino Magangu\u00e9 y en Femenino Turbaco; De igual manera en el Baloncesto Masculino, se disput\u00f3 la final Magangu\u00e9 ante Cartagena, resultando ganador el equipo cartagenero.<\/p>\n<p>Para el gerente de Iderbol, Pedro Al\u00ed , la jornada fue exitosa y manifest\u00f3 que \u201cestoy contento por la participaci\u00f3n de todas las delegaciones , por el buen ambiente que se vivi\u00f3, obtuvimos un balance positivo y ahora nos prepararemos para lo que se viene en Cartagena en el mes de Diciembre \u201c.<\/p>\n<p><img loading=\"lazy\" decoding=\"async\" class=\"alignnone size-medium wp-image-42984\" src=\"https:\/\/revistazetta.com\/wp-content\/uploads\/2021\/11\/WhatsApp-Image-2021-11-08-at-1.18.00-PM-2-400x267.jpeg\" alt=\"\" width=\"400\" height=\"267\" srcset=\"https:\/\/revistazetta.com\/wp-content\/uploads\/2021\/11\/WhatsApp-Image-2021-11-08-at-1.18.00-PM-2-400x267.jpeg 400w, https:\/\/revistazetta.com\/wp-content\/uploads\/2021\/11\/WhatsApp-Image-2021-11-08-at-1.18.00-PM-2-1024x682.jpeg 1024w, https:\/\/revistazetta.com\/wp-content\/uploads\/2021\/11\/WhatsApp-Image-2021-11-08-at-1.18.00-PM-2.jpeg 1280w\" sizes=\"auto, (max-width: 400px) 100vw, 400px\" \/><\/p>\n<p>John Hern\u00e1ndez , jugador de Futsal\u00f3n de Magangu\u00e9, quien fue una de las figuras del torneo, se mostr\u00f3 emocionado y feliz por haber contribuido en la clasificaci\u00f3n de su equipo, afirm\u00f3 que \u201c Fue aun torneo muy competitivo, el nivel de jugadores fue alto y gracias a Dios pudimos lograr el objetivo final que era ganar\u201d.<\/p>\n<p>Anny Acu\u00f1a, capitana del equipo Turbaco en Futsal\u00f3n, se mostr\u00f3 complacida por la gran organizaci\u00f3n de \u00e9stas justas deportivas y confirm\u00f3 que \u201cNuestro lema desde el principio fue alma, coraz\u00f3n y humildad, gracias a ello ganamos, nos sentimos orgullosas por haber logrado este cupo , siempre estuvimos confiadas en Dios de que las cosas se iban a dar. Ahora representaremos a Bol\u00edvar y entrenaremos muy fuerte para dar todo en Cartagena\u201d.<\/p>\n<p><img loading=\"lazy\" decoding=\"async\" class=\"alignnone size-medium wp-image-42985\" src=\"https:\/\/revistazetta.com\/wp-content\/uploads\/2021\/11\/WhatsApp-Image-2021-11-08-at-1.18.00-PM-400x267.jpeg\" alt=\"\" width=\"400\" height=\"267\" srcset=\"https:\/\/revistazetta.com\/wp-content\/uploads\/2021\/11\/WhatsApp-Image-2021-11-08-at-1.18.00-PM-400x267.jpeg 400w, https:\/\/revistazetta.com\/wp-content\/uploads\/2021\/11\/WhatsApp-Image-2021-11-08-at-1.18.00-PM-1024x683.jpeg 1024w, https:\/\/revistazetta.com\/wp-content\/uploads\/2021\/11\/WhatsApp-Image-2021-11-08-at-1.18.00-PM-1536x1024.jpeg 1536w, https:\/\/revistazetta.com\/wp-content\/uploads\/2021\/11\/WhatsApp-Image-2021-11-08-at-1.18.00-PM.jpeg 1600w\" sizes=\"auto, (max-width: 400px) 100vw, 400px\" \/><\/p>\n<p>De esta manera cay\u00f3 el tel\u00f3n de esta fase clasificatoria y desde ya los deportistas ganadores se preparan para lo que se viene del 9 al 15 de diciembre en la final nacional de los III Juegos Comunales, que se realizar\u00e1 en la ciudad de Cartagena.<\/p>\n<p><strong>Clasificados<\/strong><\/p>\n<p><strong>Domin\u00f3 Masculino<\/strong><br \/>\nDagoberto Villalba, El Guamo<br \/>\nDomin\u00f3 Femenino<br \/>\nAna Z\u00fa\u00f1iga, de Magangu\u00e9.<\/p>\n<p><img loading=\"lazy\" decoding=\"async\" class=\"alignnone size-medium wp-image-42982\" src=\"https:\/\/revistazetta.com\/wp-content\/uploads\/2021\/11\/WhatsApp-Image-2021-11-08-at-1.17.59-PM-400x267.jpeg\" alt=\"\" width=\"400\" height=\"267\" srcset=\"https:\/\/revistazetta.com\/wp-content\/uploads\/2021\/11\/WhatsApp-Image-2021-11-08-at-1.17.59-PM-400x267.jpeg 400w, https:\/\/revistazetta.com\/wp-content\/uploads\/2021\/11\/WhatsApp-Image-2021-11-08-at-1.17.59-PM-1024x682.jpeg 1024w, https:\/\/revistazetta.com\/wp-content\/uploads\/2021\/11\/WhatsApp-Image-2021-11-08-at-1.17.59-PM.jpeg 1280w\" sizes=\"auto, (max-width: 400px) 100vw, 400px\" \/><br \/>\n<strong>Atletismo<\/strong><br \/>\nMasculino en 100 mts y en 400mts planos, Gustavo Bassa de Magangu\u00e9.<br \/>\nFemenino en 100 mts y en los 200 mts planos , G\u00e9nesis Malloma de Cartagena.<br \/>\nEn Fondo 10K , Efra\u00edn Meza de Cartagena<\/p>\n<p><strong>Mini Tejo Femenino <\/strong><br \/>\nAlenis Vel\u00e1squez y Rosa Paternina de Cartagena.<\/p>\n<p><strong>Tejo<\/strong><br \/>\nAndro Cumplido y Adri\u00e1n Gamarra de Magangu\u00e9, ganadores en Tejo.<\/p>\n<p><strong>Billar<\/strong><br \/>\nHumberto Cano, Magangu\u00e9.<\/p>\n<p><img loading=\"lazy\" decoding=\"async\" class=\"alignnone size-medium wp-image-42979\" src=\"https:\/\/revistazetta.com\/wp-content\/uploads\/2021\/11\/WhatsApp-Image-2021-11-08-at-1.17.59-PM-1-400x299.jpeg\" alt=\"\" width=\"400\" height=\"299\" srcset=\"https:\/\/revistazetta.com\/wp-content\/uploads\/2021\/11\/WhatsApp-Image-2021-11-08-at-1.17.59-PM-1-400x299.jpeg 400w, https:\/\/revistazetta.com\/wp-content\/uploads\/2021\/11\/WhatsApp-Image-2021-11-08-at-1.17.59-PM-1.jpeg 955w\" sizes=\"auto, (max-width: 400px) 100vw, 400px\" \/><\/p>\n<p><strong>Ajedrez Femenino <\/strong><br \/>\nGabriela Mar\u00edn de Cartagena<br \/>\nAjedrez Masculino<br \/>\nJuan Duque Castillo, Cartagena<\/p>\n<p><strong>Rana<\/strong><br \/>\nCarlos Cordero Cervantes, Cartagena<\/p>\n<p><strong>Baloncesto Masculino <\/strong><br \/>\nCartagena<br \/>\n<strong>Baloncesto Femenino <\/strong><br \/>\nCartagena<br \/>\n<strong>Futsal\u00f3n Femenino<\/strong><br \/>\nTurbaco<br \/>\n<strong>Futsal\u00f3n Masculino<\/strong><br \/>\nCartagena<\/p>\n<p>&nbsp;<\/p>\n<p><img loading=\"lazy\" decoding=\"async\" class=\"alignnone size-medium wp-image-42980\" src=\"https:\/\/revistazetta.com\/wp-content\/uploads\/2021\/11\/WhatsApp-Image-2021-11-08-at-1.17.59-PM-2-400x267.jpeg\" alt=\"\" width=\"400\" height=\"267\" srcset=\"https:\/\/revistazetta.com\/wp-content\/uploads\/2021\/11\/WhatsApp-Image-2021-11-08-at-1.17.59-PM-2-400x267.jpeg 400w, https:\/\/revistazetta.com\/wp-content\/uploads\/2021\/11\/WhatsApp-Image-2021-11-08-at-1.17.59-PM-2-1024x682.jpeg 1024w, https:\/\/revistazetta.com\/wp-content\/uploads\/2021\/11\/WhatsApp-Image-2021-11-08-at-1.17.59-PM-2-1536x1023.jpeg 1536w, https:\/\/revistazetta.com\/wp-content\/uploads\/2021\/11\/WhatsApp-Image-2021-11-08-at-1.17.59-PM-2.jpeg 1600w\" sizes=\"auto, (max-width: 400px) 100vw, 400px\" \/><\/p>\n","protected":false},"excerpt":{"rendered":"<p>Gracias a la organizaci\u00f3n de la Gobernaci\u00f3n de Bol\u00edvar, a trav\u00e9s de Iderbol, finaliz\u00f3 con \u00e9xito la Fase Final Departamental de los Juegos Comunales. Magangu\u00e9, 8 de Noviembre de 2021.- Durante cuatro d\u00edas se vivi\u00f3 una gran fiesta deportiva en el municipio de Magangu\u00e9 con grader\u00edas llenas, comitivas y grupos de barras apoyando a sus respectivos equipos en cada uno de los escenarios donde se desarrollaron las competencias; esto confirma la gran organizaci\u00f3n que tuvo el Instituto Departamental de Deporte y Recreaci\u00f3n (Iderbol), con esta fase departamental. En el \u00faltimo&#8230; <\/p>\n","protected":false},"author":3,"featured_media":42986,"comment_status":"closed","ping_status":"closed","sticky":false,"template":"","format":"standard","meta":{"footnotes":"","_links_to":"","_links_to_target":""},"categories":[75],"tags":[],"class_list":["post-42978","post","type-post","status-publish","format-standard","has-post-thumbnail","hentry","category-destacada"],"_links":{"self":[{"href":"https:\/\/revistazetta.com\/index.php?rest_route=\/wp\/v2\/posts\/42978","targetHints":{"allow":["GET"]}}],"collection":[{"href":"https:\/\/revistazetta.com\/index.php?rest_route=\/wp\/v2\/posts"}],"about":[{"href":"https:\/\/revistazetta.com\/index.php?rest_route=\/wp\/v2\/types\/post"}],"author":[{"embeddable":true,"href":"https:\/\/revistazetta.com\/index.php?rest_route=\/wp\/v2\/users\/3"}],"replies":[{"embeddable":true,"href":"https:\/\/revistazetta.com\/index.php?rest_route=%2Fwp%2Fv2%2Fcomments&post=42978"}],"version-history":[{"count":0,"href":"https:\/\/revistazetta.com\/index.php?rest_route=\/wp\/v2\/posts\/42978\/revisions"}],"wp:featuredmedia":[{"embeddable":true,"href":"https:\/\/revistazetta.com\/index.php?rest_route=\/wp\/v2\/media\/42986"}],"wp:attachment":[{"href":"https:\/\/revistazetta.com\/index.php?rest_route=%2Fwp%2Fv2%2Fmedia&parent=42978"}],"wp:term":[{"taxonomy":"category","embeddable":true,"href":"https:\/\/revistazetta.com\/index.php?rest_route=%2Fwp%2Fv2%2Fcategories&post=42978"},{"taxonomy":"post_tag","embeddable":true,"href":"https:\/\/revistazetta.com\/index.php?rest_route=%2Fwp%2Fv2%2Ftags&post=42978"}],"curies":[{"name":"wp","href":"https:\/\/api.w.org\/{rel}","templated":true}]}}