{"id":43374,"date":"2021-12-05T10:45:18","date_gmt":"2021-12-05T15:45:18","guid":{"rendered":"https:\/\/revistazetta.com\/?p=43374"},"modified":"2021-12-08T10:39:32","modified_gmt":"2021-12-08T15:39:32","slug":"definidos-los-finalistas-del-festival-de-bandas-departamental-bolivar-primero","status":"publish","type":"post","link":"https:\/\/revistazetta.com\/?p=43374","title":{"rendered":"Definidos los finalistas del Festival de Bandas Departamental Bol\u00edvar Primero"},"content":{"rendered":"<p><strong>Cartagena de Indias, 5 de diciembre de 2021.-<\/strong> Estos son los finalistas del Festival de Bandas:<\/p>\n<p>\ud83c\udfba En la categor\u00eda MENOR del Noveno Festival Departamental de Bandas Bol\u00edvar Primero.<\/p>\n<p>Estas son las 4 bandas que se destacaron y seguir\u00e1n dando lo mejor de s\u00ed para lograr los primeros lugares en esta segunda edici\u00f3n virtual.<\/p>\n<p>Categor\u00eda Menor:<br \/>\n\ud83d\udccc Banda 23 de Noviembre de Santa Rosa del Sur<br \/>\n\ud83d\udcccBanda Escuela de M\u00fasica Casa de la Cultura de Zambrano<br \/>\n\ud83d\udcccBanda Juvenil 16 de Mayo de La Casa de La Cultura de San Juan Nepomuceno<br \/>\n\ud83d\udcccEscuela de M\u00fasica IMDERCUPIN Banda Juvenil 8 de Diciembre de Pinillos (\u2705recibi\u00f3 el 10% de la votaci\u00f3n por aceptaci\u00f3n del p\u00fablico)<\/p>\n<p><img loading=\"lazy\" decoding=\"async\" class=\"alignnone size-medium wp-image-43376\" src=\"https:\/\/revistazetta.com\/wp-content\/uploads\/2021\/12\/WhatsApp-Image-2021-12-04-at-8.33.42-PM-400x225.jpeg\" alt=\"\" width=\"400\" height=\"225\" srcset=\"https:\/\/revistazetta.com\/wp-content\/uploads\/2021\/12\/WhatsApp-Image-2021-12-04-at-8.33.42-PM-400x225.jpeg 400w, https:\/\/revistazetta.com\/wp-content\/uploads\/2021\/12\/WhatsApp-Image-2021-12-04-at-8.33.42-PM-1024x576.jpeg 1024w, https:\/\/revistazetta.com\/wp-content\/uploads\/2021\/12\/WhatsApp-Image-2021-12-04-at-8.33.42-PM.jpeg 1280w\" sizes=\"auto, (max-width: 400px) 100vw, 400px\" \/><\/p>\n<p>Estas son las 4 bandas de la categor\u00eda MAYOR que se destacaron y seguir\u00e1n dando lo mejor de s\u00ed para lograr los primeros lugares en esta segunda edici\u00f3n virtual.<\/p>\n<p>Categor\u00eda Mayor:<br \/>\n\ud83d\udccc Gran Banda La Valerosa de Mompox<br \/>\n\ud83d\udcccEscuela de M\u00fasica Banda Juvenil de Noros\u00ed<br \/>\n\ud83d\udcccBanda 29 de junio de San Pablo<br \/>\n\ud83d\udcccCorporaci\u00f3n Cultural 25 de noviembre de Santa Catalina<\/p>\n<p><img loading=\"lazy\" decoding=\"async\" class=\"alignnone size-medium wp-image-43375\" src=\"https:\/\/revistazetta.com\/wp-content\/uploads\/2021\/12\/WhatsApp-Image-2021-12-04-at-8.29.09-PM-400x225.jpeg\" alt=\"\" width=\"400\" height=\"225\" srcset=\"https:\/\/revistazetta.com\/wp-content\/uploads\/2021\/12\/WhatsApp-Image-2021-12-04-at-8.29.09-PM-400x225.jpeg 400w, https:\/\/revistazetta.com\/wp-content\/uploads\/2021\/12\/WhatsApp-Image-2021-12-04-at-8.29.09-PM-1024x576.jpeg 1024w, https:\/\/revistazetta.com\/wp-content\/uploads\/2021\/12\/WhatsApp-Image-2021-12-04-at-8.29.09-PM.jpeg 1080w\" sizes=\"auto, (max-width: 400px) 100vw, 400px\" \/><\/p>\n<p>&nbsp;<\/p>\n<p>&nbsp;<\/p>\n","protected":false},"excerpt":{"rendered":"<p>Cartagena de Indias, 5 de diciembre de 2021.- Estos son los finalistas del Festival de Bandas: \ud83c\udfba En la categor\u00eda MENOR del Noveno Festival Departamental de Bandas Bol\u00edvar Primero. Estas son las 4 bandas que se destacaron y seguir\u00e1n dando lo mejor de s\u00ed para lograr los primeros lugares en esta segunda edici\u00f3n virtual. Categor\u00eda Menor: \ud83d\udccc Banda 23 de Noviembre de Santa Rosa del Sur \ud83d\udcccBanda Escuela de M\u00fasica Casa de la Cultura de Zambrano \ud83d\udcccBanda Juvenil 16 de Mayo de La Casa de La Cultura de San Juan&#8230; <\/p>\n","protected":false},"author":3,"featured_media":43377,"comment_status":"closed","ping_status":"closed","sticky":false,"template":"","format":"standard","meta":{"footnotes":"","_links_to":"","_links_to_target":""},"categories":[41,43],"tags":[290,370,304],"class_list":["post-43374","post","type-post","status-publish","format-standard","has-post-thumbnail","hentry","category-cultura","category-cultura-musica","tag-cultura","tag-icultur","tag-musica"],"_links":{"self":[{"href":"https:\/\/revistazetta.com\/index.php?rest_route=\/wp\/v2\/posts\/43374","targetHints":{"allow":["GET"]}}],"collection":[{"href":"https:\/\/revistazetta.com\/index.php?rest_route=\/wp\/v2\/posts"}],"about":[{"href":"https:\/\/revistazetta.com\/index.php?rest_route=\/wp\/v2\/types\/post"}],"author":[{"embeddable":true,"href":"https:\/\/revistazetta.com\/index.php?rest_route=\/wp\/v2\/users\/3"}],"replies":[{"embeddable":true,"href":"https:\/\/revistazetta.com\/index.php?rest_route=%2Fwp%2Fv2%2Fcomments&post=43374"}],"version-history":[{"count":0,"href":"https:\/\/revistazetta.com\/index.php?rest_route=\/wp\/v2\/posts\/43374\/revisions"}],"wp:featuredmedia":[{"embeddable":true,"href":"https:\/\/revistazetta.com\/index.php?rest_route=\/wp\/v2\/media\/43377"}],"wp:attachment":[{"href":"https:\/\/revistazetta.com\/index.php?rest_route=%2Fwp%2Fv2%2Fmedia&parent=43374"}],"wp:term":[{"taxonomy":"category","embeddable":true,"href":"https:\/\/revistazetta.com\/index.php?rest_route=%2Fwp%2Fv2%2Fcategories&post=43374"},{"taxonomy":"post_tag","embeddable":true,"href":"https:\/\/revistazetta.com\/index.php?rest_route=%2Fwp%2Fv2%2Ftags&post=43374"}],"curies":[{"name":"wp","href":"https:\/\/api.w.org\/{rel}","templated":true}]}}