{"id":43495,"date":"2021-12-13T23:19:58","date_gmt":"2021-12-14T04:19:58","guid":{"rendered":"https:\/\/revistazetta.com\/?p=43495"},"modified":"2021-12-13T23:20:27","modified_gmt":"2021-12-14T04:20:27","slug":"jorge-benedetti-oficialmente-inscrito-al-senado-con-el-12-por-cambio-radical","status":"publish","type":"post","link":"https:\/\/revistazetta.com\/?p=43495","title":{"rendered":"Jorge Benedetti se inscribi\u00f3 como candidato al Senado por Cambio Radical y tiene el N\u00ba 12 en la lista"},"content":{"rendered":"<p><strong>Cartagena de Indias, 14 de diciembre de 2021.-<\/strong> De manera virtual, el actual representante a la C\u00e1mara, Jorge Benedetti Martelo, se inscribi\u00f3 oficialmente como candidato al Senado por el Partido Cambio Radical con el n\u00famero 12.<\/p>\n<p>Benedetti Martelo ha venido trabajando en el fortalecimiento de su movimiento pol\u00edtico con visitas casa a casa y a organizaciones sociales y ciudadanas en Bolivar y otras regiones de Colombia. De igual forma, cuenta con el respaldo de l\u00edderes y dirigentes en la geograf\u00eda bolivarense.<\/p>\n<p>Ha participado en m\u00e1s de 60 proyectos de ley, de los cuales ha sido coautor principal en 5 de estos, de los que destacan el de voto obligatorio transitorio, gesti\u00f3n menstrual y licencia para personas con familiares en fase terminal, entre otros. De igual forma, ha sido ponente en m\u00e1s 40 iniciativas legislativas, entre los que destaca la que crea la pol\u00edtica de empleo verde y la licencia parental compartida.<\/p>\n","protected":false},"excerpt":{"rendered":"<p>Cartagena de Indias, 14 de diciembre de 2021.- De manera virtual, el actual representante a la C\u00e1mara, Jorge Benedetti Martelo, se inscribi\u00f3 oficialmente como candidato al Senado por el Partido Cambio Radical con el n\u00famero 12. Benedetti Martelo ha venido trabajando en el fortalecimiento de su movimiento pol\u00edtico con visitas casa a casa y a organizaciones sociales y ciudadanas en Bolivar y otras regiones de Colombia. De igual forma, cuenta con el respaldo de l\u00edderes y dirigentes en la geograf\u00eda bolivarense. Ha participado en m\u00e1s de 60 proyectos de ley,&#8230; <\/p>\n","protected":false},"author":3,"featured_media":43496,"comment_status":"closed","ping_status":"closed","sticky":false,"template":"","format":"standard","meta":{"footnotes":"","_links_to":"","_links_to_target":""},"categories":[4,82],"tags":[417,257,298,234],"class_list":["post-43495","post","type-post","status-publish","format-standard","has-post-thumbnail","hentry","category-politica","category-senado","tag-cambio-radical","tag-jorge-benedetti","tag-politica","tag-senado"],"_links":{"self":[{"href":"https:\/\/revistazetta.com\/index.php?rest_route=\/wp\/v2\/posts\/43495","targetHints":{"allow":["GET"]}}],"collection":[{"href":"https:\/\/revistazetta.com\/index.php?rest_route=\/wp\/v2\/posts"}],"about":[{"href":"https:\/\/revistazetta.com\/index.php?rest_route=\/wp\/v2\/types\/post"}],"author":[{"embeddable":true,"href":"https:\/\/revistazetta.com\/index.php?rest_route=\/wp\/v2\/users\/3"}],"replies":[{"embeddable":true,"href":"https:\/\/revistazetta.com\/index.php?rest_route=%2Fwp%2Fv2%2Fcomments&post=43495"}],"version-history":[{"count":0,"href":"https:\/\/revistazetta.com\/index.php?rest_route=\/wp\/v2\/posts\/43495\/revisions"}],"wp:featuredmedia":[{"embeddable":true,"href":"https:\/\/revistazetta.com\/index.php?rest_route=\/wp\/v2\/media\/43496"}],"wp:attachment":[{"href":"https:\/\/revistazetta.com\/index.php?rest_route=%2Fwp%2Fv2%2Fmedia&parent=43495"}],"wp:term":[{"taxonomy":"category","embeddable":true,"href":"https:\/\/revistazetta.com\/index.php?rest_route=%2Fwp%2Fv2%2Fcategories&post=43495"},{"taxonomy":"post_tag","embeddable":true,"href":"https:\/\/revistazetta.com\/index.php?rest_route=%2Fwp%2Fv2%2Ftags&post=43495"}],"curies":[{"name":"wp","href":"https:\/\/api.w.org\/{rel}","templated":true}]}}