{"id":43497,"date":"2021-12-13T23:42:00","date_gmt":"2021-12-14T04:42:00","guid":{"rendered":"https:\/\/revistazetta.com\/?p=43497"},"modified":"2021-12-13T23:43:50","modified_gmt":"2021-12-14T04:43:50","slug":"casa-montes-y-casa-pereira-se-reencuentran-en-la-candidatura-a-camara-de-fernando-nino","status":"publish","type":"post","link":"https:\/\/revistazetta.com\/?p=43497","title":{"rendered":"Casa Montes y Casa Pereira se reencuentran en la candidatura a C\u00e1mara de Fernando Ni\u00f1o"},"content":{"rendered":"<p><strong>Cartagena de Indias, 14 de diciembre de 2021.-<\/strong> Despu\u00e9s de un distanciamiento de varios a\u00f1os, los sectores conservadores que se identifican con los liderazgos de William Montes y Pedrito Pereira vuelven a compartir objetivos, esta vez por la candidatura a C\u00e1mara del exconcejal Fernando Ni\u00f1o.<\/p>\n<p>El exsenador Montes y el exalcalde Pereira han tenido momentos de trabajo conjunto y otros de separaci\u00f3n, como ocurri\u00f3 cuando Pereira fue alcalde encargado de Cartagena, o antes cuando fue representante a la C\u00e1mara, y una permanente voz cr\u00edtica fue la de su otrora aliado.<\/p>\n<p>Mientras Pereira se retir\u00f3 temporalmente de la direcci\u00f3n pol\u00edtica para ocupar un cargo p\u00fablico, Montes sigui\u00f3 al frente de su grupo con la mira puesta en las elecciones de marzo pr\u00f3ximo.<\/p>\n<p>Las circunstancias los colocaron de nuevo en el mismo camino, pues Ni\u00f1o aprovech\u00f3 su cercan\u00eda con el concejal Rodrigo Reyes Pereira (primo de Pedrito) para labrar un reencuentro de fuerzas, donde se sum\u00f3 el diputado Miguel Cueter, as\u00ed como los l\u00edderes Merys Castro Pereira y Wilmer Castro Pereira, todos alfiles del exalcalde Pereira.<\/p>\n<p>As\u00ed que hoy los tres sectores conservadores de Bol\u00edvar (Blel, Montes y Pereira) trabajan por la gran lista conservadora a C\u00e1mara. (Blel con Yamilito Arana como principal carta para la C\u00e1mara de Representantes).<\/p>\n<p>Para el abogado, especialista y magister en derecho administrativo Fernando Ni\u00f1o, estos respaldos son muy significativos para ganar un espacio en el Congreso de la Rep\u00fablica.<\/p>\n","protected":false},"excerpt":{"rendered":"<p>Cartagena de Indias, 14 de diciembre de 2021.- Despu\u00e9s de un distanciamiento de varios a\u00f1os, los sectores conservadores que se identifican con los liderazgos de William Montes y Pedrito Pereira vuelven a compartir objetivos, esta vez por la candidatura a C\u00e1mara del exconcejal Fernando Ni\u00f1o. El exsenador Montes y el exalcalde Pereira han tenido momentos de trabajo conjunto y otros de separaci\u00f3n, como ocurri\u00f3 cuando Pereira fue alcalde encargado de Cartagena, o antes cuando fue representante a la C\u00e1mara, y una permanente voz cr\u00edtica fue la de su otrora aliado&#8230;. <\/p>\n","protected":false},"author":3,"featured_media":43498,"comment_status":"closed","ping_status":"closed","sticky":false,"template":"","format":"standard","meta":{"footnotes":"","_links_to":"","_links_to_target":""},"categories":[4],"tags":[338,421,423,454,228,298,223],"class_list":["post-43497","post","type-post","status-publish","format-standard","has-post-thumbnail","hentry","category-politica","tag-camara-de-representantes","tag-elecciones-2022","tag-fernando-nino","tag-partido-conservador","tag-pedrito-pereira","tag-politica","tag-william-montes"],"_links":{"self":[{"href":"https:\/\/revistazetta.com\/index.php?rest_route=\/wp\/v2\/posts\/43497","targetHints":{"allow":["GET"]}}],"collection":[{"href":"https:\/\/revistazetta.com\/index.php?rest_route=\/wp\/v2\/posts"}],"about":[{"href":"https:\/\/revistazetta.com\/index.php?rest_route=\/wp\/v2\/types\/post"}],"author":[{"embeddable":true,"href":"https:\/\/revistazetta.com\/index.php?rest_route=\/wp\/v2\/users\/3"}],"replies":[{"embeddable":true,"href":"https:\/\/revistazetta.com\/index.php?rest_route=%2Fwp%2Fv2%2Fcomments&post=43497"}],"version-history":[{"count":0,"href":"https:\/\/revistazetta.com\/index.php?rest_route=\/wp\/v2\/posts\/43497\/revisions"}],"wp:featuredmedia":[{"embeddable":true,"href":"https:\/\/revistazetta.com\/index.php?rest_route=\/wp\/v2\/media\/43498"}],"wp:attachment":[{"href":"https:\/\/revistazetta.com\/index.php?rest_route=%2Fwp%2Fv2%2Fmedia&parent=43497"}],"wp:term":[{"taxonomy":"category","embeddable":true,"href":"https:\/\/revistazetta.com\/index.php?rest_route=%2Fwp%2Fv2%2Fcategories&post=43497"},{"taxonomy":"post_tag","embeddable":true,"href":"https:\/\/revistazetta.com\/index.php?rest_route=%2Fwp%2Fv2%2Ftags&post=43497"}],"curies":[{"name":"wp","href":"https:\/\/api.w.org\/{rel}","templated":true}]}}