{"id":43499,"date":"2021-12-14T10:06:28","date_gmt":"2021-12-14T15:06:28","guid":{"rendered":"https:\/\/revistazetta.com\/?p=43499"},"modified":"2021-12-14T10:07:10","modified_gmt":"2021-12-14T15:07:10","slug":"administracion-de-empresas-y-contaduria-publica-dos-carreras-que-ofrece-el-cread-bolivar-de-la-universidad-de-pamplona","status":"publish","type":"post","link":"https:\/\/revistazetta.com\/?p=43499","title":{"rendered":"Administraci\u00f3n de Empresas y Contadur\u00eda P\u00fablica, dos carreras que ofrece el CREAD Bol\u00edvar de la Universidad de Pamplona"},"content":{"rendered":"<p><strong>Cartagena de Indias, 14 de diciembre de 2021.-<\/strong>\u00a0Con la m\u00e1s alta certificaci\u00f3n acad\u00e9mica, la Universidad de Pamplona puso a disposici\u00f3n de la comunidad educativa de Bol\u00edvar las carreras de <b>Administraci\u00f3n de Empresas<\/b> y <b>Contadur\u00eda P\u00fablica, a trav\u00e9s del CREAD Bol\u00edvar.<\/b><\/p>\n<p>Se trata de un logro en la estrategia de la Universidad de Pamplona, en su compromiso con el desarrollo y crecimiento local, de facilitar el acceso a la educaci\u00f3n superior de los j\u00f3venes de las diferentes poblaciones del pa\u00eds, mediante los Centros Regionales de Educaci\u00f3n a Distancia \u2013 CREAD.<\/p>\n<p>Usted podr\u00e1 encontrar m\u00e1s informaci\u00f3n acerca de cada programa y el proceso de inscripci\u00f3n a trav\u00e9s de nuestra p\u00e1gina web <a href=\"http:\/\/www.unipamplona.edu.co\" target=\"_blank\" rel=\"noopener\">www.unipamplona.edu.co<\/a> o accediendo a trav\u00e9s del siguiente enlace <a href=\"https:\/\/www.unipamplona.edu.co\/unipamplona\/portalIG\/home_11\/recursos\/general\/contenidos_subgeneral\/inscripciones_distancia\/27022010\/inscripcionenlinea.jsp\" target=\"_blank\" rel=\"noopener\">https:\/\/www.unipamplona.edu.co\/unipamplona\/portalIG\/home_11\/recursos\/general\/contenidos_subgeneral\/inscripciones_distancia\/27022010\/inscripcionenlinea.jsp<\/a><\/p>\n<p>Tambi\u00e9n puede contactarnos por llamada telef\u00f3nica o WhatsApp al 315 3431379 y con gusto le brindaremos mayor informaci\u00f3n en cuanto a proceso y valor de matr\u00edculas, planes de financiaci\u00f3n de matr\u00edcula, apoyo a estudiantes estrato 1,2 y 3, convenio con la Polic\u00eda Nacional, entre otros temas de inter\u00e9s general .<\/p>\n<p>\u00a1Cumple tus sue\u00f1os de ser profesional!<\/p>\n<p><strong>Universidad de Pamplona<\/strong><\/p>\n<p>La Universidad de Pamplona en sus 61 a\u00f1os de fundada ha recibido la Acreditaci\u00f3n en Alta Calidad Bajo la Resoluci\u00f3n No 018143 del 27 de septiembre de 2021 por parte del Ministerio de Educaci\u00f3n Nacional.<\/p>\n<p>Se han formado cerca de 100 mil egresados y cuenta con 25 mil estudiantes en los 42 programas de pregrado presencial y 4 en modalidad distancia que luchan por el sue\u00f1o de ser profesionales.<\/p>\n<p>\u00a1No dejes pasar esta gran oportunidad de estudiar carrera profesional a distancia!<\/p>\n<p><img loading=\"lazy\" decoding=\"async\" class=\"alignnone size-medium wp-image-43504\" src=\"https:\/\/revistazetta.com\/wp-content\/uploads\/2021\/12\/UPam-5-334x400.jpeg\" alt=\"\" width=\"334\" height=\"400\" srcset=\"https:\/\/revistazetta.com\/wp-content\/uploads\/2021\/12\/UPam-5-334x400.jpeg 334w, https:\/\/revistazetta.com\/wp-content\/uploads\/2021\/12\/UPam-5.jpeg 854w\" sizes=\"auto, (max-width: 334px) 100vw, 334px\" \/><\/p>\n<p><img loading=\"lazy\" decoding=\"async\" class=\"alignnone size-medium wp-image-43503\" src=\"https:\/\/revistazetta.com\/wp-content\/uploads\/2021\/12\/UPam-4-400x313.jpeg\" alt=\"\" width=\"400\" height=\"313\" srcset=\"https:\/\/revistazetta.com\/wp-content\/uploads\/2021\/12\/UPam-4-400x313.jpeg 400w, https:\/\/revistazetta.com\/wp-content\/uploads\/2021\/12\/UPam-4.jpeg 1024w\" sizes=\"auto, (max-width: 400px) 100vw, 400px\" \/><\/p>\n<p><img loading=\"lazy\" decoding=\"async\" class=\"alignnone size-medium wp-image-43502\" src=\"https:\/\/revistazetta.com\/wp-content\/uploads\/2021\/12\/UPam-3-393x400.jpeg\" alt=\"\" width=\"393\" height=\"400\" srcset=\"https:\/\/revistazetta.com\/wp-content\/uploads\/2021\/12\/UPam-3-393x400.jpeg 393w, https:\/\/revistazetta.com\/wp-content\/uploads\/2021\/12\/UPam-3-1007x1024.jpeg 1007w, https:\/\/revistazetta.com\/wp-content\/uploads\/2021\/12\/UPam-3-80x80.jpeg 80w, https:\/\/revistazetta.com\/wp-content\/uploads\/2021\/12\/UPam-3.jpeg 1080w\" sizes=\"auto, (max-width: 393px) 100vw, 393px\" \/><\/p>\n<p><img loading=\"lazy\" decoding=\"async\" class=\"alignnone size-medium wp-image-43501\" src=\"https:\/\/revistazetta.com\/wp-content\/uploads\/2021\/12\/UPam-2-400x400.jpeg\" alt=\"\" width=\"400\" height=\"400\" srcset=\"https:\/\/revistazetta.com\/wp-content\/uploads\/2021\/12\/UPam-2-400x400.jpeg 400w, https:\/\/revistazetta.com\/wp-content\/uploads\/2021\/12\/UPam-2-1024x1024.jpeg 1024w, https:\/\/revistazetta.com\/wp-content\/uploads\/2021\/12\/UPam-2-300x300.jpeg 300w, https:\/\/revistazetta.com\/wp-content\/uploads\/2021\/12\/UPam-2-80x80.jpeg 80w, https:\/\/revistazetta.com\/wp-content\/uploads\/2021\/12\/UPam-2.jpeg 1280w\" sizes=\"auto, (max-width: 400px) 100vw, 400px\" \/><\/p>\n","protected":false},"excerpt":{"rendered":"<p>Cartagena de Indias, 14 de diciembre de 2021.-\u00a0Con la m\u00e1s alta certificaci\u00f3n acad\u00e9mica, la Universidad de Pamplona puso a disposici\u00f3n de la comunidad educativa de Bol\u00edvar las carreras de Administraci\u00f3n de Empresas y Contadur\u00eda P\u00fablica, a trav\u00e9s del CREAD Bol\u00edvar. Se trata de un logro en la estrategia de la Universidad de Pamplona, en su compromiso con el desarrollo y crecimiento local, de facilitar el acceso a la educaci\u00f3n superior de los j\u00f3venes de las diferentes poblaciones del pa\u00eds, mediante los Centros Regionales de Educaci\u00f3n a Distancia \u2013 CREAD. Usted&#8230; <\/p>\n","protected":false},"author":3,"featured_media":43500,"comment_status":"closed","ping_status":"closed","sticky":false,"template":"","format":"standard","meta":{"footnotes":"","_links_to":"","_links_to_target":""},"categories":[3,51],"tags":[292,460,293,459],"class_list":["post-43499","post","type-post","status-publish","format-standard","has-post-thumbnail","hentry","category-ciudad","category-universidad","tag-ciudad","tag-cread-bolivar","tag-universidad","tag-universidad-de-pamplona"],"_links":{"self":[{"href":"https:\/\/revistazetta.com\/index.php?rest_route=\/wp\/v2\/posts\/43499","targetHints":{"allow":["GET"]}}],"collection":[{"href":"https:\/\/revistazetta.com\/index.php?rest_route=\/wp\/v2\/posts"}],"about":[{"href":"https:\/\/revistazetta.com\/index.php?rest_route=\/wp\/v2\/types\/post"}],"author":[{"embeddable":true,"href":"https:\/\/revistazetta.com\/index.php?rest_route=\/wp\/v2\/users\/3"}],"replies":[{"embeddable":true,"href":"https:\/\/revistazetta.com\/index.php?rest_route=%2Fwp%2Fv2%2Fcomments&post=43499"}],"version-history":[{"count":0,"href":"https:\/\/revistazetta.com\/index.php?rest_route=\/wp\/v2\/posts\/43499\/revisions"}],"wp:featuredmedia":[{"embeddable":true,"href":"https:\/\/revistazetta.com\/index.php?rest_route=\/wp\/v2\/media\/43500"}],"wp:attachment":[{"href":"https:\/\/revistazetta.com\/index.php?rest_route=%2Fwp%2Fv2%2Fmedia&parent=43499"}],"wp:term":[{"taxonomy":"category","embeddable":true,"href":"https:\/\/revistazetta.com\/index.php?rest_route=%2Fwp%2Fv2%2Fcategories&post=43499"},{"taxonomy":"post_tag","embeddable":true,"href":"https:\/\/revistazetta.com\/index.php?rest_route=%2Fwp%2Fv2%2Ftags&post=43499"}],"curies":[{"name":"wp","href":"https:\/\/api.w.org\/{rel}","templated":true}]}}