{"id":43505,"date":"2021-12-14T14:29:53","date_gmt":"2021-12-14T19:29:53","guid":{"rendered":"https:\/\/revistazetta.com\/?p=43505"},"modified":"2021-12-14T14:29:53","modified_gmt":"2021-12-14T19:29:53","slug":"incremento-del-salario-minimo-sera-del-10-07-para-el-2022-presidente-ivan-duque","status":"publish","type":"post","link":"https:\/\/revistazetta.com\/?p=43505","title":{"rendered":"Incremento del salario m\u00ednimo ser\u00e1 del 10.07% para el 2022: Presidente Iv\u00e1n Duque"},"content":{"rendered":"<p>\u201cEstamos hablando de un aumento del 10,07% en el componente salarial; de un aumento del 10,07% tambi\u00e9n en el auxilio de transporte. Y con esto se est\u00e1 logrando, en el componente salarial, llegar al mill\u00f3n de pesos\u201d.<\/p>\n<p>As\u00ed lo anunci\u00f3 a los colombianos el Presidente Iv\u00e1n Duque, este martes, desde El Carmen de Viboral, en comunicaci\u00f3n que sostuvo con los integrantes de la Comisi\u00f3n Permanente de Concertaci\u00f3n de Pol\u00edticas Salariales y Laborales, que sesiona en Bogot\u00e1.<\/p>\n<p>\u201cQuiero expresar mi regocijo porque hoy se est\u00e1 haciendo historia en Colombia. Hoy se ha logrado el aumento real del salario m\u00ednimo m\u00e1s importante en casi 50 a\u00f1os, y el aumento nominal m\u00e1s importante de este siglo; por supuesto, tambi\u00e9n el aumento real m\u00e1s importante de este siglo\u201d, enfatiz\u00f3 el Mandatario y se\u00f1al\u00f3 que el aumento del salario m\u00ednimo fue una \u201cdecisi\u00f3n un\u00e1nime\u201d de la Mesa de Concertaci\u00f3n.<\/p>\n","protected":false},"excerpt":{"rendered":"<p>\u201cEstamos hablando de un aumento del 10,07% en el componente salarial; de un aumento del 10,07% tambi\u00e9n en el auxilio de transporte. Y con esto se est\u00e1 logrando, en el componente salarial, llegar al mill\u00f3n de pesos\u201d. As\u00ed lo anunci\u00f3 a los colombianos el Presidente Iv\u00e1n Duque, este martes, desde El Carmen de Viboral, en comunicaci\u00f3n que sostuvo con los integrantes de la Comisi\u00f3n Permanente de Concertaci\u00f3n de Pol\u00edticas Salariales y Laborales, que sesiona en Bogot\u00e1. \u201cQuiero expresar mi regocijo porque hoy se est\u00e1 haciendo historia en Colombia. Hoy se&#8230; <\/p>\n","protected":false},"author":3,"featured_media":43506,"comment_status":"closed","ping_status":"closed","sticky":false,"template":"","format":"standard","meta":{"footnotes":"","_links_to":"","_links_to_target":""},"categories":[2,35],"tags":[294,261,295,462,463,461],"class_list":["post-43505","post","type-post","status-publish","format-standard","has-post-thumbnail","hentry","category-actualidad","category-actualidad-nacion","tag-actualidad","tag-ivan-duque","tag-nacion","tag-presidente","tag-presidente-duque","tag-salario-minimo"],"_links":{"self":[{"href":"https:\/\/revistazetta.com\/index.php?rest_route=\/wp\/v2\/posts\/43505","targetHints":{"allow":["GET"]}}],"collection":[{"href":"https:\/\/revistazetta.com\/index.php?rest_route=\/wp\/v2\/posts"}],"about":[{"href":"https:\/\/revistazetta.com\/index.php?rest_route=\/wp\/v2\/types\/post"}],"author":[{"embeddable":true,"href":"https:\/\/revistazetta.com\/index.php?rest_route=\/wp\/v2\/users\/3"}],"replies":[{"embeddable":true,"href":"https:\/\/revistazetta.com\/index.php?rest_route=%2Fwp%2Fv2%2Fcomments&post=43505"}],"version-history":[{"count":0,"href":"https:\/\/revistazetta.com\/index.php?rest_route=\/wp\/v2\/posts\/43505\/revisions"}],"wp:featuredmedia":[{"embeddable":true,"href":"https:\/\/revistazetta.com\/index.php?rest_route=\/wp\/v2\/media\/43506"}],"wp:attachment":[{"href":"https:\/\/revistazetta.com\/index.php?rest_route=%2Fwp%2Fv2%2Fmedia&parent=43505"}],"wp:term":[{"taxonomy":"category","embeddable":true,"href":"https:\/\/revistazetta.com\/index.php?rest_route=%2Fwp%2Fv2%2Fcategories&post=43505"},{"taxonomy":"post_tag","embeddable":true,"href":"https:\/\/revistazetta.com\/index.php?rest_route=%2Fwp%2Fv2%2Ftags&post=43505"}],"curies":[{"name":"wp","href":"https:\/\/api.w.org\/{rel}","templated":true}]}}