{"id":43508,"date":"2021-12-14T16:22:55","date_gmt":"2021-12-14T21:22:55","guid":{"rendered":"https:\/\/revistazetta.com\/?p=43508"},"modified":"2021-12-14T16:23:28","modified_gmt":"2021-12-14T21:23:28","slug":"silvio-carrasquilla-propone-salario-minimo-para-profesionales-y-tecnicos","status":"publish","type":"post","link":"https:\/\/revistazetta.com\/?p=43508","title":{"rendered":"Silvio Carrasquilla propone salario m\u00ednimo para profesionales y t\u00e9cnicos"},"content":{"rendered":"<p><strong>Cartagena de Indias, 14 de diciembre de 2021.-<\/strong> Tras el anuncio del presidente Iv\u00e1n Duque sobre el incremento del 10% en el salario m\u00ednimo para el pr\u00f3ximo a\u00f1o, tom\u00f3 mayor fuerza la iniciativa del representante por Bol\u00edvar, Silvio Carrasquilla, de establecer un salario m\u00ednimo para profesionales y t\u00e9cnicos.<\/p>\n<p>Seg\u00fan el congresista bolivarense, el proyecto de ley busca que el campo profesional y t\u00e9cnico en Colombia tengan un pago digno en respuesta al tiempo y esfuerzos dedicados a sus estudios durante su carrera.<\/p>\n<p>\u00abCon esta medida se busca asegurar la equidad y justicia social, en un contexto de respeto a la dignidad del trabajador y de tal forma acabar con la explotaci\u00f3n salarial que sufre gran parte de los profesionales y t\u00e9cnicos colombianos por parte de sus empleadores\u00bb, dijo Carrasquilla.<\/p>\n<p>El dirigente, quien aspira a la reelecci\u00f3n con el n\u00famero 101 en la lista a C\u00e1mara del Partido Liberal en Bol\u00edvar, se\u00f1al\u00f3 que \u00abel salario m\u00ednimo tanto de profesionales como de t\u00e9cnicos, tendr\u00e1n como base de su c\u00e1lculo el salario m\u00ednimo legal mensual de cada a\u00f1o establecido por el Gobierno nacional. Por un lado los profesionales gozar\u00e1n de un m\u00ednimo de tres (3) salarios\u00a0m\u00ednimos y los t\u00e9cnicos, gozar\u00e1n de dos (2) salarios m\u00ednimos\u00bb.<\/p>\n<p>Este es el proyecto de ley:<\/p>\n<p>&nbsp;<\/p>\n<p><b>Por medio de la cual se fija el salario m\u00ednimo profesional y t\u00e9cnico en Colombia.<\/b><\/p>\n<p>El Congreso de Colombia<\/p>\n<p>DECRETA:<\/p>\n<p><b>Art\u00edculo 1\u00ba.\u00a0<i>Objeto, finalidad y alcance de la ley<\/i><\/b>. La presente ley tiene por objeto la fijaci\u00f3n de un salario m\u00ednimo profesional y un salario m\u00ednimo t\u00e9cnico con el fin de que el campo profesional y t\u00e9cnico en Colombia tengan un pago digno en respuesta al tiempo y esfuerzos dedicados a sus estudios durante su Carrera.<\/p>\n<p><b>Art\u00edculo 2\u00b0.\u00a0<i>Salario m\u00ednimo profesional<\/i>.<\/b> Se entiende por salario m\u00ednimo profesional el salario m\u00ednimo asignado a los profesionales universitarios de cualquier campo.<span class=\"Apple-converted-space\">\u00a0<\/span><\/p>\n<p><b>Par\u00e1grafo 1\u00b0.<\/b> El salario m\u00ednimo profesional ser\u00e1 el equivalente a tres (3) salarios m\u00ednimos legales mensuales vigentes de cada a\u00f1o.<\/p>\n<p><b>Art\u00edculo 3\u00ba<i>. Salario m\u00ednimo t<\/i>\u00e9cnico<\/b><i>.<\/i>\u00a0Se entiende por salario m\u00ednimo t\u00e9cnico al salario m\u00ednimo asignado a los graduados con t\u00edtulo t\u00e9cnico en cualquier campo.<\/p>\n<p><b>Par\u00e1grafo 1\u00b0.<\/b> El salario m\u00ednimo t\u00e9cnico ser\u00e1 el equivalente a dos (2) salarios m\u00ednimos legales mensuales vigentes de cada a\u00f1o.<\/p>\n<p><b>Art\u00edculo 4\u00b0.\u00a0<i>C\u00e1lculo del salario<\/i>.<\/b> Tanto el salario m\u00ednimo profesional como el salario m\u00ednimo t\u00e9cnico\u00a0tendr\u00e1\u00a0como base de su c\u00e1lculo el salario m\u00ednimo legal mensual de cada a\u00f1o establecido por el Gobierno nacional.<\/p>\n<p><b>Articulo 5\u00b0.<span class=\"Apple-converted-space\">\u00a0 <\/span>Condiciones laborales. <\/b>La implementaci\u00f3n del salario m\u00ednimo profesional y salario m\u00ednimo t\u00e9cnico no podr\u00e1 desmejorar las condiciones laborales actuales de los trabajadores.<span class=\"Apple-converted-space\">\u00a0<\/span><\/p>\n<p><b>Art\u00edculo 6\u00ba\u00a0<i>Vigencia y derogatorias<\/i><\/b><i>.<\/i>\u00a0La presente ley rige a partir de su promulgaci\u00f3n y deroga dem\u00e1s disposiciones legales y reglamentarias que le sean contrarias.<\/p>\n<p><b>EXPOSICI\u00d3N DE MOTIVOS<\/b><\/p>\n<p>Este proyecto de ley tiene por objeto la fijaci\u00f3n de un salario m\u00ednimo profesional y un salario m\u00ednimo t\u00e9cnico con el fin de que el campo profesional y t\u00e9cnico en Colombia tengan un pago digno en respuesta al tiempo y esfuerzos dedicados a sus estudios durante su carrera.<\/p>\n<p>Con esta medida se busca asegurar la equidad y justicia social, en un contexto de respeto a la dignidad del trabajador y de tal forma acabar con la explotaci\u00f3n salarial que sufre gran parte de los profesionales y t\u00e9cnicos colombianos por parte de sus empleadores.<\/p>\n<p>La problem\u00e1tica encontrada es que con m\u00e1s frecuencia, los colombianos se enfrentan a la realidad de terminar sus respectivas carreras universitarias, para ganar sueldos que no corresponden con su preparaci\u00f3n acad\u00e9mica ni con la inversi\u00f3n que realizaron al momento de ingresar a la universidad. Esta problem\u00e1tica lleva consigo a que los egresados no aspiren a aumentar su nivel acad\u00e9mico, ya que por un lado su trabajo no le otorga los ingresos suficientes para costearse un posgrado, vi\u00e9ndose obligados a recurrir a cr\u00e9ditos y por otra parte, encuentran que aumentar su nivel acad\u00e9mico no va a ser garant\u00eda de un mayor ingreso salarial.<\/p>\n<p>Al mismo tiempo pretende que al tener un salario que vaya m\u00e1s acorde con sus esfuerzos entregados durante el tiempo de estudio, los colombianos tengan m\u00e1s incentivos para as\u00ed seguir aumentando su nivel acad\u00e9mico, generando as\u00ed\u00a0m\u00e1s competitividad.<\/p>\n<p>Como se muestra en el articulado del proyecto, el salario m\u00ednimo tanto de profesionales como de t\u00e9cnicos, tendr\u00e1n como base de su c\u00e1lculo el salario m\u00ednimo legal mensual de cada a\u00f1o establecido por el Gobierno nacional. Por un lado los profesionales gozar\u00e1n de un m\u00ednimo de tres (3) salarios\u00a0m\u00ednimos y los t\u00e9cnicos, gozar\u00e1n de dos (2) salarios m\u00ednimos.<\/p>\n<p>Este salario m\u00ednimo pretende ser solamente una base que garantice a los colombianos un pago digno correspondiente a los esfuerzos entregados durante sus estudios.<\/p>\n","protected":false},"excerpt":{"rendered":"<p>Cartagena de Indias, 14 de diciembre de 2021.- Tras el anuncio del presidente Iv\u00e1n Duque sobre el incremento del 10% en el salario m\u00ednimo para el pr\u00f3ximo a\u00f1o, tom\u00f3 mayor fuerza la iniciativa del representante por Bol\u00edvar, Silvio Carrasquilla, de establecer un salario m\u00ednimo para profesionales y t\u00e9cnicos. Seg\u00fan el congresista bolivarense, el proyecto de ley busca que el campo profesional y t\u00e9cnico en Colombia tengan un pago digno en respuesta al tiempo y esfuerzos dedicados a sus estudios durante su carrera. \u00abCon esta medida se busca asegurar la equidad&#8230; <\/p>\n","protected":false},"author":3,"featured_media":43509,"comment_status":"closed","ping_status":"closed","sticky":false,"template":"","format":"standard","meta":{"footnotes":"","_links_to":"","_links_to_target":""},"categories":[336,4],"tags":[338,421,356,298,461,217],"class_list":["post-43508","post","type-post","status-publish","format-standard","has-post-thumbnail","hentry","category-camara-de-representantes","category-politica","tag-camara-de-representantes","tag-elecciones-2022","tag-partido-liberal","tag-politica","tag-salario-minimo","tag-silvio-carrasquilla"],"_links":{"self":[{"href":"https:\/\/revistazetta.com\/index.php?rest_route=\/wp\/v2\/posts\/43508","targetHints":{"allow":["GET"]}}],"collection":[{"href":"https:\/\/revistazetta.com\/index.php?rest_route=\/wp\/v2\/posts"}],"about":[{"href":"https:\/\/revistazetta.com\/index.php?rest_route=\/wp\/v2\/types\/post"}],"author":[{"embeddable":true,"href":"https:\/\/revistazetta.com\/index.php?rest_route=\/wp\/v2\/users\/3"}],"replies":[{"embeddable":true,"href":"https:\/\/revistazetta.com\/index.php?rest_route=%2Fwp%2Fv2%2Fcomments&post=43508"}],"version-history":[{"count":0,"href":"https:\/\/revistazetta.com\/index.php?rest_route=\/wp\/v2\/posts\/43508\/revisions"}],"wp:featuredmedia":[{"embeddable":true,"href":"https:\/\/revistazetta.com\/index.php?rest_route=\/wp\/v2\/media\/43509"}],"wp:attachment":[{"href":"https:\/\/revistazetta.com\/index.php?rest_route=%2Fwp%2Fv2%2Fmedia&parent=43508"}],"wp:term":[{"taxonomy":"category","embeddable":true,"href":"https:\/\/revistazetta.com\/index.php?rest_route=%2Fwp%2Fv2%2Fcategories&post=43508"},{"taxonomy":"post_tag","embeddable":true,"href":"https:\/\/revistazetta.com\/index.php?rest_route=%2Fwp%2Fv2%2Ftags&post=43508"}],"curies":[{"name":"wp","href":"https:\/\/api.w.org\/{rel}","templated":true}]}}