{"id":43528,"date":"2021-12-14T18:56:49","date_gmt":"2021-12-14T23:56:49","guid":{"rendered":"https:\/\/revistazetta.com\/?p=43528"},"modified":"2021-12-14T18:56:49","modified_gmt":"2021-12-14T23:56:49","slug":"esta-es-la-lista-a-camara-de-la-coalicion-centro-esperanza-en-bolivar","status":"publish","type":"post","link":"https:\/\/revistazetta.com\/?p=43528","title":{"rendered":"Esta es la lista a C\u00e1mara de la Coalici\u00f3n Centro Esperanza en Bol\u00edvar"},"content":{"rendered":"<p><strong>Cartagena de Indias, 14 de diciembre de 2021.-<\/strong> La Coalici\u00f3n Centro Esperanza en Bol\u00edvar present\u00f3 una lista a C\u00e1mara de Representantes donde hay participaci\u00f3n de los partidos ASI, Dignidad, Compromiso Ciudadano, Verde Ox\u00edgeno, En Marcha y Nuevo Liberalismo.<\/p>\n<p>Esta es la lista:<\/p>\n<p>101.- Luis Mario Feria Contreras (Partido ASI)<\/p>\n<p>102.- Leonardo David Jim\u00e9nez Molinello. (Partido Dignidad)<\/p>\n<p>103.- Juan Carlos Pereira Herrera (Movimiento Compromiso Ciudadano)<\/p>\n<p>104.- Lilia Margarita Ariza Guerrero (Partido Verde Ox\u00edgeno)<\/p>\n<p>105.- Lourdes Elena B\u00e1ez Moreno (Movimiento En Marcha)<\/p>\n<p>106.- Jorge Carrera Valdivieso (Nuevo Liberalismo)<\/p>\n","protected":false},"excerpt":{"rendered":"<p>Cartagena de Indias, 14 de diciembre de 2021.- La Coalici\u00f3n Centro Esperanza en Bol\u00edvar present\u00f3 una lista a C\u00e1mara de Representantes donde hay participaci\u00f3n de los partidos ASI, Dignidad, Compromiso Ciudadano, Verde Ox\u00edgeno, En Marcha y Nuevo Liberalismo. Esta es la lista: 101.- Luis Mario Feria Contreras (Partido ASI) 102.- Leonardo David Jim\u00e9nez Molinello. (Partido Dignidad) 103.- Juan Carlos Pereira Herrera (Movimiento Compromiso Ciudadano) 104.- Lilia Margarita Ariza Guerrero (Partido Verde Ox\u00edgeno) 105.- Lourdes Elena B\u00e1ez Moreno (Movimiento En Marcha) 106.- Jorge Carrera Valdivieso (Nuevo Liberalismo)<\/p>\n","protected":false},"author":3,"featured_media":43529,"comment_status":"closed","ping_status":"closed","sticky":false,"template":"","format":"standard","meta":{"footnotes":"","_links_to":"","_links_to_target":""},"categories":[4],"tags":[338,468,421,298],"class_list":["post-43528","post","type-post","status-publish","format-standard","has-post-thumbnail","hentry","category-politica","tag-camara-de-representantes","tag-centro-esperanza","tag-elecciones-2022","tag-politica"],"_links":{"self":[{"href":"https:\/\/revistazetta.com\/index.php?rest_route=\/wp\/v2\/posts\/43528","targetHints":{"allow":["GET"]}}],"collection":[{"href":"https:\/\/revistazetta.com\/index.php?rest_route=\/wp\/v2\/posts"}],"about":[{"href":"https:\/\/revistazetta.com\/index.php?rest_route=\/wp\/v2\/types\/post"}],"author":[{"embeddable":true,"href":"https:\/\/revistazetta.com\/index.php?rest_route=\/wp\/v2\/users\/3"}],"replies":[{"embeddable":true,"href":"https:\/\/revistazetta.com\/index.php?rest_route=%2Fwp%2Fv2%2Fcomments&post=43528"}],"version-history":[{"count":0,"href":"https:\/\/revistazetta.com\/index.php?rest_route=\/wp\/v2\/posts\/43528\/revisions"}],"wp:featuredmedia":[{"embeddable":true,"href":"https:\/\/revistazetta.com\/index.php?rest_route=\/wp\/v2\/media\/43529"}],"wp:attachment":[{"href":"https:\/\/revistazetta.com\/index.php?rest_route=%2Fwp%2Fv2%2Fmedia&parent=43528"}],"wp:term":[{"taxonomy":"category","embeddable":true,"href":"https:\/\/revistazetta.com\/index.php?rest_route=%2Fwp%2Fv2%2Fcategories&post=43528"},{"taxonomy":"post_tag","embeddable":true,"href":"https:\/\/revistazetta.com\/index.php?rest_route=%2Fwp%2Fv2%2Ftags&post=43528"}],"curies":[{"name":"wp","href":"https:\/\/api.w.org\/{rel}","templated":true}]}}