{"id":43558,"date":"2021-12-16T07:55:07","date_gmt":"2021-12-16T12:55:07","guid":{"rendered":"https:\/\/revistazetta.com\/?p=43558"},"modified":"2021-12-16T07:55:07","modified_gmt":"2021-12-16T12:55:07","slug":"gobiernofobia-opinion-de-cesar-pion","status":"publish","type":"post","link":"https:\/\/revistazetta.com\/?p=43558","title":{"rendered":"Gobiernofobia &#8211; Opini\u00f3n de C\u00e9sar Pi\u00f3n"},"content":{"rendered":"<p><b><span style=\"color: #000080;\">Por C\u00e9sar Pi\u00f3n Gonz\u00e1lez (Especial para Revista Zetta).-<\/span> Cartagena de Indias, 16 de diciembre de 2021.-\u00a0<\/b>La fobia es un trastorno de salud emocional que se caracteriza por un<b>\u00a0miedo\u00a0intenso y desproporcionado<\/b>\u00a0a objetos o situaciones concretas.<\/p>\n<p>Cartagena de Indias, cuna de grandes organizaciones gremiales, tur\u00edsticas, empresariales, pol\u00edticas, period\u00edsticas, activistas y religiosas, parece sufrir de este trastorno que en otrora impact\u00f3, con razones o sin ellas, a gobernantes como Gabriel Garc\u00eda, Guillermo Paniza, Nicol\u00e1s Curi, Carlos D\u00edaz, Alberto Barbosa, Judith Pinedo, Dionisio V\u00e9lez, Campo El\u00edas (q.e.p.d.) Manuel Vicente Duque y Antonio Quinto Guerra.<\/p>\n<p>Hoy mas que nunca Cartagena necesita menos corrillos, m\u00e1s criterio y personalidad de los sectores y sus integrantes, hay que expresarnos hacia el alcalde con altura, con sinceridad sin falta de respeto, con propuestas viables sin lamboner\u00edas y no cobijarnos bajo la frase popular \u201cMal conmigo, mas mal sin mi\u201d que te impide ser claro esperando que en algo te apoye o te d\u00e9.<\/p>\n<p>La ciudad necesita que le expresemos la verdad al mandatario como apoyo, por el<span class=\"Apple-converted-space\">\u00a0<\/span>desconocimiento en muchas cosas<span class=\"Apple-converted-space\">\u00a0 <\/span>p\u00fablicas, chismes desinformantes de algunos funcionarios, falta de pertinencia de varios<span class=\"Apple-converted-space\">\u00a0<\/span>secretarios locales y for\u00e1neos,<span class=\"Apple-converted-space\">\u00a0 <\/span>debilidad en planificaci\u00f3n,<span class=\"Apple-converted-space\">\u00a0<\/span>improvisaci\u00f3n,<span class=\"Apple-converted-space\">\u00a0 <\/span>populismo y<span class=\"Apple-converted-space\">\u00a0<\/span>mediocridad de otros tantos que ahondan la crisis<span class=\"Apple-converted-space\">\u00a0 <\/span>generada por<span class=\"Apple-converted-space\">\u00a0 s<\/span>ectores pol\u00edticos<span class=\"Apple-converted-space\">\u00a0 <\/span>y monopolios disfrazados de mes\u00edas con la mirra y el incienso para la pobreza cartagenera que se convirti\u00f3 en algod\u00f3n para los labios y una ruta diferente a la que<span class=\"Apple-converted-space\">\u00a0H<\/span>erodes esperaba.<\/p>\n<p>Estamos dispuestos y lo hemos dicho mil veces<span class=\"Apple-converted-space\">\u00a0<\/span>trabajar por la ciudad que se nos hace fallida cada d\u00eda pero para ello hay que atreverse, no hablar en la cocina, regular el inter\u00e9s, separar lo personal de lo institucional, transformar con testimonios y no contribuir a crear fantasmas que no se puedan exorcizar, escuchar nuestras ideas, el alcalde no es un lobo,<span class=\"Apple-converted-space\">\u00a0<\/span>que denuncie lo que tenga que denunciar pero invit\u00e9moslo<span class=\"Apple-converted-space\">\u00a0<\/span>a trabajar sin prevenci\u00f3n, ofensas ni difamaciones<span class=\"Apple-converted-space\">\u00a0<\/span>si \u00e9l cree que<span class=\"Apple-converted-space\">\u00a0 <\/span>un concejal es deshonesto, corrupto,<span class=\"Apple-converted-space\">\u00a0<\/span>pero<span class=\"Apple-converted-space\">\u00a0<\/span>en su gobierno no le est\u00e1 pidiendo contratos ni ops, prima lo institucional y que doblegue el ego y d\u00e9 muestras de conciliaci\u00f3n y ojal\u00e1<span class=\"Apple-converted-space\">\u00a0<\/span>analizando por Facebook live las propuestas de \u00e9l y<span class=\"Apple-converted-space\">\u00a0<\/span>sus funcionarios junto al Concejo<span class=\"Apple-converted-space\">\u00a0 <\/span>y sea el pueblo<span class=\"Apple-converted-space\">\u00a0<\/span>juez para no violar el debido proceso<span class=\"Apple-converted-space\">\u00a0<\/span>y no estar como el Joe Arroyo \u00abtu me tiras a mi las cajas y yo te tiro los cajones\u00bb.<\/p>\n","protected":false},"excerpt":{"rendered":"<p>Por C\u00e9sar Pi\u00f3n Gonz\u00e1lez (Especial para Revista Zetta).- Cartagena de Indias, 16 de diciembre de 2021.-\u00a0La fobia es un trastorno de salud emocional que se caracteriza por un\u00a0miedo\u00a0intenso y desproporcionado\u00a0a objetos o situaciones concretas. Cartagena de Indias, cuna de grandes organizaciones gremiales, tur\u00edsticas, empresariales, pol\u00edticas, period\u00edsticas, activistas y religiosas, parece sufrir de este trastorno que en otrora impact\u00f3, con razones o sin ellas, a gobernantes como Gabriel Garc\u00eda, Guillermo Paniza, Nicol\u00e1s Curi, Carlos D\u00edaz, Alberto Barbosa, Judith Pinedo, Dionisio V\u00e9lez, Campo El\u00edas (q.e.p.d.) Manuel Vicente Duque y Antonio Quinto Guerra&#8230;. <\/p>\n","protected":false},"author":3,"featured_media":43559,"comment_status":"closed","ping_status":"closed","sticky":false,"template":"","format":"standard","meta":{"footnotes":"","_links_to":"","_links_to_target":""},"categories":[75,44,65],"tags":[191,168,285,288,289],"class_list":["post-43558","post","type-post","status-publish","format-standard","has-post-thumbnail","hentry","category-destacada","category-materiagris","category-opinion","tag-cartagena-de-indias","tag-cesar-pion","tag-destacada","tag-materia-gris","tag-opinion"],"_links":{"self":[{"href":"https:\/\/revistazetta.com\/index.php?rest_route=\/wp\/v2\/posts\/43558","targetHints":{"allow":["GET"]}}],"collection":[{"href":"https:\/\/revistazetta.com\/index.php?rest_route=\/wp\/v2\/posts"}],"about":[{"href":"https:\/\/revistazetta.com\/index.php?rest_route=\/wp\/v2\/types\/post"}],"author":[{"embeddable":true,"href":"https:\/\/revistazetta.com\/index.php?rest_route=\/wp\/v2\/users\/3"}],"replies":[{"embeddable":true,"href":"https:\/\/revistazetta.com\/index.php?rest_route=%2Fwp%2Fv2%2Fcomments&post=43558"}],"version-history":[{"count":0,"href":"https:\/\/revistazetta.com\/index.php?rest_route=\/wp\/v2\/posts\/43558\/revisions"}],"wp:featuredmedia":[{"embeddable":true,"href":"https:\/\/revistazetta.com\/index.php?rest_route=\/wp\/v2\/media\/43559"}],"wp:attachment":[{"href":"https:\/\/revistazetta.com\/index.php?rest_route=%2Fwp%2Fv2%2Fmedia&parent=43558"}],"wp:term":[{"taxonomy":"category","embeddable":true,"href":"https:\/\/revistazetta.com\/index.php?rest_route=%2Fwp%2Fv2%2Fcategories&post=43558"},{"taxonomy":"post_tag","embeddable":true,"href":"https:\/\/revistazetta.com\/index.php?rest_route=%2Fwp%2Fv2%2Ftags&post=43558"}],"curies":[{"name":"wp","href":"https:\/\/api.w.org\/{rel}","templated":true}]}}