{"id":43606,"date":"2021-12-18T09:38:35","date_gmt":"2021-12-18T14:38:35","guid":{"rendered":"https:\/\/revistazetta.com\/?p=43606"},"modified":"2021-12-18T11:35:29","modified_gmt":"2021-12-18T16:35:29","slug":"una-sorpresa-que-no-sorprende-senador-fernando-nicolas-araujo-no-buscara-la-reeleccion","status":"publish","type":"post","link":"https:\/\/revistazetta.com\/?p=43606","title":{"rendered":"Los motivos del senador Fernando Nicol\u00e1s Ara\u00fajo para no buscar la reelecci\u00f3n"},"content":{"rendered":"<p><strong>Cartagena de Indias, 18 de diciembre de 2021.-<\/strong> La noche del 16 de diciembre 2021 fue particularmente extensa para algunos miembros de la c\u00fapula local de Centro Democr\u00e1tico, estupefactos por lo que acaban de enterarse: Fernando Nicol\u00e1s Ara\u00fajo no aspirar\u00e1 a la reelecci\u00f3n en el Senado.<\/p>\n<p>Apenas tres d\u00edas atr\u00e1s estaba inscrito, ten\u00eda la casilla 4 en la lista de Senado, y nada presagiaba este abrupto giro en la actualidad pol\u00edtica de Cartagena y Bol\u00edvar.<\/p>\n<p>Una decisi\u00f3n as\u00ed no se precipita s\u00fabitamente, sino que ven\u00eda siendo considerada en el fuero interno del senador. Hab\u00eda llegado ocho a\u00f1os atr\u00e1s al Senado, se hab\u00eda reelegido hace cuatro a\u00f1os y todo su ej\u00e9rcito estaba listo para la lid de la reelecci\u00f3n, pero en su cabeza rondaba la fatiga por las muchas batallas libradas, su talante empresarial originario que aplaz\u00f3 proyectos para dedicar esfuerzos a la pol\u00edtica, y la sensaci\u00f3n del \u00abciclo cumplido\u00bb, que pocos pol\u00edticos admiten.<\/p>\n<p>Se distingui\u00f3 por ser un senador estudioso, propositivo, defensor de las banderas del uribismo, y con un trabajo visible permanente por Cartagena y Bol\u00edvar, como la ley que erigi\u00f3 en Distrito a Mompox o la ley del fondo de erradicaci\u00f3n de la pobreza de Cartagena, entre otros.<\/p>\n<p>Habl\u00f3 con el jefe m\u00e1ximo \u00c1lvaro Uribe y le comunic\u00f3 su decisi\u00f3n, tambi\u00e9n a su c\u00edrculo m\u00e1s cercano. No hab\u00eda vuelta atr\u00e1s. No aspirar a la reelecci\u00f3n no significaba el retiro de la pol\u00edtica, ni dejar tirado todo en Cartagena y Bol\u00edvar. Considera que ahora, libre de su candidatura, puede dedicar la gesti\u00f3n estrat\u00e9gica de jefe de debate de la lista a C\u00e1mara por Bol\u00edvar, cuya apuesta es obtener una curul y para eso se est\u00e1 reforzando, y transferir su respaldo de Senado al joven dirigente momposino Enrique Cabrales, quien actualmente es Representante a la C\u00e1mara por Bogot\u00e1, pero antes aspir\u00f3 sin \u00e9xito a la Asamblea de Bol\u00edvar, en el grupo del senador Ara\u00fajo. As\u00ed que la amistad y cercan\u00eda viene de tiempo atr\u00e1s, m\u00e1xime que Cabrales est\u00e1 emparentado con el expresidente Uribe.<\/p>\n<p>Que la decisi\u00f3n haya sido sorpresiva no le resta cierta condici\u00f3n predecible. Hace ocho a\u00f1os lleg\u00f3 al Senado bajo la inmensa sombra de \u00c1lvaro Uribe, que encabez\u00f3 lista a Senado y obtuvo votaci\u00f3n arrolladora. Hace cuatro a\u00f1os pas\u00f3 igual, pero con lista abierta, y Ara\u00fajo tuvo resultados que apenas alcanzaron para la curul, pero distante de los registros de los otros jefes pol\u00edticos de Bol\u00edvar como Lidio Garc\u00eda, Nadia Ble, Daira Galvis o Andr\u00e9s Garc\u00eda Zuccardi.<\/p>\n<p>En esas dos elecciones el Centro Democr\u00e1tico estaba en la oposici\u00f3n, y ahora que ha sido gobierno con Iv\u00e1n Duque, es contradictorio que no se presente a la reelecci\u00f3n.<\/p>\n<p>Desde sectores cr\u00edticos al uribismo y al \u00abaraujismo\u00bb se\u00f1alan que no le alcanzaba la plata ni los votos para la reelecci\u00f3n, pero desde la perspectiva de Ara\u00fajo estaban las condiciones para un significativo repunte en su hist\u00f3rico de votaci\u00f3n.<\/p>\n<p>Sus amigos dicen que respetan su decisi\u00f3n y que, ahora que est\u00e1 disponible, bien podr\u00eda ser una alternativa para la Alcald\u00eda de Cartagena o la Gobernaci\u00f3n de Bol\u00edvar.<\/p>\n<p>Por lo pronto, Ara\u00fajo tiene en su agenda ser el jefe de debate en Bol\u00edvar de la candidatura a Senado de Enrique Cabrales, y de la lista a C\u00e1mara de Centro Democr\u00e1tico. Es seguro que volver\u00e1 al sector privado, a hacer empresa, y que seguir\u00e1 trabajando por Cartagena y Bol\u00edvar.<\/p>\n<p>&nbsp;<\/p>\n","protected":false},"excerpt":{"rendered":"<p>Cartagena de Indias, 18 de diciembre de 2021.- La noche del 16 de diciembre 2021 fue particularmente extensa para algunos miembros de la c\u00fapula local de Centro Democr\u00e1tico, estupefactos por lo que acaban de enterarse: Fernando Nicol\u00e1s Ara\u00fajo no aspirar\u00e1 a la reelecci\u00f3n en el Senado. Apenas tres d\u00edas atr\u00e1s estaba inscrito, ten\u00eda la casilla 4 en la lista de Senado, y nada presagiaba este abrupto giro en la actualidad pol\u00edtica de Cartagena y Bol\u00edvar. Una decisi\u00f3n as\u00ed no se precipita s\u00fabitamente, sino que ven\u00eda siendo considerada en el fuero&#8230; <\/p>\n","protected":false},"author":3,"featured_media":43608,"comment_status":"closed","ping_status":"closed","sticky":false,"template":"","format":"standard","meta":{"footnotes":"","_links_to":"","_links_to_target":""},"categories":[66,75,44],"tags":[314,263,285,421,221,288,298,229],"class_list":["post-43606","post","type-post","status-publish","format-standard","has-post-thumbnail","hentry","category-analisis","category-destacada","category-materiagris","tag-analisis","tag-centro-democratico","tag-destacada","tag-elecciones-2022","tag-fernando-nicolas-araujo","tag-materia-gris","tag-politica","tag-senador-araujo"],"_links":{"self":[{"href":"https:\/\/revistazetta.com\/index.php?rest_route=\/wp\/v2\/posts\/43606","targetHints":{"allow":["GET"]}}],"collection":[{"href":"https:\/\/revistazetta.com\/index.php?rest_route=\/wp\/v2\/posts"}],"about":[{"href":"https:\/\/revistazetta.com\/index.php?rest_route=\/wp\/v2\/types\/post"}],"author":[{"embeddable":true,"href":"https:\/\/revistazetta.com\/index.php?rest_route=\/wp\/v2\/users\/3"}],"replies":[{"embeddable":true,"href":"https:\/\/revistazetta.com\/index.php?rest_route=%2Fwp%2Fv2%2Fcomments&post=43606"}],"version-history":[{"count":0,"href":"https:\/\/revistazetta.com\/index.php?rest_route=\/wp\/v2\/posts\/43606\/revisions"}],"wp:featuredmedia":[{"embeddable":true,"href":"https:\/\/revistazetta.com\/index.php?rest_route=\/wp\/v2\/media\/43608"}],"wp:attachment":[{"href":"https:\/\/revistazetta.com\/index.php?rest_route=%2Fwp%2Fv2%2Fmedia&parent=43606"}],"wp:term":[{"taxonomy":"category","embeddable":true,"href":"https:\/\/revistazetta.com\/index.php?rest_route=%2Fwp%2Fv2%2Fcategories&post=43606"},{"taxonomy":"post_tag","embeddable":true,"href":"https:\/\/revistazetta.com\/index.php?rest_route=%2Fwp%2Fv2%2Ftags&post=43606"}],"curies":[{"name":"wp","href":"https:\/\/api.w.org\/{rel}","templated":true}]}}