{"id":43916,"date":"2022-01-15T14:47:18","date_gmt":"2022-01-15T19:47:18","guid":{"rendered":"https:\/\/revistazetta.com\/?p=43916"},"modified":"2022-01-15T14:50:48","modified_gmt":"2022-01-15T19:50:48","slug":"he-sido-vendedora-ambulante-tendera-empresaria-y-sere-la-vocera-de-las-mujeres-en-la-camara-juliet-jimenez","status":"publish","type":"post","link":"https:\/\/revistazetta.com\/?p=43916","title":{"rendered":"\u00abHe sido vendedora ambulante, tendera, empresaria, y ser\u00e9 la vocera de las mujeres en la C\u00e1mara\u00bb: Juliet Jim\u00e9nez"},"content":{"rendered":"<p><strong>Cartagena de Indias, 15 de enero de 2022.-<\/strong> La historia de constancia y tes\u00f3n que ejemplifica la vida de Juliet Jim\u00e9nez es un referente para el trabajo que se propone adelantar desde la C\u00e1mara de Representantes.<\/p>\n<p>La candidata del partido Centro Democr\u00e1tico, n\u00famero 101 de la lista, defini\u00f3 las tem\u00e1ticas de mujeres, juventud y generaci\u00f3n de ingresos como las bases de su propuesta, y as\u00ed lo comparti\u00f3 este viernes en la inauguraci\u00f3n de la sede en Cartagena del candidato a Senado, Enrique Cabrales.<\/p>\n<p><img loading=\"lazy\" decoding=\"async\" class=\"alignnone size-medium wp-image-43920\" src=\"https:\/\/revistazetta.com\/wp-content\/uploads\/2022\/01\/Juliet-4-400x267.jpeg\" alt=\"\" width=\"400\" height=\"267\" srcset=\"https:\/\/revistazetta.com\/wp-content\/uploads\/2022\/01\/Juliet-4-400x267.jpeg 400w, https:\/\/revistazetta.com\/wp-content\/uploads\/2022\/01\/Juliet-4-1024x682.jpeg 1024w, https:\/\/revistazetta.com\/wp-content\/uploads\/2022\/01\/Juliet-4.jpeg 1280w\" sizes=\"auto, (max-width: 400px) 100vw, 400px\" \/><\/p>\n<p>Jim\u00e9nez dijo que se siente orgullosa de haber sido vendedora ambulante, tendera y ahora empresaria que genera empleo y oportunidades, y que esos logros quiere llevarlos a la C\u00e1mara para legislar pol\u00edticas p\u00fablicas de verdadero sentido social.<\/p>\n<p>La candidata enfatiz\u00f3 que la educaci\u00f3n es la columna vertebral de la sociedad y que tambi\u00e9n lo debe ser del trabajo legislativo. \u00abDe nada vale tener tres carones si no hay pol\u00edticas p\u00fablicas de empleo y emprendimiento para los j\u00f3venes\u00bb, declar\u00f3.<\/p>\n<p><iframe loading=\"lazy\" title=\"YouTube video player\" src=\"https:\/\/www.youtube.com\/embed\/yYuj1crcdeI\" width=\"560\" height=\"315\" frameborder=\"0\" allowfullscreen=\"allowfullscreen\"><\/iframe><\/p>\n<p><img loading=\"lazy\" decoding=\"async\" class=\"alignnone size-medium wp-image-43922\" src=\"https:\/\/revistazetta.com\/wp-content\/uploads\/2022\/01\/WhatsApp-Image-2022-01-15-at-11.25.58-AM-328x400.jpeg\" alt=\"\" width=\"328\" height=\"400\" srcset=\"https:\/\/revistazetta.com\/wp-content\/uploads\/2022\/01\/WhatsApp-Image-2022-01-15-at-11.25.58-AM-328x400.jpeg 328w, https:\/\/revistazetta.com\/wp-content\/uploads\/2022\/01\/WhatsApp-Image-2022-01-15-at-11.25.58-AM-840x1024.jpeg 840w, https:\/\/revistazetta.com\/wp-content\/uploads\/2022\/01\/WhatsApp-Image-2022-01-15-at-11.25.58-AM.jpeg 1080w\" sizes=\"auto, (max-width: 328px) 100vw, 328px\" \/><\/p>\n<p>Convencida que los j\u00f3venes son el presente y que el futuro lo labramos entre todos, dijo que en sus banderas est\u00e1 este segmento poblacional al igual que las mujeres<\/p>\n<p>\u00abMi bandera principal es con las mujeres, y en el Congreso\u00a0necesitamos unas mujeres que luchen por la equidad, oportunidades, educaci\u00f3n, inclusi\u00f3n laboral para todas\u00bb, asever\u00f3.<\/p>\n<p><img loading=\"lazy\" decoding=\"async\" class=\"alignnone size-medium wp-image-43919\" src=\"https:\/\/revistazetta.com\/wp-content\/uploads\/2022\/01\/Juliet-3-1-267x400.jpeg\" alt=\"\" width=\"267\" height=\"400\" srcset=\"https:\/\/revistazetta.com\/wp-content\/uploads\/2022\/01\/Juliet-3-1-267x400.jpeg 267w, https:\/\/revistazetta.com\/wp-content\/uploads\/2022\/01\/Juliet-3-1-682x1024.jpeg 682w, https:\/\/revistazetta.com\/wp-content\/uploads\/2022\/01\/Juliet-3-1.jpeg 853w\" sizes=\"auto, (max-width: 267px) 100vw, 267px\" \/><\/p>\n<p>Junto a j\u00f3venes y mujeres, el tercer segmento es el de la generaci\u00f3n de oportunidades e ingresos, como lo hacen los emprendedores y los comerciantes. El emprendimiento nos ayuda a crecer, y genera empleo, oportunidades laborales y requerimos m\u00e1s educaci\u00f3n\u00bb, puntualiz\u00f3.<\/p>\n<p>Se defini\u00f3 como una orgullosa comerciante que he vivido las etapas del comercio: \u00abHe sido vendedora ambulante, tendera, empresaria, y ahora ser\u00e9 vocera de las mujeres en la C\u00e1mara de Representantes\u00bb.<\/p>\n<p><img loading=\"lazy\" decoding=\"async\" class=\"alignnone size-medium wp-image-43921\" src=\"https:\/\/revistazetta.com\/wp-content\/uploads\/2022\/01\/WhatsApp-Image-2022-01-15-at-11.23.14-AM-288x400.jpeg\" alt=\"\" width=\"288\" height=\"400\" srcset=\"https:\/\/revistazetta.com\/wp-content\/uploads\/2022\/01\/WhatsApp-Image-2022-01-15-at-11.23.14-AM-288x400.jpeg 288w, https:\/\/revistazetta.com\/wp-content\/uploads\/2022\/01\/WhatsApp-Image-2022-01-15-at-11.23.14-AM-737x1024.jpeg 737w, https:\/\/revistazetta.com\/wp-content\/uploads\/2022\/01\/WhatsApp-Image-2022-01-15-at-11.23.14-AM.jpeg 822w\" sizes=\"auto, (max-width: 288px) 100vw, 288px\" \/><\/p>\n<p>Recalc\u00f3 que colonia necesita una esperanza y que los postulados del expresidente \u00c1lvaro Uribe son luces que iluminan ese camino, y que el partido Centro Democr\u00e1tico est\u00e1 comprometido en desarrollar,<\/p>\n<p>\u00abMe mueve la fibra mi partido, donde pude contribuir desde su fundaci\u00f3n y he estado siempre comprometida\u00bb, dijo.<\/p>\n<p>\u00abTenemos un deber moral con nuestro partido, que es la esperanza de Bol\u00edvar y Cartagena\u00bb, puntualiz\u00f3.<\/p>\n<p>\u00abAqu\u00ed estoy firme en la batalla\u00bb, advirti\u00f3 e invit\u00f3 a todo el electorado a ser los primeros en todo.<b><\/b><\/p>\n<blockquote><p><b>\u00abSoy Juliet Jim\u00e9nez pero ahora me llamo CD101, soy\u00a0<\/b><b>la primera candidata de las 43 candidaturas inscritas en Bol\u00edvar, con nuestro partido estamos de primeros en el tarjet\u00f3n y por eso seguiremos siendo los primeros en todo\u00bb.<\/b><\/p><\/blockquote>\n<p><img loading=\"lazy\" decoding=\"async\" class=\"alignnone size-medium wp-image-43917\" src=\"https:\/\/revistazetta.com\/wp-content\/uploads\/2022\/01\/Juliet-1-267x400.jpeg\" alt=\"\" width=\"267\" height=\"400\" srcset=\"https:\/\/revistazetta.com\/wp-content\/uploads\/2022\/01\/Juliet-1-267x400.jpeg 267w, https:\/\/revistazetta.com\/wp-content\/uploads\/2022\/01\/Juliet-1-682x1024.jpeg 682w, https:\/\/revistazetta.com\/wp-content\/uploads\/2022\/01\/Juliet-1.jpeg 853w\" sizes=\"auto, (max-width: 267px) 100vw, 267px\" \/><\/p>\n","protected":false},"excerpt":{"rendered":"<p>Cartagena de Indias, 15 de enero de 2022.- La historia de constancia y tes\u00f3n que ejemplifica la vida de Juliet Jim\u00e9nez es un referente para el trabajo que se propone adelantar desde la C\u00e1mara de Representantes. La candidata del partido Centro Democr\u00e1tico, n\u00famero 101 de la lista, defini\u00f3 las tem\u00e1ticas de mujeres, juventud y generaci\u00f3n de ingresos como las bases de su propuesta, y as\u00ed lo comparti\u00f3 este viernes en la inauguraci\u00f3n de la sede en Cartagena del candidato a Senado, Enrique Cabrales. Jim\u00e9nez dijo que se siente orgullosa de&#8230; <\/p>\n","protected":false},"author":3,"featured_media":43923,"comment_status":"closed","ping_status":"closed","sticky":false,"template":"","format":"standard","meta":{"footnotes":"","_links_to":"","_links_to_target":""},"categories":[4],"tags":[265,541,263,421,452,298],"class_list":["post-43916","post","type-post","status-publish","format-standard","has-post-thumbnail","hentry","category-politica","tag-alvaro-uribe","tag-camara-bolivar","tag-centro-democratico","tag-elecciones-2022","tag-juliet-jimenez","tag-politica"],"_links":{"self":[{"href":"https:\/\/revistazetta.com\/index.php?rest_route=\/wp\/v2\/posts\/43916","targetHints":{"allow":["GET"]}}],"collection":[{"href":"https:\/\/revistazetta.com\/index.php?rest_route=\/wp\/v2\/posts"}],"about":[{"href":"https:\/\/revistazetta.com\/index.php?rest_route=\/wp\/v2\/types\/post"}],"author":[{"embeddable":true,"href":"https:\/\/revistazetta.com\/index.php?rest_route=\/wp\/v2\/users\/3"}],"replies":[{"embeddable":true,"href":"https:\/\/revistazetta.com\/index.php?rest_route=%2Fwp%2Fv2%2Fcomments&post=43916"}],"version-history":[{"count":0,"href":"https:\/\/revistazetta.com\/index.php?rest_route=\/wp\/v2\/posts\/43916\/revisions"}],"wp:featuredmedia":[{"embeddable":true,"href":"https:\/\/revistazetta.com\/index.php?rest_route=\/wp\/v2\/media\/43923"}],"wp:attachment":[{"href":"https:\/\/revistazetta.com\/index.php?rest_route=%2Fwp%2Fv2%2Fmedia&parent=43916"}],"wp:term":[{"taxonomy":"category","embeddable":true,"href":"https:\/\/revistazetta.com\/index.php?rest_route=%2Fwp%2Fv2%2Fcategories&post=43916"},{"taxonomy":"post_tag","embeddable":true,"href":"https:\/\/revistazetta.com\/index.php?rest_route=%2Fwp%2Fv2%2Ftags&post=43916"}],"curies":[{"name":"wp","href":"https:\/\/api.w.org\/{rel}","templated":true}]}}