{"id":44263,"date":"2022-01-30T08:10:48","date_gmt":"2022-01-30T13:10:48","guid":{"rendered":"https:\/\/revistazetta.com\/?p=44263"},"modified":"2022-01-30T08:10:59","modified_gmt":"2022-01-30T13:10:59","slug":"campana-de-lidio-garcia-al-senado-inatajable","status":"publish","type":"post","link":"https:\/\/revistazetta.com\/?p=44263","title":{"rendered":"Campa\u00f1a de Lidio Garc\u00eda al Senado: \u00a1Inatajable!"},"content":{"rendered":"<p><strong>Cartagena de Indias, 30 de enero de 2022.-<\/strong> Con nuevos y s\u00f3lidos respaldos en Bogot\u00e1, Atl\u00e1ntico, Magdalena, Guajira, Risaralda, Quind\u00edo, Caldas y Valle, que se suman a su fortaleza de Bol\u00edvar, la campa\u00f1a de reelecci\u00f3n de Lidio Garc\u00eda Turbay para el Senado luce inatajable.<\/p>\n<p>Hace cuatro a\u00f1os, Garc\u00eda Turbay coloc\u00f3 una cifra cercana a 120 mil votos, y con el trabajo hecho para estas elecciones, la expectativa es repetir ese guarismo.<\/p>\n<p>Uno de los m\u00e1s importantes electores de Barranquilla, el concejal Oscar Gal\u00e1n, oficializ\u00f3 ante su grupo el respaldo al Senador Lidio Garc\u00eda Turbay, L1, lo que es un alto indicativo de la fuerza que ha tomado esta candidatura en todo el Caribe.<\/p>\n<p>\u00abGracias al concejal \u00d3scar David Gal\u00e1n y a Barranquilla por abrirnos las puertas de su ciudad para ratificar el apoyo a nuestra campa\u00f1a, nuestra labor y al compromiso que desde el <a class=\" xil3i\" tabindex=\"0\" href=\"https:\/\/www.instagram.com\/explore\/tags\/senadodelarepublica\/\" target=\"_blank\" rel=\"noopener\">#SenadoDeLaRepublica<\/a> siempre he tenido con todo mi pa\u00eds, Colombia\u00bb, dijo Lidio Garc\u00eda.<\/p>\n<p>En Bogot\u00e1 pasa algo similar con el concejal Armando Guti\u00e9rrez, lo que prospecta una votaci\u00f3n inusitada en cel centro del pa\u00eds, pues a las simpat\u00edas en esa capital se une toda una plataforma en el Eje Cafetero y el Valle del Cauca.<\/p>\n<p><img loading=\"lazy\" decoding=\"async\" class=\"alignnone size-medium wp-image-44265\" src=\"https:\/\/revistazetta.com\/wp-content\/uploads\/2022\/01\/WhatsApp-Image-2022-01-29-at-5.15.47-PM-1-400x266.jpeg\" alt=\"\" width=\"400\" height=\"266\" srcset=\"https:\/\/revistazetta.com\/wp-content\/uploads\/2022\/01\/WhatsApp-Image-2022-01-29-at-5.15.47-PM-1-400x266.jpeg 400w, https:\/\/revistazetta.com\/wp-content\/uploads\/2022\/01\/WhatsApp-Image-2022-01-29-at-5.15.47-PM-1.jpeg 1024w\" sizes=\"auto, (max-width: 400px) 100vw, 400px\" \/> <img loading=\"lazy\" decoding=\"async\" class=\"alignnone size-medium wp-image-44266\" src=\"https:\/\/revistazetta.com\/wp-content\/uploads\/2022\/01\/WhatsApp-Image-2022-01-29-at-5.15.47-PM-2-400x266.jpeg\" alt=\"\" width=\"400\" height=\"266\" srcset=\"https:\/\/revistazetta.com\/wp-content\/uploads\/2022\/01\/WhatsApp-Image-2022-01-29-at-5.15.47-PM-2-400x266.jpeg 400w, https:\/\/revistazetta.com\/wp-content\/uploads\/2022\/01\/WhatsApp-Image-2022-01-29-at-5.15.47-PM-2.jpeg 1024w\" sizes=\"auto, (max-width: 400px) 100vw, 400px\" \/> <img loading=\"lazy\" decoding=\"async\" class=\"alignnone size-medium wp-image-44267\" src=\"https:\/\/revistazetta.com\/wp-content\/uploads\/2022\/01\/WhatsApp-Image-2022-01-29-at-5.15.47-PM-3-400x266.jpeg\" alt=\"\" width=\"400\" height=\"266\" srcset=\"https:\/\/revistazetta.com\/wp-content\/uploads\/2022\/01\/WhatsApp-Image-2022-01-29-at-5.15.47-PM-3-400x266.jpeg 400w, https:\/\/revistazetta.com\/wp-content\/uploads\/2022\/01\/WhatsApp-Image-2022-01-29-at-5.15.47-PM-3.jpeg 1024w\" sizes=\"auto, (max-width: 400px) 100vw, 400px\" \/> <img loading=\"lazy\" decoding=\"async\" class=\"alignnone size-medium wp-image-44268\" src=\"https:\/\/revistazetta.com\/wp-content\/uploads\/2022\/01\/WhatsApp-Image-2022-01-29-at-5.15.47-PM-4-400x266.jpeg\" alt=\"\" width=\"400\" height=\"266\" srcset=\"https:\/\/revistazetta.com\/wp-content\/uploads\/2022\/01\/WhatsApp-Image-2022-01-29-at-5.15.47-PM-4-400x266.jpeg 400w, https:\/\/revistazetta.com\/wp-content\/uploads\/2022\/01\/WhatsApp-Image-2022-01-29-at-5.15.47-PM-4.jpeg 1024w\" sizes=\"auto, (max-width: 400px) 100vw, 400px\" \/> <img loading=\"lazy\" decoding=\"async\" class=\"alignnone size-medium wp-image-44269\" src=\"https:\/\/revistazetta.com\/wp-content\/uploads\/2022\/01\/WhatsApp-Image-2022-01-29-at-5.15.47-PM-5-400x266.jpeg\" alt=\"\" width=\"400\" height=\"266\" srcset=\"https:\/\/revistazetta.com\/wp-content\/uploads\/2022\/01\/WhatsApp-Image-2022-01-29-at-5.15.47-PM-5-400x266.jpeg 400w, https:\/\/revistazetta.com\/wp-content\/uploads\/2022\/01\/WhatsApp-Image-2022-01-29-at-5.15.47-PM-5.jpeg 1024w\" sizes=\"auto, (max-width: 400px) 100vw, 400px\" \/> <img loading=\"lazy\" decoding=\"async\" class=\"alignnone size-medium wp-image-44270\" src=\"https:\/\/revistazetta.com\/wp-content\/uploads\/2022\/01\/WhatsApp-Image-2022-01-29-at-5.15.47-PM-6-400x266.jpeg\" alt=\"\" width=\"400\" height=\"266\" srcset=\"https:\/\/revistazetta.com\/wp-content\/uploads\/2022\/01\/WhatsApp-Image-2022-01-29-at-5.15.47-PM-6-400x266.jpeg 400w, https:\/\/revistazetta.com\/wp-content\/uploads\/2022\/01\/WhatsApp-Image-2022-01-29-at-5.15.47-PM-6.jpeg 1024w\" sizes=\"auto, (max-width: 400px) 100vw, 400px\" \/> <img loading=\"lazy\" decoding=\"async\" class=\"alignnone size-medium wp-image-44271\" src=\"https:\/\/revistazetta.com\/wp-content\/uploads\/2022\/01\/WhatsApp-Image-2022-01-29-at-5.15.47-PM-400x266.jpeg\" alt=\"\" width=\"400\" height=\"266\" srcset=\"https:\/\/revistazetta.com\/wp-content\/uploads\/2022\/01\/WhatsApp-Image-2022-01-29-at-5.15.47-PM-400x266.jpeg 400w, https:\/\/revistazetta.com\/wp-content\/uploads\/2022\/01\/WhatsApp-Image-2022-01-29-at-5.15.47-PM.jpeg 1024w\" sizes=\"auto, (max-width: 400px) 100vw, 400px\" \/><\/p>\n","protected":false},"excerpt":{"rendered":"<p>Cartagena de Indias, 30 de enero de 2022.- Con nuevos y s\u00f3lidos respaldos en Bogot\u00e1, Atl\u00e1ntico, Magdalena, Guajira, Risaralda, Quind\u00edo, Caldas y Valle, que se suman a su fortaleza de Bol\u00edvar, la campa\u00f1a de reelecci\u00f3n de Lidio Garc\u00eda Turbay para el Senado luce inatajable. Hace cuatro a\u00f1os, Garc\u00eda Turbay coloc\u00f3 una cifra cercana a 120 mil votos, y con el trabajo hecho para estas elecciones, la expectativa es repetir ese guarismo. Uno de los m\u00e1s importantes electores de Barranquilla, el concejal Oscar Gal\u00e1n, oficializ\u00f3 ante su grupo el respaldo al&#8230; <\/p>\n","protected":false},"author":3,"featured_media":44264,"comment_status":"closed","ping_status":"closed","sticky":false,"template":"","format":"standard","meta":{"footnotes":"","_links_to":"","_links_to_target":""},"categories":[75,4],"tags":[285,421,448,422,356,298],"class_list":["post-44263","post","type-post","status-publish","format-standard","has-post-thumbnail","hentry","category-destacada","category-politica","tag-destacada","tag-elecciones-2022","tag-lidio-garcia","tag-lista-a-senado","tag-partido-liberal","tag-politica"],"_links":{"self":[{"href":"https:\/\/revistazetta.com\/index.php?rest_route=\/wp\/v2\/posts\/44263","targetHints":{"allow":["GET"]}}],"collection":[{"href":"https:\/\/revistazetta.com\/index.php?rest_route=\/wp\/v2\/posts"}],"about":[{"href":"https:\/\/revistazetta.com\/index.php?rest_route=\/wp\/v2\/types\/post"}],"author":[{"embeddable":true,"href":"https:\/\/revistazetta.com\/index.php?rest_route=\/wp\/v2\/users\/3"}],"replies":[{"embeddable":true,"href":"https:\/\/revistazetta.com\/index.php?rest_route=%2Fwp%2Fv2%2Fcomments&post=44263"}],"version-history":[{"count":0,"href":"https:\/\/revistazetta.com\/index.php?rest_route=\/wp\/v2\/posts\/44263\/revisions"}],"wp:featuredmedia":[{"embeddable":true,"href":"https:\/\/revistazetta.com\/index.php?rest_route=\/wp\/v2\/media\/44264"}],"wp:attachment":[{"href":"https:\/\/revistazetta.com\/index.php?rest_route=%2Fwp%2Fv2%2Fmedia&parent=44263"}],"wp:term":[{"taxonomy":"category","embeddable":true,"href":"https:\/\/revistazetta.com\/index.php?rest_route=%2Fwp%2Fv2%2Fcategories&post=44263"},{"taxonomy":"post_tag","embeddable":true,"href":"https:\/\/revistazetta.com\/index.php?rest_route=%2Fwp%2Fv2%2Ftags&post=44263"}],"curies":[{"name":"wp","href":"https:\/\/api.w.org\/{rel}","templated":true}]}}