{"id":44273,"date":"2022-01-30T09:29:16","date_gmt":"2022-01-30T14:29:16","guid":{"rendered":"https:\/\/revistazetta.com\/?p=44273"},"modified":"2022-01-30T09:34:19","modified_gmt":"2022-01-30T14:34:19","slug":"malandrin-de-malandrines-anticorruptivo-escandalo-dau-confiesa-su-politiqueria-y-admique-que-como-alcalde-tiene-candidatas-a-camara","status":"publish","type":"post","link":"https:\/\/revistazetta.com\/?p=44273","title":{"rendered":"Malandr\u00edn de malandrines: \u00abAnticorruptivo\u00bb esc\u00e1ndalo, Dau confiesa su politiquer\u00eda y admite que como Alcalde ten\u00eda candidatas a C\u00e1mara"},"content":{"rendered":"<p><strong>Cartagena de Indias, 30 de enero de 2022.-<\/strong> En un \u00abanticorruptivo\u00bb audio, revelado por la opositora Jacqueline Perea, el alcalde de Cartagena, William Dau, descaradamente le aclara a un dirigente pol\u00edtico que interviene en pol\u00edtica y que \u00absus candidatas\u00bb a C\u00e1mara son Lidis Ram\u00edrez y Mar\u00eda Alejandra Ben\u00edtez.<\/p>\n<p>La diatriba de Dau est\u00e1 dirigida a Javier Marrugo, candidato a C\u00e1mara del Pacto Hist\u00f3rico, donde le reclama por decir en Bogot\u00e1 que \u00e9l es \u00abcandidato de Dau\u00bb, y le precisa que sus verdaderas candidatas a C\u00e1mara son Ram\u00edrez y Ben\u00edtez.<\/p>\n<p>El audio es una bofetada para el discurso anticorrupci\u00f3n de Dau, y lo muestra como el mayor malandr\u00edn entre todos los malandrines, participando abiertamente en pol\u00edtica, lo que no le est\u00e1 permitido e ning\u00fan gobernante en Colombia.<\/p>\n<p>El audio probablemente sea de diciembre de 2021, pues la inscripci\u00f3n de listas venci\u00f3 el 13 de diciembre y las modificaciones vencieron el 20 de diciembre.<\/p>\n<p>El movimiento Fuera Malandries, que conformaron Ram\u00edrez y Ben\u00edtez, finalmente no present\u00f3 firmas ni postul\u00f3 candidatas. aunque se dijo que ellas estaban \u00abpidiendo pista\u00bb en el Pacto Hist\u00f3rico, que orienta Gustavo Petro, finalmente no fueron inscritas. Las \u00fanicas mujeres admitidas fueron Colombia Villamil, que a al postre declin\u00f3 aspirar, y Sandra Villadiego, actualmente en campa\u00f1a. Villadiego fue representante y senadora por el Partido de la U.<\/p>\n<p>\u00bfTendr\u00e1 dignidad el alcalde y renunciar\u00e1 o se mantendr\u00e1 en el cargo?<\/p>\n<p>\u00bfDir\u00e1 que \u00ablo sacaron de contexto\u00bb?<\/p>\n<p>\u00bfTendr\u00e1n dignidad sus funcionarios y renunciar\u00e1n o se mantendr\u00e1n en sus cargos?<\/p>\n<p>\u00bfSer\u00e1 verdad que la Fiscal\u00eda y la Procuradur\u00eda no hacen un \u00abc&#8230;\u00bb, tal como lo ha afirmado Dau?<\/p>\n<p>\u00bfEs el alcalde de Cartagena militante activo del Pacto Hist\u00f3rico?<\/p>\n<div id=\"attachment_44277\" style=\"width: 408px\" class=\"wp-caption alignnone\"><img loading=\"lazy\" decoding=\"async\" aria-describedby=\"caption-attachment-44277\" class=\"wp-image-44277 size-medium\" src=\"https:\/\/revistazetta.com\/wp-content\/uploads\/2022\/01\/Captura-de-Pantalla-2022-01-30-a-las-9.02.04-a.-m.-398x400.png\" alt=\"\" width=\"398\" height=\"400\" srcset=\"https:\/\/revistazetta.com\/wp-content\/uploads\/2022\/01\/Captura-de-Pantalla-2022-01-30-a-las-9.02.04-a.-m.-398x400.png 398w, https:\/\/revistazetta.com\/wp-content\/uploads\/2022\/01\/Captura-de-Pantalla-2022-01-30-a-las-9.02.04-a.-m.-1018x1024.png 1018w, https:\/\/revistazetta.com\/wp-content\/uploads\/2022\/01\/Captura-de-Pantalla-2022-01-30-a-las-9.02.04-a.-m.-80x80.png 80w, https:\/\/revistazetta.com\/wp-content\/uploads\/2022\/01\/Captura-de-Pantalla-2022-01-30-a-las-9.02.04-a.-m..png 1338w\" sizes=\"auto, (max-width: 398px) 100vw, 398px\" \/><p id=\"caption-attachment-44277\" class=\"wp-caption-text\">Denuncia p\u00fablica presentada por la opositora Jacqueline Perea.<\/p><\/div>\n<p>&nbsp;<\/p>\n<div id=\"attachment_44278\" style=\"width: 410px\" class=\"wp-caption alignnone\"><img loading=\"lazy\" decoding=\"async\" aria-describedby=\"caption-attachment-44278\" class=\"wp-image-44278 size-medium\" src=\"https:\/\/revistazetta.com\/wp-content\/uploads\/2022\/01\/Captura-de-Pantalla-2022-01-30-a-las-9.22.05-a.-m.-400x252.png\" alt=\"\" width=\"400\" height=\"252\" srcset=\"https:\/\/revistazetta.com\/wp-content\/uploads\/2022\/01\/Captura-de-Pantalla-2022-01-30-a-las-9.22.05-a.-m.-400x252.png 400w, https:\/\/revistazetta.com\/wp-content\/uploads\/2022\/01\/Captura-de-Pantalla-2022-01-30-a-las-9.22.05-a.-m.-1024x644.png 1024w, https:\/\/revistazetta.com\/wp-content\/uploads\/2022\/01\/Captura-de-Pantalla-2022-01-30-a-las-9.22.05-a.-m..png 1132w\" sizes=\"auto, (max-width: 400px) 100vw, 400px\" \/><p id=\"caption-attachment-44278\" class=\"wp-caption-text\">Javier Marrugo, pensionado portuario y cabeza de lista a C\u00e1mara de Pacto Hist\u00f3rico.<\/p><\/div>\n<p>&nbsp;<\/p>\n<div id=\"attachment_44274\" style=\"width: 410px\" class=\"wp-caption alignnone\"><img loading=\"lazy\" decoding=\"async\" aria-describedby=\"caption-attachment-44274\" class=\"wp-image-44274 size-medium\" src=\"https:\/\/revistazetta.com\/wp-content\/uploads\/2022\/01\/N-3-400x267.jpg\" alt=\"\" width=\"400\" height=\"267\" srcset=\"https:\/\/revistazetta.com\/wp-content\/uploads\/2022\/01\/N-3-400x267.jpg 400w, https:\/\/revistazetta.com\/wp-content\/uploads\/2022\/01\/N-3-1024x684.jpg 1024w, https:\/\/revistazetta.com\/wp-content\/uploads\/2022\/01\/N-3-1536x1027.jpg 1536w, https:\/\/revistazetta.com\/wp-content\/uploads\/2022\/01\/N-3-2048x1369.jpg 2048w\" sizes=\"auto, (max-width: 400px) 100vw, 400px\" \/><p id=\"caption-attachment-44274\" class=\"wp-caption-text\">Lidi Ram\u00edrez, fallida exzarina \u00abanticorrupci\u00f3n\u00bb.<\/p><\/div>\n<p>&nbsp;<\/p>\n<div id=\"attachment_44275\" style=\"width: 410px\" class=\"wp-caption alignnone\"><img loading=\"lazy\" decoding=\"async\" aria-describedby=\"caption-attachment-44275\" class=\"wp-image-44275 size-medium\" src=\"https:\/\/revistazetta.com\/wp-content\/uploads\/2022\/01\/N-9-400x267.jpg\" alt=\"\" width=\"400\" height=\"267\" srcset=\"https:\/\/revistazetta.com\/wp-content\/uploads\/2022\/01\/N-9-400x267.jpg 400w, https:\/\/revistazetta.com\/wp-content\/uploads\/2022\/01\/N-9-1024x684.jpg 1024w, https:\/\/revistazetta.com\/wp-content\/uploads\/2022\/01\/N-9-1536x1027.jpg 1536w, https:\/\/revistazetta.com\/wp-content\/uploads\/2022\/01\/N-9-2048x1369.jpg 2048w\" sizes=\"auto, (max-width: 400px) 100vw, 400px\" \/><p id=\"caption-attachment-44275\" class=\"wp-caption-text\">Mar\u00eda Alejandra Ben\u00edtez, docente universitaria.<\/p><\/div>\n<p>&nbsp;<\/p>\n<div id=\"attachment_44276\" style=\"width: 410px\" class=\"wp-caption alignnone\"><img loading=\"lazy\" decoding=\"async\" aria-describedby=\"caption-attachment-44276\" class=\"wp-image-44276 size-medium\" src=\"https:\/\/revistazetta.com\/wp-content\/uploads\/2022\/01\/Ana-Maria-Gonzalez-400x290.jpg\" alt=\"\" width=\"400\" height=\"290\" srcset=\"https:\/\/revistazetta.com\/wp-content\/uploads\/2022\/01\/Ana-Maria-Gonzalez-400x290.jpg 400w, https:\/\/revistazetta.com\/wp-content\/uploads\/2022\/01\/Ana-Maria-Gonzalez.jpg 602w\" sizes=\"auto, (max-width: 400px) 100vw, 400px\" \/><p id=\"caption-attachment-44276\" class=\"wp-caption-text\">Ana Mar\u00eda Gonz\u00e1lez, funcionaria de la Alcald\u00eda de Cartagena.<\/p><\/div>\n<p>&nbsp;<\/p>\n<p>Este episodio es bueno para recordar este poema del cartagenero Luis Carlos L\u00f3pez:<\/p>\n<p style=\"text-align: center;\"><span style=\"color: #000080;\"><em><b>A UN PERRO<\/b><\/em><\/span><\/p>\n<p style=\"text-align: right;\"><span style=\"color: #000080;\"><em>Todo es igual y lo mismo.<span class=\"Apple-converted-space\">\u00a0<\/span><\/em><\/span><\/p>\n<p style=\"text-align: right;\"><span style=\"color: #000080;\"><em>Fenel\u00f3n<\/em><\/span><\/p>\n<p>&nbsp;<\/p>\n<p><span style=\"color: #000080;\"><em>\u00a1Ah, perro miserable,<\/em><\/span><\/p>\n<p><span style=\"color: #000080;\"><em>que a\u00fan vives del caj\u00f3n de la bazofia,<\/em><\/span><\/p>\n<p><span style=\"color: #000080;\"><em><strong>\u2014como cualquier pol\u00edtico\u2014<\/strong> temiendo<\/em><\/span><\/p>\n<p><span style=\"color: #000080;\"><em>las sorpresas del palo de la escoba!<\/em><\/span><\/p>\n<p><span style=\"color: #000080;\"><em>\u00a1Y provocando siempre<\/em><\/span><\/p>\n<p><span style=\"color: #000080;\"><em>que hurtas en el caj\u00f3n pleno de sobras<\/em><\/span><\/p>\n<p><span style=\"color: #000080;\"><em><strong>\u2014como cualquier pol\u00edtico\u2014<\/strong> la triste<\/em><\/span><\/p>\n<p><span style=\"color: #000080;\"><em>protesta estomacal de \u00e1vidas moscas!<\/em><\/span><\/p>\n<p><span style=\"color: #000080;\"><em>Para despu\u00e9s ladrarle<\/em><\/span><\/p>\n<p><span style=\"color: #000080;\"><em>por las noches, bien harto de carro\u00f1a,<\/em><\/span><\/p>\n<p><span style=\"color: #000080;\"><em><strong>\u2014como cualquier pol\u00edtico\u2014<\/strong> a la luna,<\/em><\/span><\/p>\n<p><span style=\"color: #000080;\"><em>creyendo que es alg\u00fan queso de bola&#8230;<\/em><\/span><\/p>\n<p><span style=\"color: #000080;\"><em>\u00a0\u00a1Ah, perro miserable,<\/em><\/span><\/p>\n<p><span style=\"color: #000080;\"><em>que humilde ocultas con temor la cola,<\/em><\/span><\/p>\n<p><strong><span style=\"color: #000080;\"><em>\u2014como cualquier pol\u00edtico del d\u00eda\u2014<\/em><\/span><\/strong><\/p>\n<p><span style=\"color: #000080;\"><em>\u00a1y no te da un ataque de hidrofobia!<\/em><\/span><\/p>\n","protected":false},"excerpt":{"rendered":"<p>Cartagena de Indias, 30 de enero de 2022.- En un \u00abanticorruptivo\u00bb audio, revelado por la opositora Jacqueline Perea, el alcalde de Cartagena, William Dau, descaradamente le aclara a un dirigente pol\u00edtico que interviene en pol\u00edtica y que \u00absus candidatas\u00bb a C\u00e1mara son Lidis Ram\u00edrez y Mar\u00eda Alejandra Ben\u00edtez. La diatriba de Dau est\u00e1 dirigida a Javier Marrugo, candidato a C\u00e1mara del Pacto Hist\u00f3rico, donde le reclama por decir en Bogot\u00e1 que \u00e9l es \u00abcandidato de Dau\u00bb, y le precisa que sus verdaderas candidatas a C\u00e1mara son Ram\u00edrez y Ben\u00edtez. El&#8230; <\/p>\n","protected":false},"author":3,"featured_media":44280,"comment_status":"closed","ping_status":"closed","sticky":false,"template":"","format":"standard","meta":{"footnotes":"","_links_to":"","_links_to_target":""},"categories":[75,4],"tags":[274,191,628,285,626,269,623,624,426,627,625,517,298,431],"class_list":["post-44273","post","type-post","status-publish","format-standard","has-post-thumbnail","hentry","category-destacada","category-politica","tag-alcaldia-de-cartagena","tag-cartagena-de-indias","tag-corrupcion","tag-destacada","tag-escandalo","tag-jacqueline-perea","tag-javier-marrugo","tag-lidi-ramirez","tag-lista-a-camara","tag-malandrines","tag-maria-alejandra-benitez","tag-pacto-historico","tag-politica","tag-william-dau"],"_links":{"self":[{"href":"https:\/\/revistazetta.com\/index.php?rest_route=\/wp\/v2\/posts\/44273","targetHints":{"allow":["GET"]}}],"collection":[{"href":"https:\/\/revistazetta.com\/index.php?rest_route=\/wp\/v2\/posts"}],"about":[{"href":"https:\/\/revistazetta.com\/index.php?rest_route=\/wp\/v2\/types\/post"}],"author":[{"embeddable":true,"href":"https:\/\/revistazetta.com\/index.php?rest_route=\/wp\/v2\/users\/3"}],"replies":[{"embeddable":true,"href":"https:\/\/revistazetta.com\/index.php?rest_route=%2Fwp%2Fv2%2Fcomments&post=44273"}],"version-history":[{"count":0,"href":"https:\/\/revistazetta.com\/index.php?rest_route=\/wp\/v2\/posts\/44273\/revisions"}],"wp:featuredmedia":[{"embeddable":true,"href":"https:\/\/revistazetta.com\/index.php?rest_route=\/wp\/v2\/media\/44280"}],"wp:attachment":[{"href":"https:\/\/revistazetta.com\/index.php?rest_route=%2Fwp%2Fv2%2Fmedia&parent=44273"}],"wp:term":[{"taxonomy":"category","embeddable":true,"href":"https:\/\/revistazetta.com\/index.php?rest_route=%2Fwp%2Fv2%2Fcategories&post=44273"},{"taxonomy":"post_tag","embeddable":true,"href":"https:\/\/revistazetta.com\/index.php?rest_route=%2Fwp%2Fv2%2Ftags&post=44273"}],"curies":[{"name":"wp","href":"https:\/\/api.w.org\/{rel}","templated":true}]}}