{"id":44341,"date":"2022-02-05T06:36:50","date_gmt":"2022-02-05T11:36:50","guid":{"rendered":"https:\/\/revistazetta.com\/?p=44341"},"modified":"2022-02-05T06:36:50","modified_gmt":"2022-02-05T11:36:50","slug":"el-cachaquerio-aclamo-a-lidio-garcia","status":"publish","type":"post","link":"https:\/\/revistazetta.com\/?p=44341","title":{"rendered":"El \u00abcachaquer\u00edo\u00bb aclam\u00f3 a Lidio Garc\u00eda"},"content":{"rendered":"<p><strong>Bogot\u00e1, 5 de febrero de 2022.-<\/strong> En esta ocasi\u00f3n no fue una multitud bolivarense sino \u00abcachaca\u00bb la que ovacion\u00f3 al senador Lidio Garc\u00eda, quien prospecta una votaci\u00f3n sin precedentes en la Capital de la Rep\u00fablica para su reelecci\u00f3n este 13 de marzo.<\/p>\n<p>El concejal Armando Guti\u00e9rrez, decano de los cabildantes de Bogot\u00e1, comparti\u00f3 el entusiasmo de esta candidatura en una aglomerada reuni\u00f3n, a la que se ingres\u00f3 con esquema de vacunaci\u00f3n y la gente luci\u00f3 un tapabocas de color rojo, en armon\u00eda con el tradicional color del partido Liberal.<\/p>\n<p><img loading=\"lazy\" decoding=\"async\" class=\"alignnone size-medium wp-image-44343\" src=\"https:\/\/revistazetta.com\/wp-content\/uploads\/2022\/02\/WhatsApp-Image-2022-02-04-at-9.49.48-PM-400x267.jpeg\" alt=\"\" width=\"400\" height=\"267\" srcset=\"https:\/\/revistazetta.com\/wp-content\/uploads\/2022\/02\/WhatsApp-Image-2022-02-04-at-9.49.48-PM-400x267.jpeg 400w, https:\/\/revistazetta.com\/wp-content\/uploads\/2022\/02\/WhatsApp-Image-2022-02-04-at-9.49.48-PM-1024x683.jpeg 1024w, https:\/\/revistazetta.com\/wp-content\/uploads\/2022\/02\/WhatsApp-Image-2022-02-04-at-9.49.48-PM.jpeg 1280w\" sizes=\"auto, (max-width: 400px) 100vw, 400px\" \/><\/p>\n<p>Garc\u00eda Turbay se comprometi\u00f3 a seguir en la lucha por eliminar el costo de reconexi\u00f3n de los servicios p\u00fablicos domiciliarios, al considerar que hay una gran injusticia social pues el valor supera a la factura mensual del servicio.<\/p>\n<p>Guti\u00e9rrez destac\u00f3 el creciente liderazgo nacional de Lidio Garc\u00eda, y dijo que es un honor que la lista del partido Liberal por primera vez sea encabezada por un caribe\u00f1o, nacido en El Carmen de Bol\u00edvar.<\/p>\n<p>La masiva concentraci\u00f3n ocup\u00f3 lugar especial en la agenda cumplida por el senador Garc\u00eda Turbay en el interior del pa\u00eds, que lo llev\u00f3 tambi\u00e9n al Eje Cafetero.<\/p>\n<p><img loading=\"lazy\" decoding=\"async\" class=\"alignnone size-medium wp-image-44342\" src=\"https:\/\/revistazetta.com\/wp-content\/uploads\/2022\/02\/WhatsApp-Image-2022-02-04-at-9.49.48-PM-1-400x267.jpeg\" alt=\"\" width=\"400\" height=\"267\" srcset=\"https:\/\/revistazetta.com\/wp-content\/uploads\/2022\/02\/WhatsApp-Image-2022-02-04-at-9.49.48-PM-1-400x267.jpeg 400w, https:\/\/revistazetta.com\/wp-content\/uploads\/2022\/02\/WhatsApp-Image-2022-02-04-at-9.49.48-PM-1-1024x682.jpeg 1024w, https:\/\/revistazetta.com\/wp-content\/uploads\/2022\/02\/WhatsApp-Image-2022-02-04-at-9.49.48-PM-1.jpeg 1526w\" sizes=\"auto, (max-width: 400px) 100vw, 400px\" \/><\/p>\n","protected":false},"excerpt":{"rendered":"<p>Bogot\u00e1, 5 de febrero de 2022.- En esta ocasi\u00f3n no fue una multitud bolivarense sino \u00abcachaca\u00bb la que ovacion\u00f3 al senador Lidio Garc\u00eda, quien prospecta una votaci\u00f3n sin precedentes en la Capital de la Rep\u00fablica para su reelecci\u00f3n este 13 de marzo. El concejal Armando Guti\u00e9rrez, decano de los cabildantes de Bogot\u00e1, comparti\u00f3 el entusiasmo de esta candidatura en una aglomerada reuni\u00f3n, a la que se ingres\u00f3 con esquema de vacunaci\u00f3n y la gente luci\u00f3 un tapabocas de color rojo, en armon\u00eda con el tradicional color del partido Liberal. Garc\u00eda&#8230; <\/p>\n","protected":false},"author":3,"featured_media":44344,"comment_status":"closed","ping_status":"closed","sticky":false,"template":"","format":"standard","meta":{"footnotes":"","_links_to":"","_links_to_target":""},"categories":[75,4],"tags":[285,421,448,422,356,298],"class_list":["post-44341","post","type-post","status-publish","format-standard","has-post-thumbnail","hentry","category-destacada","category-politica","tag-destacada","tag-elecciones-2022","tag-lidio-garcia","tag-lista-a-senado","tag-partido-liberal","tag-politica"],"_links":{"self":[{"href":"https:\/\/revistazetta.com\/index.php?rest_route=\/wp\/v2\/posts\/44341","targetHints":{"allow":["GET"]}}],"collection":[{"href":"https:\/\/revistazetta.com\/index.php?rest_route=\/wp\/v2\/posts"}],"about":[{"href":"https:\/\/revistazetta.com\/index.php?rest_route=\/wp\/v2\/types\/post"}],"author":[{"embeddable":true,"href":"https:\/\/revistazetta.com\/index.php?rest_route=\/wp\/v2\/users\/3"}],"replies":[{"embeddable":true,"href":"https:\/\/revistazetta.com\/index.php?rest_route=%2Fwp%2Fv2%2Fcomments&post=44341"}],"version-history":[{"count":0,"href":"https:\/\/revistazetta.com\/index.php?rest_route=\/wp\/v2\/posts\/44341\/revisions"}],"wp:featuredmedia":[{"embeddable":true,"href":"https:\/\/revistazetta.com\/index.php?rest_route=\/wp\/v2\/media\/44344"}],"wp:attachment":[{"href":"https:\/\/revistazetta.com\/index.php?rest_route=%2Fwp%2Fv2%2Fmedia&parent=44341"}],"wp:term":[{"taxonomy":"category","embeddable":true,"href":"https:\/\/revistazetta.com\/index.php?rest_route=%2Fwp%2Fv2%2Fcategories&post=44341"},{"taxonomy":"post_tag","embeddable":true,"href":"https:\/\/revistazetta.com\/index.php?rest_route=%2Fwp%2Fv2%2Ftags&post=44341"}],"curies":[{"name":"wp","href":"https:\/\/api.w.org\/{rel}","templated":true}]}}