{"id":44350,"date":"2022-02-06T08:44:46","date_gmt":"2022-02-06T13:44:46","guid":{"rendered":"https:\/\/revistazetta.com\/?p=44350"},"modified":"2022-02-06T08:44:46","modified_gmt":"2022-02-06T13:44:46","slug":"por-que-no-estoy-de-acuerdo-con-los-procesos-revocatorios-opinion-de-alvaro-royo-desde-xiamen","status":"publish","type":"post","link":"https:\/\/revistazetta.com\/?p=44350","title":{"rendered":"Por qu\u00e9 no estoy de acuerdo con los procesos revocatorios\u00a0&#8211; Opini\u00f3n de \u00c1lvaro Royo desde Xiamen"},"content":{"rendered":"<p><strong><span style=\"color: #003366;\"><span style=\"color: #000080;\">Por \u00c1lvaro Royo B\u00e1rcenas (Especial para Revista Zetta).-<\/span> (Xiamen &#8211; China).-<\/span> 6 de febrero de 2022.-<\/strong>\u00a0Tener a la mano la posibilidad de revocar a un gobernante que no est\u00e1 haciendo las cosas bien tiene unas ventajas enormes en democracia, en democracias maduras quiero decir, y la nuestra de eso tiene muy poco. Por eso nuestros<span class=\"Apple-converted-space\">\u00a0<\/span>revocatorios tienen un tufillo oportunista y han sido prostituidos de una manera burda y perversa.<span class=\"Apple-converted-space\">\u00a0<\/span><\/p>\n<p>Y de verdad que los considero una excelente herramienta democr\u00e1tica, ni m\u00e1s faltaba, qu\u00e9 mejor que poder contar con una opci\u00f3n de este tipo. Pero como casi todo en nuestra democracia, el proceso como tal est\u00e1 siendo p\u00e9simamente utilizado y ve uno promoviendo<span class=\"Apple-converted-space\">\u00a0<\/span>revocatorios a los mismos que perdieron las elecciones pero luciendo vistosos disfraces de pulcritud y un discurso impecable cuando realmente cargan sobre sus hombros toda la putrefacci\u00f3n, el destrozo y el p\u00e9simo manejo que ellos mismos le han dado a la ciudad durante muchos a\u00f1os.<\/p>\n<p><img loading=\"lazy\" decoding=\"async\" class=\"alignnone size-medium wp-image-44353\" src=\"https:\/\/revistazetta.com\/wp-content\/uploads\/2022\/02\/2-400x231.jpg\" alt=\"\" width=\"400\" height=\"231\" srcset=\"https:\/\/revistazetta.com\/wp-content\/uploads\/2022\/02\/2-400x231.jpg 400w, https:\/\/revistazetta.com\/wp-content\/uploads\/2022\/02\/2-1024x593.jpg 1024w, https:\/\/revistazetta.com\/wp-content\/uploads\/2022\/02\/2.jpg 1080w\" sizes=\"auto, (max-width: 400px) 100vw, 400px\" \/><\/p>\n<p>Dan clases y reparten moral pero carecen de ella, conocen muy bien y al detalle los problemas de la ciudad porque ellos mismos fueron quienes los crearon, tienen las soluciones a todos nuestros problemas pero jam\u00e1s se tomaron la molestia de plantearse el solucionarlos cuando fueron gobierno; creen en los peajes como \u00fanica fuente de<span class=\"Apple-converted-space\">\u00a0 <\/span>financiaci\u00f3n para desarrollar obras de infraestructura en la ciudad para que estas obras sean un excelente negocio para sus amigotes y las paguen las comunidades m\u00e1s pobres de la ciudad y una de las m\u00e1s importantes, creen dogm\u00e1tica y ciegamente que tienen el derecho innegociable de desviar recursos p\u00fablicos para sus bolsillos con contratos entregados a dedo por ellos y donde las coimas, comisiones y porcentajes son sagrados.<\/p>\n<p>Estas son las bellezas que promueven los revocatorios, unas cuantas caras conocidas y otras no tanto, pero detr\u00e1s de ellos hay un ej\u00e9rcito de impresentables de la peor y m\u00e1s sucia cala\u00f1a.<\/p>\n<p><img loading=\"lazy\" decoding=\"async\" class=\"alignnone size-medium wp-image-44352\" src=\"https:\/\/revistazetta.com\/wp-content\/uploads\/2022\/02\/1-400x225.png\" alt=\"\" width=\"400\" height=\"225\" srcset=\"https:\/\/revistazetta.com\/wp-content\/uploads\/2022\/02\/1-400x225.png 400w, https:\/\/revistazetta.com\/wp-content\/uploads\/2022\/02\/1.png 950w\" sizes=\"auto, (max-width: 400px) 100vw, 400px\" \/><\/p>\n<p>Fuera deseable que esos mismos que votaron por el alcalde y quienes lo promovieron organizaran un movimiento ciudadano a ver si pueden mover a la gente a revocarlo, pero lo que ve uno son las caras de los que primero estuvieron activamente en las campa\u00f1as perdedoras, con esto no quiero decir que los mismos que lo eligieron son los que tienen el derecho a revocarlo, no se\u00f1or, lo que quiero decir es que por lo menos tengan un poco m\u00e1s de verg\u00fcenza los que est\u00e1n al frente y no se dejen ver tanto, ya que le quitan credibilidad, pulcritud y buenos deseos que deber\u00eda tener el proceso.<\/p>\n<p>Con estas alarmas encendidas yo no veo viable un proceso revocatorio que nuevamente meta a la ciudad en una confrontaci\u00f3n pol\u00edtica y eventual cambio de administraci\u00f3n, los que quieren revocar est\u00e1 claro que tienen aspiraciones, pues entonces que se preparen mejor para las elecciones del a\u00f1o entrante para que traten de recuperar su trono perdido, faltan 11 meses como quien dice para que inicie la campa\u00f1a para alcald\u00edas y gobernaciones, esto es ya.<\/p>\n<p>Tambi\u00e9n quisiera agregar que con ese corto tiempo que hace falta para que termine esta administraci\u00f3n, 1 a\u00f1o y 11 meses meterse en el desgaste de unas dobles elecciones solo nos va a traer m\u00e1s atraso, mantener la estabilidad administrativa hasta que termine este periodo nos va a hacer reflexionar y madurar m\u00e1s como ciudad, las elecciones pasadas, mas los yerros y aciertos de esta administraci\u00f3n va a dejarnos lecciones que si las damos por aprendidas nos va a hacer seleccionar de mejor manera nuestro candidato-gerente para dirigir Cartagena a futuro.<\/p>\n<p><img loading=\"lazy\" decoding=\"async\" class=\"alignnone size-medium wp-image-44355\" src=\"https:\/\/revistazetta.com\/wp-content\/uploads\/2022\/02\/4-400x300.jpeg\" alt=\"\" width=\"400\" height=\"300\" srcset=\"https:\/\/revistazetta.com\/wp-content\/uploads\/2022\/02\/4-400x300.jpeg 400w, https:\/\/revistazetta.com\/wp-content\/uploads\/2022\/02\/4-1024x768.jpeg 1024w, https:\/\/revistazetta.com\/wp-content\/uploads\/2022\/02\/4.jpeg 1280w\" sizes=\"auto, (max-width: 400px) 100vw, 400px\" \/><\/p>\n<p><strong>Thinking<\/strong><\/p>\n<p>Bien interesante el tema del foro de la Revista Zetta sobre qu\u00e9 hacer con el Alcalde William Dau, el solo hecho de proponerlo ya abre un espacio que puede darle a la administraci\u00f3n una ventana para que se asome a ver c\u00f3mo esta su imagen dentro de los ciudadanos participantes, adem\u00e1s que tambi\u00e9n nos da la oportunidad a la gente de escuchar de primera mano opiniones de diferentes colores.<\/p>\n<p><img loading=\"lazy\" decoding=\"async\" class=\"alignnone size-medium wp-image-44356\" src=\"https:\/\/revistazetta.com\/wp-content\/uploads\/2022\/02\/foro-que-hacemos-con-dau-400x227.jpg\" alt=\"\" width=\"400\" height=\"227\" srcset=\"https:\/\/revistazetta.com\/wp-content\/uploads\/2022\/02\/foro-que-hacemos-con-dau-400x227.jpg 400w, https:\/\/revistazetta.com\/wp-content\/uploads\/2022\/02\/foro-que-hacemos-con-dau.jpg 919w\" sizes=\"auto, (max-width: 400px) 100vw, 400px\" \/><\/p>\n<p>Excelente ejercicio period\u00edstico de alto valor.<\/p>\n<p>No tuve la oportunidad de participar en el foro convocado por la Revista Zetta ya que me encontraba viajando por las vacaciones que da el gobierno por motivos de celebraci\u00f3n del nuevo a\u00f1o chino de acuerdo al calendario lunar.<\/p>\n<p>\u00bfY si me preguntaran a m\u00ed que hacer con William Dau?<\/p>\n<p>Mi respuesta ser\u00eda dejarlo terminar su mandato si no llegara a cometer ning\u00fan delito.<span class=\"Apple-converted-space\">\u00a0<\/span><\/p>\n<p>Se entiende el desencanto de la gente pero eso fue lo que la democracia y nosotros con nuestro voto, ambos con sus defectos elegimos.<\/p>\n<p>Como siempre all\u00ed est\u00e1 mi email al pie de p\u00e1gina para los que quieran escribirme sus opiniones acerca del tema y con mucho gusto les responder\u00e9<\/p>\n<p><span style=\"color: #800000;\"><strong>\u00a1Un abrazo!<\/strong><\/span><\/p>\n<p><span style=\"color: #800000;\"><strong>\u00c1lvaro Royo B\u00e1rcenas<\/strong><\/span><\/p>\n<p>Xiamen-China<\/p>\n<p><a href=\"mailto:enchina@gmail.com\">enchina@gmail.com<\/a><\/p>\n<p><a href=\"http:\/\/www.alvaroroyo.com\/\" target=\"_blank\" rel=\"noopener\">www.alvaroroyo.com<\/a><\/p>\n<p>Twitter:\u00a0@Alvaro_E_Royo<\/p>\n<p>0086-13559231344<\/p>\n<p>&nbsp;<\/p>\n","protected":false},"excerpt":{"rendered":"<p>Por \u00c1lvaro Royo B\u00e1rcenas (Especial para Revista Zetta).- (Xiamen &#8211; China).- 6 de febrero de 2022.-\u00a0Tener a la mano la posibilidad de revocar a un gobernante que no est\u00e1 haciendo las cosas bien tiene unas ventajas enormes en democracia, en democracias maduras quiero decir, y la nuestra de eso tiene muy poco. Por eso nuestros\u00a0revocatorios tienen un tufillo oportunista y han sido prostituidos de una manera burda y perversa.\u00a0 Y de verdad que los considero una excelente herramienta democr\u00e1tica, ni m\u00e1s faltaba, qu\u00e9 mejor que poder contar con una opci\u00f3n&#8230; <\/p>\n","protected":false},"author":3,"featured_media":44351,"comment_status":"closed","ping_status":"closed","sticky":false,"template":"","format":"standard","meta":{"footnotes":"","_links_to":"","_links_to_target":""},"categories":[75,44,65],"tags":[377,550,628,285,288,289,642,431],"class_list":["post-44350","post","type-post","status-publish","format-standard","has-post-thumbnail","hentry","category-destacada","category-materiagris","category-opinion","tag-alvaro-royo","tag-china","tag-corrupcion","tag-destacada","tag-materia-gris","tag-opinion","tag-revo-atora","tag-william-dau"],"_links":{"self":[{"href":"https:\/\/revistazetta.com\/index.php?rest_route=\/wp\/v2\/posts\/44350","targetHints":{"allow":["GET"]}}],"collection":[{"href":"https:\/\/revistazetta.com\/index.php?rest_route=\/wp\/v2\/posts"}],"about":[{"href":"https:\/\/revistazetta.com\/index.php?rest_route=\/wp\/v2\/types\/post"}],"author":[{"embeddable":true,"href":"https:\/\/revistazetta.com\/index.php?rest_route=\/wp\/v2\/users\/3"}],"replies":[{"embeddable":true,"href":"https:\/\/revistazetta.com\/index.php?rest_route=%2Fwp%2Fv2%2Fcomments&post=44350"}],"version-history":[{"count":0,"href":"https:\/\/revistazetta.com\/index.php?rest_route=\/wp\/v2\/posts\/44350\/revisions"}],"wp:featuredmedia":[{"embeddable":true,"href":"https:\/\/revistazetta.com\/index.php?rest_route=\/wp\/v2\/media\/44351"}],"wp:attachment":[{"href":"https:\/\/revistazetta.com\/index.php?rest_route=%2Fwp%2Fv2%2Fmedia&parent=44350"}],"wp:term":[{"taxonomy":"category","embeddable":true,"href":"https:\/\/revistazetta.com\/index.php?rest_route=%2Fwp%2Fv2%2Fcategories&post=44350"},{"taxonomy":"post_tag","embeddable":true,"href":"https:\/\/revistazetta.com\/index.php?rest_route=%2Fwp%2Fv2%2Ftags&post=44350"}],"curies":[{"name":"wp","href":"https:\/\/api.w.org\/{rel}","templated":true}]}}