{"id":44437,"date":"2022-02-09T17:24:51","date_gmt":"2022-02-09T22:24:51","guid":{"rendered":"https:\/\/revistazetta.com\/?p=44437"},"modified":"2022-02-09T18:10:57","modified_gmt":"2022-02-09T23:10:57","slug":"happy-becerra-extiende-su-propuesta-desde-magangue-a-las-lobas","status":"publish","type":"post","link":"https:\/\/revistazetta.com\/?p=44437","title":{"rendered":"Happy Becerra extiende su propuesta desde Magangu\u00e9 a las Lobas"},"content":{"rendered":"<p><span style=\"color: #000080;\"><strong><em>Una semana victoriosa vivi\u00f3 el candidato a la C\u00e1mara de Representantes por el Partido Liberal en su visita por varios municipios del Sur de Bol\u00edvar.<\/em><\/strong><\/span><\/p>\n<p><strong>Cartagena de Indias, 9 de febrero de 2022.-<\/strong>\u00a0Ignacio \u201cHappy\u201d Becerra, hombre provinciano que conoce las necesidades de su departamento, en su recorrido por los municipios del sur, confirm\u00f3 que su proyecto cada d\u00eda se consolida m\u00e1s y que el pr\u00f3ximo 13 de marzo llegar\u00e1 a la victoria obteniendo una curul en el Congreso de la Rep\u00fablica.<\/p>\n<p><img loading=\"lazy\" decoding=\"async\" class=\"alignnone size-medium wp-image-44441\" src=\"https:\/\/revistazetta.com\/wp-content\/uploads\/2022\/02\/WhatsApp-Image-2022-02-07-at-2.30.22-PM-1-400x267.jpeg\" alt=\"\" width=\"400\" height=\"267\" srcset=\"https:\/\/revistazetta.com\/wp-content\/uploads\/2022\/02\/WhatsApp-Image-2022-02-07-at-2.30.22-PM-1-400x267.jpeg 400w, https:\/\/revistazetta.com\/wp-content\/uploads\/2022\/02\/WhatsApp-Image-2022-02-07-at-2.30.22-PM-1-1024x682.jpeg 1024w, https:\/\/revistazetta.com\/wp-content\/uploads\/2022\/02\/WhatsApp-Image-2022-02-07-at-2.30.22-PM-1-1536x1023.jpeg 1536w, https:\/\/revistazetta.com\/wp-content\/uploads\/2022\/02\/WhatsApp-Image-2022-02-07-at-2.30.22-PM-1.jpeg 1600w\" sizes=\"auto, (max-width: 400px) 100vw, 400px\" \/><br \/>\nDurante el recorrido que se llev\u00f3 a cabo en los municipios de Magangu\u00e9, Mompox, Hatillo de Loba, San Mart\u00edn de Loba, Altos del Rosario, Regidor y Talaigua Nuevo, recibi\u00f3 todo el respaldo de amigos simpatizantes que creen en \u00e9l y le apuestan a un proyecto renovado que les permitir\u00e1 avanzar trabajando de la mano con el candidato.<\/p>\n<p>Happy Becerra est\u00e1 en la lista a C\u00e1mara del partido liberal, N\u00ba106.<\/p>\n<p>Respalda la candidatura al Senado de Lidio Garc\u00eda, N\u00ba 1 Partid Liberal.<\/p>\n<p><img loading=\"lazy\" decoding=\"async\" class=\"alignnone size-medium wp-image-44440\" src=\"https:\/\/revistazetta.com\/wp-content\/uploads\/2022\/02\/WhatsApp-Image-2022-02-07-at-2.30.21-PM-400x249.jpeg\" alt=\"\" width=\"400\" height=\"249\" srcset=\"https:\/\/revistazetta.com\/wp-content\/uploads\/2022\/02\/WhatsApp-Image-2022-02-07-at-2.30.21-PM-400x249.jpeg 400w, https:\/\/revistazetta.com\/wp-content\/uploads\/2022\/02\/WhatsApp-Image-2022-02-07-at-2.30.21-PM.jpeg 750w\" sizes=\"auto, (max-width: 400px) 100vw, 400px\" \/><br \/>\n\u201cCon amigos como el diputado Ever Rico, el ex diputado Frank Ricaurte, Fredy Jim\u00e9nez, Adalberto Menco , Fred de la Pe\u00f1a y l\u00edderes de los municipios de Cicuco, San Fernando y Margarita , ratifico mi compromiso de trabajar por Bol\u00edvar, de igual manera me satisface el recibimiento y la aceptaci\u00f3n que obtengo en cada municipio donde llego y esto me motiva a seguir adelante firme y en victoria\u201d, expres\u00f3 el candidato.<\/p>\n<p><img loading=\"lazy\" decoding=\"async\" class=\"alignnone size-medium wp-image-44438\" src=\"https:\/\/revistazetta.com\/wp-content\/uploads\/2022\/02\/WhatsApp-Image-2022-02-07-at-2.30.21-PM-1-400x267.jpeg\" alt=\"\" width=\"400\" height=\"267\" srcset=\"https:\/\/revistazetta.com\/wp-content\/uploads\/2022\/02\/WhatsApp-Image-2022-02-07-at-2.30.21-PM-1-400x267.jpeg 400w, https:\/\/revistazetta.com\/wp-content\/uploads\/2022\/02\/WhatsApp-Image-2022-02-07-at-2.30.21-PM-1-1024x682.jpeg 1024w, https:\/\/revistazetta.com\/wp-content\/uploads\/2022\/02\/WhatsApp-Image-2022-02-07-at-2.30.21-PM-1-1536x1023.jpeg 1536w, https:\/\/revistazetta.com\/wp-content\/uploads\/2022\/02\/WhatsApp-Image-2022-02-07-at-2.30.21-PM-1.jpeg 1600w\" sizes=\"auto, (max-width: 400px) 100vw, 400px\" \/><\/p>\n<p><img loading=\"lazy\" decoding=\"async\" class=\"alignnone size-medium wp-image-44442\" src=\"https:\/\/revistazetta.com\/wp-content\/uploads\/2022\/02\/WhatsApp-Image-2022-02-07-at-2.30.22-PM-400x267.jpeg\" alt=\"\" width=\"400\" height=\"267\" srcset=\"https:\/\/revistazetta.com\/wp-content\/uploads\/2022\/02\/WhatsApp-Image-2022-02-07-at-2.30.22-PM-400x267.jpeg 400w, https:\/\/revistazetta.com\/wp-content\/uploads\/2022\/02\/WhatsApp-Image-2022-02-07-at-2.30.22-PM-1024x682.jpeg 1024w, https:\/\/revistazetta.com\/wp-content\/uploads\/2022\/02\/WhatsApp-Image-2022-02-07-at-2.30.22-PM-1536x1023.jpeg 1536w, https:\/\/revistazetta.com\/wp-content\/uploads\/2022\/02\/WhatsApp-Image-2022-02-07-at-2.30.22-PM.jpeg 1600w\" sizes=\"auto, (max-width: 400px) 100vw, 400px\" \/><\/p>\n<p><img loading=\"lazy\" decoding=\"async\" class=\"alignnone size-medium wp-image-44443\" src=\"https:\/\/revistazetta.com\/wp-content\/uploads\/2022\/02\/WhatsApp-Image-2022-02-07-at-2.30.23-PM-400x242.jpeg\" alt=\"\" width=\"400\" height=\"242\" srcset=\"https:\/\/revistazetta.com\/wp-content\/uploads\/2022\/02\/WhatsApp-Image-2022-02-07-at-2.30.23-PM-400x242.jpeg 400w, https:\/\/revistazetta.com\/wp-content\/uploads\/2022\/02\/WhatsApp-Image-2022-02-07-at-2.30.23-PM-1024x620.jpeg 1024w, https:\/\/revistazetta.com\/wp-content\/uploads\/2022\/02\/WhatsApp-Image-2022-02-07-at-2.30.23-PM-1536x929.jpeg 1536w, https:\/\/revistazetta.com\/wp-content\/uploads\/2022\/02\/WhatsApp-Image-2022-02-07-at-2.30.23-PM.jpeg 1600w\" sizes=\"auto, (max-width: 400px) 100vw, 400px\" \/><\/p>\n","protected":false},"excerpt":{"rendered":"<p>Una semana victoriosa vivi\u00f3 el candidato a la C\u00e1mara de Representantes por el Partido Liberal en su visita por varios municipios del Sur de Bol\u00edvar. Cartagena de Indias, 9 de febrero de 2022.-\u00a0Ignacio \u201cHappy\u201d Becerra, hombre provinciano que conoce las necesidades de su departamento, en su recorrido por los municipios del sur, confirm\u00f3 que su proyecto cada d\u00eda se consolida m\u00e1s y que el pr\u00f3ximo 13 de marzo llegar\u00e1 a la victoria obteniendo una curul en el Congreso de la Rep\u00fablica. Durante el recorrido que se llev\u00f3 a cabo en&#8230; <\/p>\n","protected":false},"author":3,"featured_media":44445,"comment_status":"closed","ping_status":"closed","sticky":false,"template":"","format":"standard","meta":{"footnotes":"","_links_to":"","_links_to_target":""},"categories":[4],"tags":[421,538,426,356,298],"class_list":["post-44437","post","type-post","status-publish","format-standard","has-post-thumbnail","hentry","category-politica","tag-elecciones-2022","tag-happy-becerra","tag-lista-a-camara","tag-partido-liberal","tag-politica"],"_links":{"self":[{"href":"https:\/\/revistazetta.com\/index.php?rest_route=\/wp\/v2\/posts\/44437","targetHints":{"allow":["GET"]}}],"collection":[{"href":"https:\/\/revistazetta.com\/index.php?rest_route=\/wp\/v2\/posts"}],"about":[{"href":"https:\/\/revistazetta.com\/index.php?rest_route=\/wp\/v2\/types\/post"}],"author":[{"embeddable":true,"href":"https:\/\/revistazetta.com\/index.php?rest_route=\/wp\/v2\/users\/3"}],"replies":[{"embeddable":true,"href":"https:\/\/revistazetta.com\/index.php?rest_route=%2Fwp%2Fv2%2Fcomments&post=44437"}],"version-history":[{"count":0,"href":"https:\/\/revistazetta.com\/index.php?rest_route=\/wp\/v2\/posts\/44437\/revisions"}],"wp:featuredmedia":[{"embeddable":true,"href":"https:\/\/revistazetta.com\/index.php?rest_route=\/wp\/v2\/media\/44445"}],"wp:attachment":[{"href":"https:\/\/revistazetta.com\/index.php?rest_route=%2Fwp%2Fv2%2Fmedia&parent=44437"}],"wp:term":[{"taxonomy":"category","embeddable":true,"href":"https:\/\/revistazetta.com\/index.php?rest_route=%2Fwp%2Fv2%2Fcategories&post=44437"},{"taxonomy":"post_tag","embeddable":true,"href":"https:\/\/revistazetta.com\/index.php?rest_route=%2Fwp%2Fv2%2Ftags&post=44437"}],"curies":[{"name":"wp","href":"https:\/\/api.w.org\/{rel}","templated":true}]}}