{"id":44516,"date":"2022-02-14T10:06:36","date_gmt":"2022-02-14T15:06:36","guid":{"rendered":"https:\/\/revistazetta.com\/?p=44516"},"modified":"2022-02-14T10:06:36","modified_gmt":"2022-02-14T15:06:36","slug":"karen-cure-promueve-candidatura-presidencial-de-alex-char-en-magangue","status":"publish","type":"post","link":"https:\/\/revistazetta.com\/?p=44516","title":{"rendered":"Karen Cure promueve candidatura presidencial de Alex Char en Magangu\u00e9"},"content":{"rendered":"<p>Magangu\u00e9, 14 de febrero de 2022.- La candidatura presidencial de Alejandro Char tiene en Magangu\u00e9 una impulsadora entusiasta: Karen Cure.<\/p>\n<p>La candidata a la C\u00e1mara por el partido Cambio Radical, n\u00famero 101 en el tarjet\u00f3n, invit\u00f3 a todos los bolivarenses, en especial a los del \u00e1rea de Magangu\u00e9, a votar por el l\u00edder caribe\u00f1o.<\/p>\n<blockquote><p>Con <a class=\" xil3i\" tabindex=\"0\" href=\"https:\/\/www.instagram.com\/explore\/tags\/alexchar\/\" target=\"_blank\" rel=\"noopener\">#AlexChar<\/a> somos un equipo que quiere brindar <a class=\" xil3i\" tabindex=\"0\" href=\"https:\/\/www.instagram.com\/explore\/tags\/m%C3%A1soportunidades\/\" target=\"_blank\" rel=\"noopener\">#M\u00e1sOportunidades<\/a><\/p>\n<p>Para m\u00ed es un orgullo promover su candidatura.<\/p>\n<p>Este 13 de marzo no olviden pedir el tarjet\u00f3n de la Consulta de Equipo por Colombia y votar <a class=\" xil3i\" tabindex=\"0\" href=\"https:\/\/www.instagram.com\/explore\/tags\/alexcharpresidente\/\" target=\"_blank\" rel=\"noopener\">#AlexCharPresidente<\/a><\/p><\/blockquote>\n<p>Fue el mensaje que divulg\u00f3 en sus redes sociales la candidata a la reelecci\u00f3n en la C\u00e1mara de Representantes.<\/p>\n","protected":false},"excerpt":{"rendered":"<p>Magangu\u00e9, 14 de febrero de 2022.- La candidatura presidencial de Alejandro Char tiene en Magangu\u00e9 una impulsadora entusiasta: Karen Cure. La candidata a la C\u00e1mara por el partido Cambio Radical, n\u00famero 101 en el tarjet\u00f3n, invit\u00f3 a todos los bolivarenses, en especial a los del \u00e1rea de Magangu\u00e9, a votar por el l\u00edder caribe\u00f1o. Con #AlexChar somos un equipo que quiere brindar #M\u00e1sOportunidades Para m\u00ed es un orgullo promover su candidatura. Este 13 de marzo no olviden pedir el tarjet\u00f3n de la Consulta de Equipo por Colombia y votar #AlexCharPresidente&#8230; <\/p>\n","protected":false},"author":3,"featured_media":44517,"comment_status":"closed","ping_status":"closed","sticky":false,"template":"","format":"standard","meta":{"footnotes":"","_links_to":"","_links_to_target":""},"categories":[4],"tags":[660,417,421,226,298],"class_list":["post-44516","post","type-post","status-publish","format-standard","has-post-thumbnail","hentry","category-politica","tag-alex-char","tag-cambio-radical","tag-elecciones-2022","tag-karen-cure","tag-politica"],"_links":{"self":[{"href":"https:\/\/revistazetta.com\/index.php?rest_route=\/wp\/v2\/posts\/44516","targetHints":{"allow":["GET"]}}],"collection":[{"href":"https:\/\/revistazetta.com\/index.php?rest_route=\/wp\/v2\/posts"}],"about":[{"href":"https:\/\/revistazetta.com\/index.php?rest_route=\/wp\/v2\/types\/post"}],"author":[{"embeddable":true,"href":"https:\/\/revistazetta.com\/index.php?rest_route=\/wp\/v2\/users\/3"}],"replies":[{"embeddable":true,"href":"https:\/\/revistazetta.com\/index.php?rest_route=%2Fwp%2Fv2%2Fcomments&post=44516"}],"version-history":[{"count":0,"href":"https:\/\/revistazetta.com\/index.php?rest_route=\/wp\/v2\/posts\/44516\/revisions"}],"wp:featuredmedia":[{"embeddable":true,"href":"https:\/\/revistazetta.com\/index.php?rest_route=\/wp\/v2\/media\/44517"}],"wp:attachment":[{"href":"https:\/\/revistazetta.com\/index.php?rest_route=%2Fwp%2Fv2%2Fmedia&parent=44516"}],"wp:term":[{"taxonomy":"category","embeddable":true,"href":"https:\/\/revistazetta.com\/index.php?rest_route=%2Fwp%2Fv2%2Fcategories&post=44516"},{"taxonomy":"post_tag","embeddable":true,"href":"https:\/\/revistazetta.com\/index.php?rest_route=%2Fwp%2Fv2%2Ftags&post=44516"}],"curies":[{"name":"wp","href":"https:\/\/api.w.org\/{rel}","templated":true}]}}