{"id":44574,"date":"2022-02-16T09:10:45","date_gmt":"2022-02-16T14:10:45","guid":{"rendered":"https:\/\/revistazetta.com\/?p=44574"},"modified":"2022-02-16T09:12:08","modified_gmt":"2022-02-16T14:12:08","slug":"vamos-a-renovar-el-legado-social-de-nicolas-curi-javier-royo-curi","status":"publish","type":"post","link":"https:\/\/revistazetta.com\/?p=44574","title":{"rendered":"Vamos a renovar el legado social de Nicol\u00e1s Curi: Javier Royo Curi"},"content":{"rendered":"<p><strong>Cartagena de Indias, 16 de febrero de 2022.-<\/strong> Una renovaci\u00f3n de los postulados sociales del tres veces alcalde de Cartagena, Nicol\u00e1s Curi, en temas como lucha contra el hambre, universidad p\u00fablica o salud comunitaria, son la base program\u00e1tica de su nieto, Javier Royo Curi, quien despunta en la lista a C\u00e1mara de Representantes del partido Centro Democr\u00e1tico.<\/p>\n<p>\u00abLas pol\u00edticas p\u00fablicas deben hacer la diferencia para la infancia, juventud, mujeres y adultos mayores\u00bb indic\u00f3 el candidato, en di\u00e1logo con John Zamora en el programa \u00abDe la A a la Zetta\u00bb que se emite en el sistema informativo de Revista Zetta.<\/p>\n<p>Royo Curi tiene la seguridad de obtener la primera votaci\u00f3n del Centro Democr\u00e1tico, en una lista donde hay liderazgos de gran val\u00eda, y que propiciar\u00e1n que, por primera vez, esta colectividad tenga una curul en la C\u00e1mara por Bol\u00edvar.<\/p>\n<p>Royo Curi hace parte de una familia con larga trayectoria en la pol\u00edtica de Bol\u00edvar. Su abuelo, Nicol\u00e1s Curi, fue elegido tres veces como Alcalde de Cartagena, y su madre, Marta Curi Osorio, fue Representante a la C\u00e1mara.<\/p>\n<p><iframe loading=\"lazy\" title=\"YouTube video player\" src=\"https:\/\/www.youtube.com\/embed\/okSBzoT8Nj4\" width=\"560\" height=\"315\" frameborder=\"0\" allowfullscreen=\"allowfullscreen\"><\/iframe><\/p>\n<p>&nbsp;<\/p>\n<p><img loading=\"lazy\" decoding=\"async\" class=\"alignnone size-medium wp-image-44575\" src=\"https:\/\/revistazetta.com\/wp-content\/uploads\/2022\/02\/Captura-de-Pantalla-2022-02-16-a-las-7.09.47-a.-m.-400x225.png\" alt=\"\" width=\"400\" height=\"225\" srcset=\"https:\/\/revistazetta.com\/wp-content\/uploads\/2022\/02\/Captura-de-Pantalla-2022-02-16-a-las-7.09.47-a.-m.-400x225.png 400w, https:\/\/revistazetta.com\/wp-content\/uploads\/2022\/02\/Captura-de-Pantalla-2022-02-16-a-las-7.09.47-a.-m..png 1022w\" sizes=\"auto, (max-width: 400px) 100vw, 400px\" \/><\/p>\n","protected":false},"excerpt":{"rendered":"<p>Cartagena de Indias, 16 de febrero de 2022.- Una renovaci\u00f3n de los postulados sociales del tres veces alcalde de Cartagena, Nicol\u00e1s Curi, en temas como lucha contra el hambre, universidad p\u00fablica o salud comunitaria, son la base program\u00e1tica de su nieto, Javier Royo Curi, quien despunta en la lista a C\u00e1mara de Representantes del partido Centro Democr\u00e1tico. \u00abLas pol\u00edticas p\u00fablicas deben hacer la diferencia para la infancia, juventud, mujeres y adultos mayores\u00bb indic\u00f3 el candidato, en di\u00e1logo con John Zamora en el programa \u00abDe la A a la Zetta\u00bb que&#8230; <\/p>\n","protected":false},"author":3,"featured_media":44576,"comment_status":"closed","ping_status":"closed","sticky":false,"template":"","format":"standard","meta":{"footnotes":"","_links_to":"","_links_to_target":""},"categories":[75],"tags":[263,285,421,453,225,521,298],"class_list":["post-44574","post","type-post","status-publish","format-standard","has-post-thumbnail","hentry","category-destacada","tag-centro-democratico","tag-destacada","tag-elecciones-2022","tag-javier-royo-curi","tag-marta-curi","tag-nicolas-curi","tag-politica"],"_links":{"self":[{"href":"https:\/\/revistazetta.com\/index.php?rest_route=\/wp\/v2\/posts\/44574","targetHints":{"allow":["GET"]}}],"collection":[{"href":"https:\/\/revistazetta.com\/index.php?rest_route=\/wp\/v2\/posts"}],"about":[{"href":"https:\/\/revistazetta.com\/index.php?rest_route=\/wp\/v2\/types\/post"}],"author":[{"embeddable":true,"href":"https:\/\/revistazetta.com\/index.php?rest_route=\/wp\/v2\/users\/3"}],"replies":[{"embeddable":true,"href":"https:\/\/revistazetta.com\/index.php?rest_route=%2Fwp%2Fv2%2Fcomments&post=44574"}],"version-history":[{"count":0,"href":"https:\/\/revistazetta.com\/index.php?rest_route=\/wp\/v2\/posts\/44574\/revisions"}],"wp:featuredmedia":[{"embeddable":true,"href":"https:\/\/revistazetta.com\/index.php?rest_route=\/wp\/v2\/media\/44576"}],"wp:attachment":[{"href":"https:\/\/revistazetta.com\/index.php?rest_route=%2Fwp%2Fv2%2Fmedia&parent=44574"}],"wp:term":[{"taxonomy":"category","embeddable":true,"href":"https:\/\/revistazetta.com\/index.php?rest_route=%2Fwp%2Fv2%2Fcategories&post=44574"},{"taxonomy":"post_tag","embeddable":true,"href":"https:\/\/revistazetta.com\/index.php?rest_route=%2Fwp%2Fv2%2Ftags&post=44574"}],"curies":[{"name":"wp","href":"https:\/\/api.w.org\/{rel}","templated":true}]}}