{"id":44577,"date":"2022-02-16T11:06:12","date_gmt":"2022-02-16T16:06:12","guid":{"rendered":"https:\/\/revistazetta.com\/?p=44577"},"modified":"2022-02-16T11:06:12","modified_gmt":"2022-02-16T16:06:12","slug":"la-plena-de-garcia-tirado-con-lidio-al-senado-y-nino-a-camara","status":"publish","type":"post","link":"https:\/\/revistazetta.com\/?p=44577","title":{"rendered":"La \u00abplena\u00bb de Garc\u00eda Tirado con Lidio al Senado y Ni\u00f1o a C\u00e1mara"},"content":{"rendered":"<p><strong>Cartagena de Indias, 16 de febrero de 2022.-<\/strong> Muy puntual, a las 7 de la noche, comenz\u00f3 la reuni\u00f3n pol\u00edtica que el conocido dirigente William Garc\u00eda Tirado organiz\u00f3 para ratificar su respaldo a Lidio Garc\u00eda Turbay como candidato al Senado y Fernando Ni\u00f1o Mendoza como candidato a C\u00e1mara de Representantes.<\/p>\n<p>La cita se cumpli\u00f3 en el sal\u00f3n de convenciones del Hotel Comfort, en San Fernando, que estuvo a reventar de militantes del grupo que orienta el excongresista y excandidato a la Alcald\u00eda William Garc\u00eda Tirado.<\/p>\n<p><img loading=\"lazy\" decoding=\"async\" class=\"alignnone size-medium wp-image-44581\" src=\"https:\/\/revistazetta.com\/wp-content\/uploads\/2022\/02\/273975089_136268625549627_3772935915573716013_n-400x267.jpg\" alt=\"\" width=\"400\" height=\"267\" srcset=\"https:\/\/revistazetta.com\/wp-content\/uploads\/2022\/02\/273975089_136268625549627_3772935915573716013_n-400x267.jpg 400w, https:\/\/revistazetta.com\/wp-content\/uploads\/2022\/02\/273975089_136268625549627_3772935915573716013_n-1024x683.jpg 1024w, https:\/\/revistazetta.com\/wp-content\/uploads\/2022\/02\/273975089_136268625549627_3772935915573716013_n.jpg 1065w\" sizes=\"auto, (max-width: 400px) 100vw, 400px\" \/><\/p>\n<p>Garc\u00eda Tirado puntualiz\u00f3 los motivos que lo llevaron a definir estos respaldos, centr\u00e1ndose en la hoja de vida de Garc\u00eda Turbay y Ni\u00f1o Mendoza y en el compromiso de gestionar proyectos para Bol\u00edvar, especialmente los de impacto social.<\/p>\n<p><img loading=\"lazy\" decoding=\"async\" class=\"alignnone size-medium wp-image-44583\" src=\"https:\/\/revistazetta.com\/wp-content\/uploads\/2022\/02\/274125762_159997009704254_2716717579425781856_n-400x266.jpg\" alt=\"\" width=\"400\" height=\"266\" srcset=\"https:\/\/revistazetta.com\/wp-content\/uploads\/2022\/02\/274125762_159997009704254_2716717579425781856_n-400x266.jpg 400w, https:\/\/revistazetta.com\/wp-content\/uploads\/2022\/02\/274125762_159997009704254_2716717579425781856_n-1024x682.jpg 1024w, https:\/\/revistazetta.com\/wp-content\/uploads\/2022\/02\/274125762_159997009704254_2716717579425781856_n.jpg 1080w\" sizes=\"auto, (max-width: 400px) 100vw, 400px\" \/><\/p>\n<p>Lidio Garc\u00eda Turbay asegur\u00f3 que mantendr\u00e1 la lucha para eliminar el cobro de reconexi\u00f3n por servicios p\u00fablicos, y posicionar en la agenda legislativa unas acciones de bancada por Bol\u00edvar. Invit\u00f3 a votar por la listas del Partido Liberal.<\/p>\n<p><img loading=\"lazy\" decoding=\"async\" class=\"alignnone size-medium wp-image-44579\" src=\"https:\/\/revistazetta.com\/wp-content\/uploads\/2022\/02\/273943392_316074610488825_7215563542651390410_n-400x267.jpg\" alt=\"\" width=\"400\" height=\"267\" srcset=\"https:\/\/revistazetta.com\/wp-content\/uploads\/2022\/02\/273943392_316074610488825_7215563542651390410_n-400x267.jpg 400w, https:\/\/revistazetta.com\/wp-content\/uploads\/2022\/02\/273943392_316074610488825_7215563542651390410_n-1024x683.jpg 1024w, https:\/\/revistazetta.com\/wp-content\/uploads\/2022\/02\/273943392_316074610488825_7215563542651390410_n.jpg 1065w\" sizes=\"auto, (max-width: 400px) 100vw, 400px\" \/><\/p>\n<p>Fernando Ni\u00f1o Mendoza expres\u00f3 que \u00abseguimos construyendo el camino de la fuerza de la victoria\u00bb y resalt\u00f3 la importancia de actuar en bancada por Bol\u00edvar para gestionar proyectos de inter\u00e9s colectivo. Invit\u00f3 a votar por las listas del Partido Conservador.<\/p>\n<p><img loading=\"lazy\" decoding=\"async\" class=\"alignnone size-medium wp-image-44580\" src=\"https:\/\/revistazetta.com\/wp-content\/uploads\/2022\/02\/273958553_941285606571333_8762994398405745641_n-400x266.jpg\" alt=\"\" width=\"400\" height=\"266\" srcset=\"https:\/\/revistazetta.com\/wp-content\/uploads\/2022\/02\/273958553_941285606571333_8762994398405745641_n-400x266.jpg 400w, https:\/\/revistazetta.com\/wp-content\/uploads\/2022\/02\/273958553_941285606571333_8762994398405745641_n-1024x682.jpg 1024w, https:\/\/revistazetta.com\/wp-content\/uploads\/2022\/02\/273958553_941285606571333_8762994398405745641_n.jpg 1080w\" sizes=\"auto, (max-width: 400px) 100vw, 400px\" \/><\/p>\n<p><img loading=\"lazy\" decoding=\"async\" class=\"alignnone size-medium wp-image-44582\" src=\"https:\/\/revistazetta.com\/wp-content\/uploads\/2022\/02\/274017429_277210571165416_8811613294977425198_n-400x267.jpg\" alt=\"\" width=\"400\" height=\"267\" srcset=\"https:\/\/revistazetta.com\/wp-content\/uploads\/2022\/02\/274017429_277210571165416_8811613294977425198_n-400x267.jpg 400w, https:\/\/revistazetta.com\/wp-content\/uploads\/2022\/02\/274017429_277210571165416_8811613294977425198_n-1024x683.jpg 1024w, https:\/\/revistazetta.com\/wp-content\/uploads\/2022\/02\/274017429_277210571165416_8811613294977425198_n.jpg 1080w\" sizes=\"auto, (max-width: 400px) 100vw, 400px\" \/><\/p>\n<p><img loading=\"lazy\" decoding=\"async\" class=\"alignnone size-medium wp-image-44584\" src=\"https:\/\/revistazetta.com\/wp-content\/uploads\/2022\/02\/274147902_334576198591627_813458593407238119_n-400x267.jpg\" alt=\"\" width=\"400\" height=\"267\" srcset=\"https:\/\/revistazetta.com\/wp-content\/uploads\/2022\/02\/274147902_334576198591627_813458593407238119_n-400x267.jpg 400w, https:\/\/revistazetta.com\/wp-content\/uploads\/2022\/02\/274147902_334576198591627_813458593407238119_n-1024x683.jpg 1024w, https:\/\/revistazetta.com\/wp-content\/uploads\/2022\/02\/274147902_334576198591627_813458593407238119_n.jpg 1065w\" sizes=\"auto, (max-width: 400px) 100vw, 400px\" \/><\/p>\n","protected":false},"excerpt":{"rendered":"<p>Cartagena de Indias, 16 de febrero de 2022.- Muy puntual, a las 7 de la noche, comenz\u00f3 la reuni\u00f3n pol\u00edtica que el conocido dirigente William Garc\u00eda Tirado organiz\u00f3 para ratificar su respaldo a Lidio Garc\u00eda Turbay como candidato al Senado y Fernando Ni\u00f1o Mendoza como candidato a C\u00e1mara de Representantes. La cita se cumpli\u00f3 en el sal\u00f3n de convenciones del Hotel Comfort, en San Fernando, que estuvo a reventar de militantes del grupo que orienta el excongresista y excandidato a la Alcald\u00eda William Garc\u00eda Tirado. Garc\u00eda Tirado puntualiz\u00f3 los motivos&#8230; <\/p>\n","protected":false},"author":3,"featured_media":44578,"comment_status":"closed","ping_status":"closed","sticky":false,"template":"","format":"standard","meta":{"footnotes":"","_links_to":"","_links_to_target":""},"categories":[4],"tags":[421,614,448,426,422,298,127],"class_list":["post-44577","post","type-post","status-publish","format-standard","has-post-thumbnail","hentry","category-politica","tag-elecciones-2022","tag-fernando-nino-mendoza","tag-lidio-garcia","tag-lista-a-camara","tag-lista-a-senado","tag-politica","tag-william-garcia-tirado"],"_links":{"self":[{"href":"https:\/\/revistazetta.com\/index.php?rest_route=\/wp\/v2\/posts\/44577","targetHints":{"allow":["GET"]}}],"collection":[{"href":"https:\/\/revistazetta.com\/index.php?rest_route=\/wp\/v2\/posts"}],"about":[{"href":"https:\/\/revistazetta.com\/index.php?rest_route=\/wp\/v2\/types\/post"}],"author":[{"embeddable":true,"href":"https:\/\/revistazetta.com\/index.php?rest_route=\/wp\/v2\/users\/3"}],"replies":[{"embeddable":true,"href":"https:\/\/revistazetta.com\/index.php?rest_route=%2Fwp%2Fv2%2Fcomments&post=44577"}],"version-history":[{"count":0,"href":"https:\/\/revistazetta.com\/index.php?rest_route=\/wp\/v2\/posts\/44577\/revisions"}],"wp:featuredmedia":[{"embeddable":true,"href":"https:\/\/revistazetta.com\/index.php?rest_route=\/wp\/v2\/media\/44578"}],"wp:attachment":[{"href":"https:\/\/revistazetta.com\/index.php?rest_route=%2Fwp%2Fv2%2Fmedia&parent=44577"}],"wp:term":[{"taxonomy":"category","embeddable":true,"href":"https:\/\/revistazetta.com\/index.php?rest_route=%2Fwp%2Fv2%2Fcategories&post=44577"},{"taxonomy":"post_tag","embeddable":true,"href":"https:\/\/revistazetta.com\/index.php?rest_route=%2Fwp%2Fv2%2Ftags&post=44577"}],"curies":[{"name":"wp","href":"https:\/\/api.w.org\/{rel}","templated":true}]}}