{"id":44609,"date":"2022-02-18T06:05:06","date_gmt":"2022-02-18T11:05:06","guid":{"rendered":"https:\/\/revistazetta.com\/?p=44609"},"modified":"2022-02-18T06:05:06","modified_gmt":"2022-02-18T11:05:06","slug":"jacqueline-perea-presento-su-formula-politica-juan-carlos-garces-a-senado-y-karen-cure-a-camara","status":"publish","type":"post","link":"https:\/\/revistazetta.com\/?p=44609","title":{"rendered":"Jacqueline Perea present\u00f3 su f\u00f3rmula pol\u00edtica: Juan Carlos Garc\u00e9s a Senado y Karen Cure a C\u00e1mara"},"content":{"rendered":"<p><strong>Cartagena de Indias, 18 de febrero de 2022.-<\/strong> El movimiento Por Una Nueva Cartagena, que orienta Jacqueline Perea, present\u00f3 su f\u00f3rmula pol\u00edtica para las elecciones del pr\u00f3ximo 13 de marzo: Juan Carlos Garc\u00e9s a Senado (Partido de la U N\u00ba100) y Karen Cure a C\u00e1mara (Partido Cambio Radical N\u00ba101).<\/p>\n<p>En una concurrida reuni\u00f3n registrada este jueves en el sal\u00f3n de eventos del hotel Comfort, en el sector de San Fernando, Jacqueline explic\u00f3 los motivos que sustentaron la decisi\u00f3n pol\u00edtica del movimiento Por Una Nueva Cartagena.<\/p>\n<p><img loading=\"lazy\" decoding=\"async\" class=\"alignnone size-medium wp-image-44621\" src=\"https:\/\/revistazetta.com\/wp-content\/uploads\/2022\/02\/WhatsApp-Image-2022-02-17-at-9.54.53-PM-400x267.jpeg\" alt=\"\" width=\"400\" height=\"267\" srcset=\"https:\/\/revistazetta.com\/wp-content\/uploads\/2022\/02\/WhatsApp-Image-2022-02-17-at-9.54.53-PM-400x267.jpeg 400w, https:\/\/revistazetta.com\/wp-content\/uploads\/2022\/02\/WhatsApp-Image-2022-02-17-at-9.54.53-PM-1024x683.jpeg 1024w, https:\/\/revistazetta.com\/wp-content\/uploads\/2022\/02\/WhatsApp-Image-2022-02-17-at-9.54.53-PM.jpeg 1296w\" sizes=\"auto, (max-width: 400px) 100vw, 400px\" \/><\/p>\n<p><strong><i>\u201cNos la jugamos por alguien que es realmente distinto\u201d<\/i><\/strong><\/p>\n<p>Juan Carlos Garc\u00e9s es hoy uno de pol\u00edticos m\u00e1s destacados del Partido de la U, su trayectoria pol\u00edtica habla por s\u00ed sola. El empresario se inici\u00f3 como concejal de Santiago de Cali, donde brind\u00f3 apoyo a los comerciantes y peque\u00f1os empresarios. En el 2016 se postul\u00f3 a la Asamblea Departamental del Valle del Cauca y gan\u00f3 con 47.443 votos, fue reelegido en el 2020, esta vez con 75.008 votos, convirti\u00e9ndose en la mayor votaci\u00f3n del Valle del Cauca y en un triunfo electoral hist\u00f3rico en Colombia.<span class=\"Apple-converted-space\">\u00a0<\/span><\/p>\n<p><img loading=\"lazy\" decoding=\"async\" class=\"alignnone size-medium wp-image-44620\" src=\"https:\/\/revistazetta.com\/wp-content\/uploads\/2022\/02\/WhatsApp-Image-2022-02-17-at-9.53.49-PM-400x267.jpeg\" alt=\"\" width=\"400\" height=\"267\" srcset=\"https:\/\/revistazetta.com\/wp-content\/uploads\/2022\/02\/WhatsApp-Image-2022-02-17-at-9.53.49-PM-400x267.jpeg 400w, https:\/\/revistazetta.com\/wp-content\/uploads\/2022\/02\/WhatsApp-Image-2022-02-17-at-9.53.49-PM-1024x683.jpeg 1024w, https:\/\/revistazetta.com\/wp-content\/uploads\/2022\/02\/WhatsApp-Image-2022-02-17-at-9.53.49-PM.jpeg 1296w\" sizes=\"auto, (max-width: 400px) 100vw, 400px\" \/><\/p>\n<p>\u201cEste joven pol\u00edtico es el llamado a sacar la votaci\u00f3n m\u00e1s alta para el Senado en el Valle del Cauca y una de las m\u00e1s importantes de toda Colombia, nuestro movimiento ten\u00eda que jug\u00e1rsela y apostarle a un candidato nuevo, para nadie es un secreto que en los \u00faltimos meses el escenario pol\u00edtico en el departamento y en la ciudad se ha visto envuelto en varios esc\u00e1ndalos que no nos han dejado bien parados, la visi\u00f3n de Una Nueva Cartagena debe empezar por apostarle a caras frescas y libres de se\u00f1alamientos pol\u00edticos\u201d, expres\u00f3 Jacqueline.<\/p>\n<p><img loading=\"lazy\" decoding=\"async\" class=\"alignnone size-medium wp-image-44632\" src=\"https:\/\/revistazetta.com\/wp-content\/uploads\/2022\/02\/Copia-de-WhatsApp-Image-2022-02-17-at-9.59.51-PM-2-400x241.jpeg\" alt=\"\" width=\"400\" height=\"241\" srcset=\"https:\/\/revistazetta.com\/wp-content\/uploads\/2022\/02\/Copia-de-WhatsApp-Image-2022-02-17-at-9.59.51-PM-2-400x240.jpeg 400w, https:\/\/revistazetta.com\/wp-content\/uploads\/2022\/02\/Copia-de-WhatsApp-Image-2022-02-17-at-9.59.51-PM-2-590x354.jpeg 590w, https:\/\/revistazetta.com\/wp-content\/uploads\/2022\/02\/Copia-de-WhatsApp-Image-2022-02-17-at-9.59.51-PM-2.jpeg 892w\" sizes=\"auto, (max-width: 400px) 100vw, 400px\" \/><\/p>\n<p><span class=\"Apple-converted-space\"><em><strong>Apoyo a una mujer ejemplar<\/strong><\/em>\u00a0<\/span><\/p>\n<p>\u201cComo mujer mi apuesta tambi\u00e9n es respaldar mi g\u00e9nero\u201d, agrega la abogada al apoyar a Cure, una mujer maganguele\u00f1a, ingeniera civil, que ya ha sido electa como representante a la C\u00e1mara en tres periodos. <span class=\"Apple-converted-space\">\u00a0<\/span><\/p>\n<p>Cure ha participado en varios proyectos importantes para el municipio de Magangu\u00e9, dentro de su trabajo y trayectoria pol\u00edtica se destaca la labor que desempe\u00f1\u00f3 como integrante de la Comisi\u00f3n Quinta Constitucional, Comisi\u00f3n Legal para la Equidad de la Mujer y Comisi\u00f3n Accidental de la Regi\u00f3n Caribe. Adem\u00e1s, de la Comisi\u00f3n Accidental por la ni\u00f1ez colombiana, Comisi\u00f3n Accidental para la problem\u00e1tica energ\u00e9tica de la Costa Caribe y del Grupo Parlamentario de amistad entre la c\u00e1mara de Representantes y la Asamblea Nacional de la Rep\u00fablica de Corea.<\/p>\n<p><img loading=\"lazy\" decoding=\"async\" class=\"alignnone size-medium wp-image-44624\" src=\"https:\/\/revistazetta.com\/wp-content\/uploads\/2022\/02\/WhatsApp-Image-2022-02-17-at-9.56.34-PM-2-400x267.jpeg\" alt=\"\" width=\"400\" height=\"267\" srcset=\"https:\/\/revistazetta.com\/wp-content\/uploads\/2022\/02\/WhatsApp-Image-2022-02-17-at-9.56.34-PM-2-400x267.jpeg 400w, https:\/\/revistazetta.com\/wp-content\/uploads\/2022\/02\/WhatsApp-Image-2022-02-17-at-9.56.34-PM-2-1024x683.jpeg 1024w, https:\/\/revistazetta.com\/wp-content\/uploads\/2022\/02\/WhatsApp-Image-2022-02-17-at-9.56.34-PM-2.jpeg 1296w\" sizes=\"auto, (max-width: 400px) 100vw, 400px\" \/><\/p>\n<p><img loading=\"lazy\" decoding=\"async\" class=\"alignnone size-medium wp-image-44625\" src=\"https:\/\/revistazetta.com\/wp-content\/uploads\/2022\/02\/WhatsApp-Image-2022-02-17-at-9.56.34-PM-3-400x267.jpeg\" alt=\"\" width=\"400\" height=\"267\" srcset=\"https:\/\/revistazetta.com\/wp-content\/uploads\/2022\/02\/WhatsApp-Image-2022-02-17-at-9.56.34-PM-3-400x267.jpeg 400w, https:\/\/revistazetta.com\/wp-content\/uploads\/2022\/02\/WhatsApp-Image-2022-02-17-at-9.56.34-PM-3-1024x683.jpeg 1024w, https:\/\/revistazetta.com\/wp-content\/uploads\/2022\/02\/WhatsApp-Image-2022-02-17-at-9.56.34-PM-3.jpeg 1296w\" sizes=\"auto, (max-width: 400px) 100vw, 400px\" \/><\/p>\n<p><img loading=\"lazy\" decoding=\"async\" class=\"alignnone size-medium wp-image-44626\" src=\"https:\/\/revistazetta.com\/wp-content\/uploads\/2022\/02\/WhatsApp-Image-2022-02-17-at-9.56.34-PM-400x267.jpeg\" alt=\"\" width=\"400\" height=\"267\" srcset=\"https:\/\/revistazetta.com\/wp-content\/uploads\/2022\/02\/WhatsApp-Image-2022-02-17-at-9.56.34-PM-400x267.jpeg 400w, https:\/\/revistazetta.com\/wp-content\/uploads\/2022\/02\/WhatsApp-Image-2022-02-17-at-9.56.34-PM-1024x683.jpeg 1024w, https:\/\/revistazetta.com\/wp-content\/uploads\/2022\/02\/WhatsApp-Image-2022-02-17-at-9.56.34-PM.jpeg 1296w\" sizes=\"auto, (max-width: 400px) 100vw, 400px\" \/><\/p>\n<p><img loading=\"lazy\" decoding=\"async\" class=\"alignnone size-medium wp-image-44627\" src=\"https:\/\/revistazetta.com\/wp-content\/uploads\/2022\/02\/WhatsApp-Image-2022-02-17-at-9.56.35-PM-1-400x267.jpeg\" alt=\"\" width=\"400\" height=\"267\" srcset=\"https:\/\/revistazetta.com\/wp-content\/uploads\/2022\/02\/WhatsApp-Image-2022-02-17-at-9.56.35-PM-1-400x267.jpeg 400w, https:\/\/revistazetta.com\/wp-content\/uploads\/2022\/02\/WhatsApp-Image-2022-02-17-at-9.56.35-PM-1-1024x683.jpeg 1024w, https:\/\/revistazetta.com\/wp-content\/uploads\/2022\/02\/WhatsApp-Image-2022-02-17-at-9.56.35-PM-1.jpeg 1296w\" sizes=\"auto, (max-width: 400px) 100vw, 400px\" \/><\/p>\n<p><img loading=\"lazy\" decoding=\"async\" class=\"alignnone size-medium wp-image-44628\" src=\"https:\/\/revistazetta.com\/wp-content\/uploads\/2022\/02\/WhatsApp-Image-2022-02-17-at-9.56.35-PM-2-400x267.jpeg\" alt=\"\" width=\"400\" height=\"267\" srcset=\"https:\/\/revistazetta.com\/wp-content\/uploads\/2022\/02\/WhatsApp-Image-2022-02-17-at-9.56.35-PM-2-400x267.jpeg 400w, https:\/\/revistazetta.com\/wp-content\/uploads\/2022\/02\/WhatsApp-Image-2022-02-17-at-9.56.35-PM-2-1024x683.jpeg 1024w, https:\/\/revistazetta.com\/wp-content\/uploads\/2022\/02\/WhatsApp-Image-2022-02-17-at-9.56.35-PM-2.jpeg 1296w\" sizes=\"auto, (max-width: 400px) 100vw, 400px\" \/><\/p>\n<p><img loading=\"lazy\" decoding=\"async\" class=\"alignnone size-medium wp-image-44629\" src=\"https:\/\/revistazetta.com\/wp-content\/uploads\/2022\/02\/WhatsApp-Image-2022-02-17-at-9.56.35-PM-400x267.jpeg\" alt=\"\" width=\"400\" height=\"267\" srcset=\"https:\/\/revistazetta.com\/wp-content\/uploads\/2022\/02\/WhatsApp-Image-2022-02-17-at-9.56.35-PM-400x267.jpeg 400w, https:\/\/revistazetta.com\/wp-content\/uploads\/2022\/02\/WhatsApp-Image-2022-02-17-at-9.56.35-PM-1024x683.jpeg 1024w, https:\/\/revistazetta.com\/wp-content\/uploads\/2022\/02\/WhatsApp-Image-2022-02-17-at-9.56.35-PM.jpeg 1296w\" sizes=\"auto, (max-width: 400px) 100vw, 400px\" \/><\/p>\n<p><img loading=\"lazy\" decoding=\"async\" class=\"alignnone size-medium wp-image-44631\" src=\"https:\/\/revistazetta.com\/wp-content\/uploads\/2022\/02\/WhatsApp-Image-2022-02-17-at-9.59.51-PM-400x267.jpeg\" alt=\"\" width=\"400\" height=\"267\" srcset=\"https:\/\/revistazetta.com\/wp-content\/uploads\/2022\/02\/WhatsApp-Image-2022-02-17-at-9.59.51-PM-400x267.jpeg 400w, https:\/\/revistazetta.com\/wp-content\/uploads\/2022\/02\/WhatsApp-Image-2022-02-17-at-9.59.51-PM-1024x683.jpeg 1024w, https:\/\/revistazetta.com\/wp-content\/uploads\/2022\/02\/WhatsApp-Image-2022-02-17-at-9.59.51-PM.jpeg 1296w\" sizes=\"auto, (max-width: 400px) 100vw, 400px\" \/><\/p>\n<p><img loading=\"lazy\" decoding=\"async\" class=\"alignnone size-medium wp-image-44618\" src=\"https:\/\/revistazetta.com\/wp-content\/uploads\/2022\/02\/WhatsApp-Image-2022-02-17-at-9.53.48-PM-1-400x300.jpeg\" alt=\"\" width=\"400\" height=\"300\" srcset=\"https:\/\/revistazetta.com\/wp-content\/uploads\/2022\/02\/WhatsApp-Image-2022-02-17-at-9.53.48-PM-1-400x300.jpeg 400w, https:\/\/revistazetta.com\/wp-content\/uploads\/2022\/02\/WhatsApp-Image-2022-02-17-at-9.53.48-PM-1.jpeg 1024w\" sizes=\"auto, (max-width: 400px) 100vw, 400px\" \/><\/p>\n","protected":false},"excerpt":{"rendered":"<p>Cartagena de Indias, 18 de febrero de 2022.- El movimiento Por Una Nueva Cartagena, que orienta Jacqueline Perea, present\u00f3 su f\u00f3rmula pol\u00edtica para las elecciones del pr\u00f3ximo 13 de marzo: Juan Carlos Garc\u00e9s a Senado (Partido de la U N\u00ba100) y Karen Cure a C\u00e1mara (Partido Cambio Radical N\u00ba101). En una concurrida reuni\u00f3n registrada este jueves en el sal\u00f3n de eventos del hotel Comfort, en el sector de San Fernando, Jacqueline explic\u00f3 los motivos que sustentaron la decisi\u00f3n pol\u00edtica del movimiento Por Una Nueva Cartagena. \u201cNos la jugamos por alguien&#8230; <\/p>\n","protected":false},"author":3,"featured_media":44617,"comment_status":"closed","ping_status":"closed","sticky":false,"template":"","format":"standard","meta":{"footnotes":"","_links_to":"","_links_to_target":""},"categories":[75,4],"tags":[417,285,421,269,671,226,235,298,672],"class_list":["post-44609","post","type-post","status-publish","format-standard","has-post-thumbnail","hentry","category-destacada","category-politica","tag-cambio-radical","tag-destacada","tag-elecciones-2022","tag-jacqueline-perea","tag-juan-carlos-garces","tag-karen-cure","tag-partido-de-la-u","tag-politica","tag-por-una-nueva-cartagena"],"_links":{"self":[{"href":"https:\/\/revistazetta.com\/index.php?rest_route=\/wp\/v2\/posts\/44609","targetHints":{"allow":["GET"]}}],"collection":[{"href":"https:\/\/revistazetta.com\/index.php?rest_route=\/wp\/v2\/posts"}],"about":[{"href":"https:\/\/revistazetta.com\/index.php?rest_route=\/wp\/v2\/types\/post"}],"author":[{"embeddable":true,"href":"https:\/\/revistazetta.com\/index.php?rest_route=\/wp\/v2\/users\/3"}],"replies":[{"embeddable":true,"href":"https:\/\/revistazetta.com\/index.php?rest_route=%2Fwp%2Fv2%2Fcomments&post=44609"}],"version-history":[{"count":0,"href":"https:\/\/revistazetta.com\/index.php?rest_route=\/wp\/v2\/posts\/44609\/revisions"}],"wp:featuredmedia":[{"embeddable":true,"href":"https:\/\/revistazetta.com\/index.php?rest_route=\/wp\/v2\/media\/44617"}],"wp:attachment":[{"href":"https:\/\/revistazetta.com\/index.php?rest_route=%2Fwp%2Fv2%2Fmedia&parent=44609"}],"wp:term":[{"taxonomy":"category","embeddable":true,"href":"https:\/\/revistazetta.com\/index.php?rest_route=%2Fwp%2Fv2%2Fcategories&post=44609"},{"taxonomy":"post_tag","embeddable":true,"href":"https:\/\/revistazetta.com\/index.php?rest_route=%2Fwp%2Fv2%2Ftags&post=44609"}],"curies":[{"name":"wp","href":"https:\/\/api.w.org\/{rel}","templated":true}]}}