{"id":44610,"date":"2022-02-16T17:37:01","date_gmt":"2022-02-16T22:37:01","guid":{"rendered":"https:\/\/revistazetta.com\/?p=44610"},"modified":"2022-02-16T17:40:08","modified_gmt":"2022-02-16T22:40:08","slug":"delegacion-de-bolivar-lista-para-asumir-la-final-nacional-de-los-juegos-comunales","status":"publish","type":"post","link":"https:\/\/revistazetta.com\/?p=44610","title":{"rendered":"Delegaci\u00f3n de Bol\u00edvar lista para asumir la final nacional de los Juegos Comunales"},"content":{"rendered":"<blockquote><p><span style=\"color: #000080;\"><em>Con 67 deportistas, que estar\u00e1n participando en 11 disciplinas deportivas, Bol\u00edvar buscar\u00e1 quedarse con el t\u00edtulo de este evento nacional.\u00a0Del 17 al 24 de Febrero se estar\u00e1 desarrollando la tercera versi\u00f3n nacional de los Juegos Comunales, en los escenarios de Cartagena y Bol\u00edvar.<\/em><\/span><\/p><\/blockquote>\n<p><strong>Cartagena de Indias, 16 de febrero de 2022.-<\/strong> A un d\u00eda para que se levante el tel\u00f3n y comiencen las acciones de la tercera versi\u00f3n nacional de los Juegos Comunales, los 67 deportistas que hacen parte de la delegaci\u00f3n de Bol\u00edvar, se encuentran listo para hacer respetar la casa y buscar quedarse con el t\u00edtulo de este evento nacional.<\/p>\n<p>F\u00fatbol de Sal\u00f3n (Masculino y Femenino), Baloncesto (Masculino y Femenino), Atletismo,Tejo, Minitejo, Ajedrez, Billar, Trompo, Domino, Rana y Muestras Folcl\u00f3rica, ser\u00e1n las diferentes actividades donde los bolivarenses estar\u00e1n participando del 17 al 24 de febrero.<\/p>\n<p><img loading=\"lazy\" decoding=\"async\" class=\"alignnone size-medium wp-image-44611\" src=\"https:\/\/revistazetta.com\/wp-content\/uploads\/2022\/02\/WhatsApp-Image-2022-02-16-at-2.49.56-PM-1-400x267.jpeg\" alt=\"\" width=\"400\" height=\"267\" srcset=\"https:\/\/revistazetta.com\/wp-content\/uploads\/2022\/02\/WhatsApp-Image-2022-02-16-at-2.49.56-PM-1-400x267.jpeg 400w, https:\/\/revistazetta.com\/wp-content\/uploads\/2022\/02\/WhatsApp-Image-2022-02-16-at-2.49.56-PM-1-1024x683.jpeg 1024w, https:\/\/revistazetta.com\/wp-content\/uploads\/2022\/02\/WhatsApp-Image-2022-02-16-at-2.49.56-PM-1-1536x1024.jpeg 1536w, https:\/\/revistazetta.com\/wp-content\/uploads\/2022\/02\/WhatsApp-Image-2022-02-16-at-2.49.56-PM-1.jpeg 1600w\" sizes=\"auto, (max-width: 400px) 100vw, 400px\" \/><\/p>\n<p>Esta fase nacional vuelve a reactivarse, ya que hac\u00edan 7 a\u00f1os que no se realizaban y el Ministerio del Deporte, confi\u00f3 en la ciudad de cartagena y el departamento de Bol\u00edvar, para que de este manera reciban a 856 deportistas, de 26 regiones del pa\u00eds, que estar\u00e1n en competencia durante 7 d\u00edas en los diferentes escenarios del distrito y el departamento.<\/p>\n<p>La inauguraci\u00f3n est\u00e1 programada para este viernes 18 de Febrero, en el coliseo Bernardo Caraballo, a partir de las 5:00 p.m., y contar\u00e1 con la presencia del Ministro del Deporte, Guillermo Herrera.<\/p>\n<p><img loading=\"lazy\" decoding=\"async\" class=\"alignnone size-medium wp-image-44612\" src=\"https:\/\/revistazetta.com\/wp-content\/uploads\/2022\/02\/WhatsApp-Image-2022-02-16-at-2.49.56-PM-400x315.jpeg\" alt=\"\" width=\"400\" height=\"315\" srcset=\"https:\/\/revistazetta.com\/wp-content\/uploads\/2022\/02\/WhatsApp-Image-2022-02-16-at-2.49.56-PM-400x315.jpeg 400w, https:\/\/revistazetta.com\/wp-content\/uploads\/2022\/02\/WhatsApp-Image-2022-02-16-at-2.49.56-PM-1024x806.jpeg 1024w, https:\/\/revistazetta.com\/wp-content\/uploads\/2022\/02\/WhatsApp-Image-2022-02-16-at-2.49.56-PM-1536x1210.jpeg 1536w, https:\/\/revistazetta.com\/wp-content\/uploads\/2022\/02\/WhatsApp-Image-2022-02-16-at-2.49.56-PM.jpeg 1600w\" sizes=\"auto, (max-width: 400px) 100vw, 400px\" \/><\/p>\n<p><strong>Clasificados<\/strong><\/p>\n<p>Domin\u00f3 Masculino<br \/>\nDagoberto Villalba, El Guamo<br \/>\nDomin\u00f3 Femenino<br \/>\nAna Z\u00fa\u00f1iga, de Magangu\u00e9.<\/p>\n<p><strong>Atletismo<\/strong><br \/>\n*Masculino en 100 mts y en 400mts Planos , Gustavo Bassa de Magangu\u00e9.<br \/>\n*Femenino en 100 mts y en los 200 mts Planos , G\u00e9nesis Malloma de Cartagena.<br \/>\n*En Fondo 10K , Efra\u00edn Meza de Cartagena<\/p>\n<p><img loading=\"lazy\" decoding=\"async\" class=\"alignnone size-medium wp-image-44613\" src=\"https:\/\/revistazetta.com\/wp-content\/uploads\/2022\/02\/WhatsApp-Image-2022-02-16-at-2.49.57-PM-1-400x267.jpeg\" alt=\"\" width=\"400\" height=\"267\" srcset=\"https:\/\/revistazetta.com\/wp-content\/uploads\/2022\/02\/WhatsApp-Image-2022-02-16-at-2.49.57-PM-1-400x267.jpeg 400w, https:\/\/revistazetta.com\/wp-content\/uploads\/2022\/02\/WhatsApp-Image-2022-02-16-at-2.49.57-PM-1-1024x683.jpeg 1024w, https:\/\/revistazetta.com\/wp-content\/uploads\/2022\/02\/WhatsApp-Image-2022-02-16-at-2.49.57-PM-1-1536x1024.jpeg 1536w, https:\/\/revistazetta.com\/wp-content\/uploads\/2022\/02\/WhatsApp-Image-2022-02-16-at-2.49.57-PM-1.jpeg 1600w\" sizes=\"auto, (max-width: 400px) 100vw, 400px\" \/><\/p>\n<p><strong>Mini Tejo Femenino <\/strong><br \/>\nAlenis Vel\u00e1squez y Rosa Paternina de Cartagena.<\/p>\n<p><strong>Tejo<\/strong><br \/>\n* Andro Cumplido y Adri\u00e1n Gamarra de Magangu\u00e9, ganadores en Tejo.<\/p>\n<p><strong>Billar<\/strong><br \/>\n*Humberto Cano, Magangu\u00e9.<\/p>\n<p><strong>Ajedrez Femenino <\/strong><br \/>\n*Gabriela Mar\u00edn de Cartagena<br \/>\nAjedrez Masculino<br \/>\nJuan Duque Castillo, Cartagena<\/p>\n<p><img loading=\"lazy\" decoding=\"async\" class=\"alignnone size-medium wp-image-44615\" src=\"https:\/\/revistazetta.com\/wp-content\/uploads\/2022\/02\/WhatsApp-Image-2022-02-16-at-2.49.58-PM-400x267.jpeg\" alt=\"\" width=\"400\" height=\"267\" srcset=\"https:\/\/revistazetta.com\/wp-content\/uploads\/2022\/02\/WhatsApp-Image-2022-02-16-at-2.49.58-PM-400x267.jpeg 400w, https:\/\/revistazetta.com\/wp-content\/uploads\/2022\/02\/WhatsApp-Image-2022-02-16-at-2.49.58-PM-1024x683.jpeg 1024w, https:\/\/revistazetta.com\/wp-content\/uploads\/2022\/02\/WhatsApp-Image-2022-02-16-at-2.49.58-PM-1536x1024.jpeg 1536w, https:\/\/revistazetta.com\/wp-content\/uploads\/2022\/02\/WhatsApp-Image-2022-02-16-at-2.49.58-PM.jpeg 1600w\" sizes=\"auto, (max-width: 400px) 100vw, 400px\" \/><\/p>\n<p><strong>Rana<\/strong><br \/>\n*Carlos Cordero Cervantes, Cartagena<\/p>\n<p><strong>Baloncesto Masculino <\/strong><br \/>\nCartagena<br \/>\n<strong>Baloncesto Femenino <\/strong><br \/>\nCartagena<br \/>\n<strong>*Futsal\u00f3n Femenino *<\/strong><br \/>\nTurbaco<br \/>\n<strong>*Futsal\u00f3n Masculino<\/strong><br \/>\nCartagena.<\/p>\n<p><strong>Escenarios<\/strong><\/p>\n<p>&#8211; Coliseo Bernardo Caraballo &#8211; Baloncesto<\/p>\n<p>&#8211; Coliseo Northon Madrid &#8211; F\u00fatbol de sal\u00f3n y rana<\/p>\n<p>&#8211; Complejo Raquetas &#8211; Ajedrez y domin\u00f3<\/p>\n<p>&#8211; Campo El\u00edas Guti\u00e9rrez &#8211; Atletismo y trompo<\/p>\n<p>&#8211; Euroclub (Escenario privado) &#8211; Billar<\/p>\n<p>&#8211; Plaza Aduana &#8211; Muestra Cultural<\/p>\n<p>&#8211; Club deportivo Los Caribe\u00f1os. (Turbaco) &#8211; Tejo y Minitejo.<\/p>\n","protected":false},"excerpt":{"rendered":"<p>Con 67 deportistas, que estar\u00e1n participando en 11 disciplinas deportivas, Bol\u00edvar buscar\u00e1 quedarse con el t\u00edtulo de este evento nacional.\u00a0Del 17 al 24 de Febrero se estar\u00e1 desarrollando la tercera versi\u00f3n nacional de los Juegos Comunales, en los escenarios de Cartagena y Bol\u00edvar. Cartagena de Indias, 16 de febrero de 2022.- A un d\u00eda para que se levante el tel\u00f3n y comiencen las acciones de la tercera versi\u00f3n nacional de los Juegos Comunales, los 67 deportistas que hacen parte de la delegaci\u00f3n de Bol\u00edvar, se encuentran listo para hacer respetar&#8230; <\/p>\n","protected":false},"author":3,"featured_media":44616,"comment_status":"closed","ping_status":"closed","sticky":false,"template":"","format":"standard","meta":{"footnotes":"","_links_to":"","_links_to_target":""},"categories":[53,90],"tags":[308,333,669],"class_list":["post-44610","post","type-post","status-publish","format-standard","has-post-thumbnail","hentry","category-deportes","category-iderbol","tag-deportes","tag-iderbol","tag-juegos-comunales"],"_links":{"self":[{"href":"https:\/\/revistazetta.com\/index.php?rest_route=\/wp\/v2\/posts\/44610","targetHints":{"allow":["GET"]}}],"collection":[{"href":"https:\/\/revistazetta.com\/index.php?rest_route=\/wp\/v2\/posts"}],"about":[{"href":"https:\/\/revistazetta.com\/index.php?rest_route=\/wp\/v2\/types\/post"}],"author":[{"embeddable":true,"href":"https:\/\/revistazetta.com\/index.php?rest_route=\/wp\/v2\/users\/3"}],"replies":[{"embeddable":true,"href":"https:\/\/revistazetta.com\/index.php?rest_route=%2Fwp%2Fv2%2Fcomments&post=44610"}],"version-history":[{"count":0,"href":"https:\/\/revistazetta.com\/index.php?rest_route=\/wp\/v2\/posts\/44610\/revisions"}],"wp:featuredmedia":[{"embeddable":true,"href":"https:\/\/revistazetta.com\/index.php?rest_route=\/wp\/v2\/media\/44616"}],"wp:attachment":[{"href":"https:\/\/revistazetta.com\/index.php?rest_route=%2Fwp%2Fv2%2Fmedia&parent=44610"}],"wp:term":[{"taxonomy":"category","embeddable":true,"href":"https:\/\/revistazetta.com\/index.php?rest_route=%2Fwp%2Fv2%2Fcategories&post=44610"},{"taxonomy":"post_tag","embeddable":true,"href":"https:\/\/revistazetta.com\/index.php?rest_route=%2Fwp%2Fv2%2Ftags&post=44610"}],"curies":[{"name":"wp","href":"https:\/\/api.w.org\/{rel}","templated":true}]}}