{"id":44755,"date":"2022-02-21T09:49:17","date_gmt":"2022-02-21T14:49:17","guid":{"rendered":"https:\/\/revistazetta.com\/?p=44755"},"modified":"2022-02-21T09:54:27","modified_gmt":"2022-02-21T14:54:27","slug":"este-13-de-marzo-le-daremos-un-giro-a-la-historia-angela-vergara","status":"publish","type":"post","link":"https:\/\/revistazetta.com\/?p=44755","title":{"rendered":"\u00abEste 13 de marzo le daremos un giro a la historia\u00bb: \u00c1ngela Vergara"},"content":{"rendered":"<p>Cartagena de Indias, 21 de febrero de 2022.- \u00abSoy la amiga que los bolivarenses quieren en el Congreso de la Rep\u00fablica, la l\u00edder con la quien se sienten identificados . Este 13 de marzo daremos un giro a la historia, ser\u00e1n los habitantes de Bol\u00edvar los voceros ante el Gobierno Nacional\u00bb, \u00c1ngela Vergara, candidata a la C\u00e1mara de Representantes por Bol\u00edvar, n\u00famero 103 en el tarjet\u00f3n.<\/p>\n","protected":false},"excerpt":{"rendered":"<p>Cartagena de Indias, 21 de febrero de 2022.- \u00abSoy la amiga que los bolivarenses quieren en el Congreso de la Rep\u00fablica, la l\u00edder con la quien se sienten identificados . Este 13 de marzo daremos un giro a la historia, ser\u00e1n los habitantes de Bol\u00edvar los voceros ante el Gobierno Nacional\u00bb, \u00c1ngela Vergara, candidata a la C\u00e1mara de Representantes por Bol\u00edvar, n\u00famero 103 en el tarjet\u00f3n.<\/p>\n","protected":false},"author":3,"featured_media":44756,"comment_status":"closed","ping_status":"closed","sticky":false,"template":"","format":"standard","meta":{"footnotes":"","_links_to":"","_links_to_target":""},"categories":[4],"tags":[425,421,426,454,298],"class_list":["post-44755","post","type-post","status-publish","format-standard","has-post-thumbnail","hentry","category-politica","tag-angela-vergara","tag-elecciones-2022","tag-lista-a-camara","tag-partido-conservador","tag-politica"],"_links":{"self":[{"href":"https:\/\/revistazetta.com\/index.php?rest_route=\/wp\/v2\/posts\/44755","targetHints":{"allow":["GET"]}}],"collection":[{"href":"https:\/\/revistazetta.com\/index.php?rest_route=\/wp\/v2\/posts"}],"about":[{"href":"https:\/\/revistazetta.com\/index.php?rest_route=\/wp\/v2\/types\/post"}],"author":[{"embeddable":true,"href":"https:\/\/revistazetta.com\/index.php?rest_route=\/wp\/v2\/users\/3"}],"replies":[{"embeddable":true,"href":"https:\/\/revistazetta.com\/index.php?rest_route=%2Fwp%2Fv2%2Fcomments&post=44755"}],"version-history":[{"count":0,"href":"https:\/\/revistazetta.com\/index.php?rest_route=\/wp\/v2\/posts\/44755\/revisions"}],"wp:featuredmedia":[{"embeddable":true,"href":"https:\/\/revistazetta.com\/index.php?rest_route=\/wp\/v2\/media\/44756"}],"wp:attachment":[{"href":"https:\/\/revistazetta.com\/index.php?rest_route=%2Fwp%2Fv2%2Fmedia&parent=44755"}],"wp:term":[{"taxonomy":"category","embeddable":true,"href":"https:\/\/revistazetta.com\/index.php?rest_route=%2Fwp%2Fv2%2Fcategories&post=44755"},{"taxonomy":"post_tag","embeddable":true,"href":"https:\/\/revistazetta.com\/index.php?rest_route=%2Fwp%2Fv2%2Ftags&post=44755"}],"curies":[{"name":"wp","href":"https:\/\/api.w.org\/{rel}","templated":true}]}}