{"id":44757,"date":"2022-02-21T19:22:41","date_gmt":"2022-02-22T00:22:41","guid":{"rendered":"https:\/\/revistazetta.com\/?p=44757"},"modified":"2022-02-21T19:22:41","modified_gmt":"2022-02-22T00:22:41","slug":"jorge-benedetti-invita-a-votar-por-alex-char-en-la-consulta-presidencial","status":"publish","type":"post","link":"https:\/\/revistazetta.com\/?p=44757","title":{"rendered":"Jorge Benedetti invita a votar por Alex Char en la consulta presidencial"},"content":{"rendered":"<p><strong>Cartagena de Indias, 21 de febrero de 2022.<\/strong> El actual representante a la C\u00e1mara y candidato al Senado por Cambio Radical con el n\u00famero 12 en el tarjet\u00f3n, Jorge Benedetti Martelo, expres\u00f3 su apoyo al ex alcalde de Barranquilla, Alejandro Char, quien participa en la consulta para escoger un candidato a la Presidencia del Equipo Por Colombia, que se realiza el 13 de marzo pr\u00f3ximo.<\/p>\n<p>A trav\u00e9s de un video en sus redes sociales, el congresista Jorge Benedetti invit\u00f3 al pueblo colombiano a pedir el tarjet\u00f3n de la coalici\u00f3n \u201cEquipo Por Colombia\u201d este pr\u00f3ximo 13 de marzo, y votar por Alex Char en la consulta presidencial. El actual Representante a la C\u00e1mara y aspirante al Senado de la Rep\u00fablica expres\u00f3 que: \u201cEs momento de la pol\u00edtica pragm\u00e1tica, la que habla poco y hace mucho. Es momento del liderazgo Caribe\u201d.<\/p>\n<p>\u201cNo podemos caer en el juego de propuestas populistas ni din\u00e1micas polarizadoras, las cuales abundan en la actualidad\u201d, precis\u00f3 el representante a la C\u00e1mara.<\/p>\n<p>De esta forma, el congresista vinculado al partido Cambio Radical, defini\u00f3 su apoyo hacia el ex Alcalde de Barranquilla en la lucha por la Presidencia de la Rep\u00fablica.<\/p>\n<p><img loading=\"lazy\" decoding=\"async\" class=\"alignnone size-medium wp-image-44759\" src=\"https:\/\/revistazetta.com\/wp-content\/uploads\/2022\/02\/WhatsApp-Image-2022-02-21-at-3.09.47-PM-400x267.jpeg\" alt=\"\" width=\"400\" height=\"267\" srcset=\"https:\/\/revistazetta.com\/wp-content\/uploads\/2022\/02\/WhatsApp-Image-2022-02-21-at-3.09.47-PM-400x267.jpeg 400w, https:\/\/revistazetta.com\/wp-content\/uploads\/2022\/02\/WhatsApp-Image-2022-02-21-at-3.09.47-PM-1024x682.jpeg 1024w, https:\/\/revistazetta.com\/wp-content\/uploads\/2022\/02\/WhatsApp-Image-2022-02-21-at-3.09.47-PM-1536x1023.jpeg 1536w, https:\/\/revistazetta.com\/wp-content\/uploads\/2022\/02\/WhatsApp-Image-2022-02-21-at-3.09.47-PM.jpeg 1600w\" sizes=\"auto, (max-width: 400px) 100vw, 400px\" \/><\/p>\n<p>\u201cContin\u00faa Gira de la Victoria\u201d<br \/>\nDespu\u00e9s de reunirse con empresarios del sector tur\u00edstico, campesinos de los Montes de Mar\u00eda, artesanos y l\u00edderes sociales del norte y centro de Bol\u00edvar, en una marat\u00f3nica jornada que arranc\u00f3 el pasado jueves y culmin\u00f3 ayer domingo, Jorge Benedetti Martelo, no s\u00f3lo sum\u00f3 m\u00e1s respaldos, sino que consolid\u00f3 su candidatura al Senado.<\/p>\n","protected":false},"excerpt":{"rendered":"<p>Cartagena de Indias, 21 de febrero de 2022. El actual representante a la C\u00e1mara y candidato al Senado por Cambio Radical con el n\u00famero 12 en el tarjet\u00f3n, Jorge Benedetti Martelo, expres\u00f3 su apoyo al ex alcalde de Barranquilla, Alejandro Char, quien participa en la consulta para escoger un candidato a la Presidencia del Equipo Por Colombia, que se realiza el 13 de marzo pr\u00f3ximo. A trav\u00e9s de un video en sus redes sociales, el congresista Jorge Benedetti invit\u00f3 al pueblo colombiano a pedir el tarjet\u00f3n de la coalici\u00f3n \u201cEquipo&#8230; <\/p>\n","protected":false},"author":3,"featured_media":44758,"comment_status":"closed","ping_status":"closed","sticky":false,"template":"","format":"standard","meta":{"footnotes":"","_links_to":"","_links_to_target":""},"categories":[4],"tags":[660,417,421,257,298],"class_list":["post-44757","post","type-post","status-publish","format-standard","has-post-thumbnail","hentry","category-politica","tag-alex-char","tag-cambio-radical","tag-elecciones-2022","tag-jorge-benedetti","tag-politica"],"_links":{"self":[{"href":"https:\/\/revistazetta.com\/index.php?rest_route=\/wp\/v2\/posts\/44757","targetHints":{"allow":["GET"]}}],"collection":[{"href":"https:\/\/revistazetta.com\/index.php?rest_route=\/wp\/v2\/posts"}],"about":[{"href":"https:\/\/revistazetta.com\/index.php?rest_route=\/wp\/v2\/types\/post"}],"author":[{"embeddable":true,"href":"https:\/\/revistazetta.com\/index.php?rest_route=\/wp\/v2\/users\/3"}],"replies":[{"embeddable":true,"href":"https:\/\/revistazetta.com\/index.php?rest_route=%2Fwp%2Fv2%2Fcomments&post=44757"}],"version-history":[{"count":0,"href":"https:\/\/revistazetta.com\/index.php?rest_route=\/wp\/v2\/posts\/44757\/revisions"}],"wp:featuredmedia":[{"embeddable":true,"href":"https:\/\/revistazetta.com\/index.php?rest_route=\/wp\/v2\/media\/44758"}],"wp:attachment":[{"href":"https:\/\/revistazetta.com\/index.php?rest_route=%2Fwp%2Fv2%2Fmedia&parent=44757"}],"wp:term":[{"taxonomy":"category","embeddable":true,"href":"https:\/\/revistazetta.com\/index.php?rest_route=%2Fwp%2Fv2%2Fcategories&post=44757"},{"taxonomy":"post_tag","embeddable":true,"href":"https:\/\/revistazetta.com\/index.php?rest_route=%2Fwp%2Fv2%2Ftags&post=44757"}],"curies":[{"name":"wp","href":"https:\/\/api.w.org\/{rel}","templated":true}]}}