{"id":44912,"date":"2022-02-28T21:07:12","date_gmt":"2022-03-01T02:07:12","guid":{"rendered":"https:\/\/revistazetta.com\/?p=44912"},"modified":"2022-03-02T08:49:55","modified_gmt":"2022-03-02T13:49:55","slug":"partido-cambio-radical-suspende-voz-y-voto-a-diputado-victor-mendoza","status":"publish","type":"post","link":"https:\/\/revistazetta.com\/?p=44912","title":{"rendered":"Partido Cambio Radical suspende voz y voto a diputado V\u00edctor Mendoza"},"content":{"rendered":"<p><span style=\"color: #000080;\"><strong><em>Tiene cinco d\u00edas para apelar sanci\u00f3n por presunta doble militancia. Sus hermanos Edgar y Kattya apoyan a Happy Becerra, candidato liberal a C\u00e1mara<\/em><\/strong><\/span><\/p>\n<p><b>Cartagena de Indias, 28 de febrero de 2022.-<\/b> El 3 de enero de 2022, el candidato liberal a la C\u00e1mara, Javier Ignacio \u201cHappy\u201d Becerra, public\u00f3 en su cuenta de Instagram una foto con Edgar Mendoza Saleme y la concejal liberal Kattya Mendoza Saleme.\u00a0De igual forma, la concejal Mendoza Saleme public\u00f3 similar informaci\u00f3n en su cuenta de Instagram.<\/p>\n<p><img loading=\"lazy\" decoding=\"async\" class=\"alignnone size-medium wp-image-44904\" src=\"https:\/\/revistazetta.com\/wp-content\/uploads\/2022\/02\/Captura-de-Pantalla-2022-02-28-a-las-7.50.04-p.-m.-400x194.png\" alt=\"\" width=\"400\" height=\"194\" srcset=\"https:\/\/revistazetta.com\/wp-content\/uploads\/2022\/02\/Captura-de-Pantalla-2022-02-28-a-las-7.50.04-p.-m.-400x194.png 400w, https:\/\/revistazetta.com\/wp-content\/uploads\/2022\/02\/Captura-de-Pantalla-2022-02-28-a-las-7.50.04-p.-m.-1024x497.png 1024w, https:\/\/revistazetta.com\/wp-content\/uploads\/2022\/02\/Captura-de-Pantalla-2022-02-28-a-las-7.50.04-p.-m.-1536x746.png 1536w, https:\/\/revistazetta.com\/wp-content\/uploads\/2022\/02\/Captura-de-Pantalla-2022-02-28-a-las-7.50.04-p.-m..png 1594w\" sizes=\"auto, (max-width: 400px) 100vw, 400px\" \/><\/p>\n<p>En esas publicaciones registraban el acuerdo pol\u00edtico mediante el cual trabajar\u00edan conjuntamente la candidatura de Becerra a la C\u00e1mara de Representantes.<\/p>\n<p><img loading=\"lazy\" decoding=\"async\" class=\"alignnone size-medium wp-image-44905\" src=\"https:\/\/revistazetta.com\/wp-content\/uploads\/2022\/02\/Captura-de-Pantalla-2022-02-28-a-las-7.51.37-p.-m.-400x255.png\" alt=\"\" width=\"400\" height=\"255\" srcset=\"https:\/\/revistazetta.com\/wp-content\/uploads\/2022\/02\/Captura-de-Pantalla-2022-02-28-a-las-7.51.37-p.-m.-400x255.png 400w, https:\/\/revistazetta.com\/wp-content\/uploads\/2022\/02\/Captura-de-Pantalla-2022-02-28-a-las-7.51.37-p.-m.-1024x654.png 1024w, https:\/\/revistazetta.com\/wp-content\/uploads\/2022\/02\/Captura-de-Pantalla-2022-02-28-a-las-7.51.37-p.-m.-1536x980.png 1536w, https:\/\/revistazetta.com\/wp-content\/uploads\/2022\/02\/Captura-de-Pantalla-2022-02-28-a-las-7.51.37-p.-m..png 1598w\" sizes=\"auto, (max-width: 400px) 100vw, 400px\" \/><\/p>\n<p>Con base en esas dos publicaciones, Revista Zetta registr\u00f3 que \u201cEl mendozismo se va con Happy Becerra\u201d, y resalt\u00f3 que Edgar y Kattya son los dirigentes que tomaron esta decisi\u00f3n pol\u00edtica.<\/p>\n<p>Revista Zetta dialog\u00f3 en esos momentos con Edgar Mendoza Saleme sobre el contexto pol\u00edtico de este apoyo, pero nunca ha dialogado con su hermano, el diputado V\u00edctor Mendoza Saleme sobre este particular.<\/p>\n<p><strong>Ver:<\/strong>\u00a0<span style=\"color: #0000ff;\">((( El \u00abmendozismo\u00bb se va con Happy Becerra para C\u00e1mara<\/span> \u00a0<a href=\"https:\/\/revistazetta.com\/?p=43761\">https:\/\/revistazetta.com\/?p=43761<\/a>\u00a0 )))<\/p>\n<p>Dicha publicaci\u00f3n fue una de las circunstancias consideradas por el partido Cambio Radical para imponer una sanci\u00f3n de privar de voz y voto al diputado V\u00edctor Mendoza Saleme, por doble militancia, quien tiene cinco d\u00edas para apelar la decisi\u00f3n, expedida por el Consejo de Control \u00c9tico de Cambio Radical.<\/p>\n<p><img loading=\"lazy\" decoding=\"async\" class=\"alignnone size-medium wp-image-43765\" src=\"https:\/\/revistazetta.com\/wp-content\/uploads\/2022\/01\/Mendozismo-Happy-400x267.jpg\" alt=\"\" width=\"400\" height=\"267\" srcset=\"https:\/\/revistazetta.com\/wp-content\/uploads\/2022\/01\/Mendozismo-Happy-400x267.jpg 400w, https:\/\/revistazetta.com\/wp-content\/uploads\/2022\/01\/Mendozismo-Happy-1024x682.jpg 1024w, https:\/\/revistazetta.com\/wp-content\/uploads\/2022\/01\/Mendozismo-Happy-1536x1023.jpg 1536w, https:\/\/revistazetta.com\/wp-content\/uploads\/2022\/01\/Mendozismo-Happy.jpg 1600w\" sizes=\"auto, (max-width: 400px) 100vw, 400px\" \/><\/p>\n<p>Esa instancia tambi\u00e9n abri\u00f3 indagaci\u00f3n preliminar contra los concejales actuales Wilson Toncel, Carlos Barrios y Luis Cassiani por doble militancia.<\/p>\n<p><strong>Ver:<\/strong> ((( \u00a0<span style=\"color: #0000ff;\">\u00a1Ojo con la doble militancia! Nueva advertencia del partido Cambio Radical<\/span> \u00a0<a href=\"https:\/\/revistazetta.com\/?p=44761\">https:\/\/revistazetta.com\/?p=44761<\/a>\u00a0)))<\/p>\n<p>Este es el comunicado expedido por el partido Cambio Radical:<\/p>\n<div><strong><span style=\"color: #0000ff;\"><em>Diputado del Partido Cambio Radical sancionado por doble militancia<\/em><\/span><\/strong><\/div>\n<div><\/div>\n<div><span style=\"color: #0000ff;\"><em>\u2022 Igualmente se abri\u00f3 indagaci\u00f3n preliminar en contra de los concejales de Cartagena: Luis Javier Cassiani, Wilson Toncel y Carlos Barrios.<\/em><\/span><\/div>\n<div><\/div>\n<div><span style=\"color: #0000ff;\"><em>Bogot\u00e1, 28 de febrero de 2022.- En la tarde de este lunes el Consejo de Control \u00c9tico del Partido Cambio Radical sancion\u00f3 al Diputado de Bol\u00edvar, V\u00edctor Mendoza Saleme, por doble militancia.<\/em><\/span><\/div>\n<div><\/div>\n<div><span style=\"color: #0000ff;\"><em>El Consejo de Control \u00c9tico tom\u00f3 esta decisi\u00f3n sustentada en que el diputado siendo miembro del Partido apoya las candidaturas de Happy Becerra a la C\u00e1mara de Representantes y al Senado a su primo Fabio Am\u00edn Saleme, ambos del Partido Liberal.<\/em><\/span><\/div>\n<div><\/div>\n<div><span style=\"color: #0000ff;\"><em>\u201cSancionar al diputado del departamento de Bol\u00edvar con p\u00e9rdida total del derecho a voz y voto por el resto del periodo, que corre a partir de la fecha de notificaci\u00f3n de este pronunciamiento\u201d, se\u00f1ala el documento del Consejo de Control \u00c9tico del Partido Cambio Radical.<\/em><\/span><\/div>\n<div><\/div>\n<div><span style=\"color: #0000ff;\"><em>Lo anterior significa que, aunque seguir\u00e1 siendo Diputado, el se\u00f1or V\u00edctor Mendoza Saleme, no tiene ni voz ni voto en los debates, ni en las decisiones que se tomen en la Asamblea de Bol\u00edvar.<\/em><\/span><\/div>\n<div><\/div>\n<div><span style=\"color: #0000ff;\"><em>Por la misma causal se abri\u00f3 indagaci\u00f3n preliminar en contra de los concejales de Cartagena: Luis Javier Cassiani, Wilson Toncel y Carlos Barrios.<\/em><\/span><\/div>\n<div><\/div>\n<div><span style=\"color: #0000ff;\"><em>\u201cLa doble militancia es un delito electoral que en Cambio Radical no vamos a aceptar, los que incurran en ella deber\u00e1n asumir las sanciones que la Ley establece\u201d, asegur\u00f3 el Director \u00a0Germ\u00e1n C\u00f3rdoba Ord\u00f3\u00f1ez.<\/em><\/span><\/div>\n<div><\/div>\n<div><span style=\"color: #0000ff;\"><em>De acuerdo con el art\u00edculo 107 de la Constituci\u00f3n Pol\u00edtica de Colombia \u201c(\u2026) En ning\u00fan caso se permitir\u00e1 a los ciudadanos pertenecer simult\u00e1neamente a m\u00e1s de un partido o movimiento pol\u00edtico con personer\u00eda jur\u00eddica.\u201d Es as\u00ed como constitucionalmente y en pro del fortalecimiento de los partidos pol\u00edticos, el legislador prohibi\u00f3 el trasfuguismo pol\u00edtico y estableci\u00f3 la figura de doble militancia.<\/em><\/span><\/div>\n<div><\/div>\n<div><\/div>\n<div><\/div>\n","protected":false},"excerpt":{"rendered":"<p>Tiene cinco d\u00edas para apelar sanci\u00f3n por presunta doble militancia. Sus hermanos Edgar y Kattya apoyan a Happy Becerra, candidato liberal a C\u00e1mara Cartagena de Indias, 28 de febrero de 2022.- El 3 de enero de 2022, el candidato liberal a la C\u00e1mara, Javier Ignacio \u201cHappy\u201d Becerra, public\u00f3 en su cuenta de Instagram una foto con Edgar Mendoza Saleme y la concejal liberal Kattya Mendoza Saleme.\u00a0De igual forma, la concejal Mendoza Saleme public\u00f3 similar informaci\u00f3n en su cuenta de Instagram. En esas publicaciones registraban el acuerdo pol\u00edtico mediante el cual&#8230; <\/p>\n","protected":false},"author":3,"featured_media":44903,"comment_status":"closed","ping_status":"closed","sticky":false,"template":"","format":"standard","meta":{"footnotes":"","_links_to":"","_links_to_target":""},"categories":[4],"tags":[684,417,285,685,686,421,538,683,298,681],"class_list":["post-44912","post","type-post","status-publish","format-standard","has-post-thumbnail","hentry","category-politica","tag-asamblea-de-bolivar","tag-cambio-radical","tag-destacada","tag-doble-militancia","tag-edgar-mendoza-saleme","tag-elecciones-2022","tag-happy-becerra","tag-kattya-mendoza-saleme","tag-politica","tag-victor-mendoza-saleme"],"_links":{"self":[{"href":"https:\/\/revistazetta.com\/index.php?rest_route=\/wp\/v2\/posts\/44912","targetHints":{"allow":["GET"]}}],"collection":[{"href":"https:\/\/revistazetta.com\/index.php?rest_route=\/wp\/v2\/posts"}],"about":[{"href":"https:\/\/revistazetta.com\/index.php?rest_route=\/wp\/v2\/types\/post"}],"author":[{"embeddable":true,"href":"https:\/\/revistazetta.com\/index.php?rest_route=\/wp\/v2\/users\/3"}],"replies":[{"embeddable":true,"href":"https:\/\/revistazetta.com\/index.php?rest_route=%2Fwp%2Fv2%2Fcomments&post=44912"}],"version-history":[{"count":0,"href":"https:\/\/revistazetta.com\/index.php?rest_route=\/wp\/v2\/posts\/44912\/revisions"}],"wp:featuredmedia":[{"embeddable":true,"href":"https:\/\/revistazetta.com\/index.php?rest_route=\/wp\/v2\/media\/44903"}],"wp:attachment":[{"href":"https:\/\/revistazetta.com\/index.php?rest_route=%2Fwp%2Fv2%2Fmedia&parent=44912"}],"wp:term":[{"taxonomy":"category","embeddable":true,"href":"https:\/\/revistazetta.com\/index.php?rest_route=%2Fwp%2Fv2%2Fcategories&post=44912"},{"taxonomy":"post_tag","embeddable":true,"href":"https:\/\/revistazetta.com\/index.php?rest_route=%2Fwp%2Fv2%2Ftags&post=44912"}],"curies":[{"name":"wp","href":"https:\/\/api.w.org\/{rel}","templated":true}]}}