{"id":44970,"date":"2022-03-06T10:01:31","date_gmt":"2022-03-06T15:01:31","guid":{"rendered":"https:\/\/revistazetta.com\/?p=44970"},"modified":"2022-03-06T10:02:15","modified_gmt":"2022-03-06T15:02:15","slug":"juliana-aray-en-el-corazon-de-la-gente","status":"publish","type":"post","link":"https:\/\/revistazetta.com\/?p=44970","title":{"rendered":"Juliana Aray, en el coraz\u00f3n de la gente"},"content":{"rendered":"<blockquote><p><span style=\"color: #000080;\"><em><strong>Cartagena ratific\u00f3 su cari\u00f1o y respaldo a Juliana Aray, C102<\/strong><\/em><\/span><\/p><\/blockquote>\n<p><strong>Cartagena de Indias, 6 de marzo de 2022.-<\/strong> Los miles de respaldos acumulados en estos meses de campa\u00f1a demuestran que el mensaje de Juliana Aray Franco lleg\u00f3 al coraz\u00f3n de los bolivarenses, y por eso su agradecimiento y compromiso para construir un &#8216;Bol\u00edvar para Todos&#8217;.<\/p>\n<p><img loading=\"lazy\" decoding=\"async\" class=\"alignnone size-medium wp-image-44975\" src=\"https:\/\/revistazetta.com\/wp-content\/uploads\/2022\/03\/274952557_324873686279867_217495243293362192_n-400x282.jpeg\" alt=\"\" width=\"400\" height=\"282\" srcset=\"https:\/\/revistazetta.com\/wp-content\/uploads\/2022\/03\/274952557_324873686279867_217495243293362192_n-400x282.jpeg 400w, https:\/\/revistazetta.com\/wp-content\/uploads\/2022\/03\/274952557_324873686279867_217495243293362192_n-1024x723.jpeg 1024w, https:\/\/revistazetta.com\/wp-content\/uploads\/2022\/03\/274952557_324873686279867_217495243293362192_n.jpeg 1075w\" sizes=\"auto, (max-width: 400px) 100vw, 400px\" \/><\/p>\n<p>Llena de emoci\u00f3n, Juliana agradeci\u00f3 a las comunidades de Cartagena por apoyarla y creer en su candidatura.\u00a0\u00abEstoy feliz; a los cartageneros y bolivarenses les doy gracias por su respaldo y confianza. Esta semana ha sido muy emotiva para m\u00ed, porque han ratificado su apoyo a este proyecto y podr\u00e9 ser su voz en el Congreso de la Rep\u00fablica\u00bb, manifest\u00f3 la pr\u00f3xima Representante a la C\u00e1mara.<\/p>\n<p><img loading=\"lazy\" decoding=\"async\" class=\"alignnone size-medium wp-image-44973\" src=\"https:\/\/revistazetta.com\/wp-content\/uploads\/2022\/03\/274900727_472827401225470_8912509036984434180_n-400x300.jpg\" alt=\"\" width=\"400\" height=\"300\" srcset=\"https:\/\/revistazetta.com\/wp-content\/uploads\/2022\/03\/274900727_472827401225470_8912509036984434180_n-400x300.jpg 400w, https:\/\/revistazetta.com\/wp-content\/uploads\/2022\/03\/274900727_472827401225470_8912509036984434180_n-1024x768.jpg 1024w, https:\/\/revistazetta.com\/wp-content\/uploads\/2022\/03\/274900727_472827401225470_8912509036984434180_n.jpg 1080w\" sizes=\"auto, (max-width: 400px) 100vw, 400px\" \/><\/p>\n<p>La agenda de Juliana estuvo repleta de compromisos en toda la provincia, y no ces\u00f3 de seguir sumando respaldos como los provenientes de\u00a0la Mojana y la Depresi\u00f3n Momposina, donde los pobladores de Magangu\u00e9, Cicuco y Talaigua Nuevo se vincularon a la candidatura de Aray y se comprometieron a multiplicar entre vecinos, familiares y amigos este proyecto.<\/p>\n<p><img loading=\"lazy\" decoding=\"async\" class=\"alignnone size-medium wp-image-44974\" src=\"https:\/\/revistazetta.com\/wp-content\/uploads\/2022\/03\/274943795_150570820677513_7256315727050387260_n-400x294.jpeg\" alt=\"\" width=\"400\" height=\"294\" srcset=\"https:\/\/revistazetta.com\/wp-content\/uploads\/2022\/03\/274943795_150570820677513_7256315727050387260_n-400x294.jpeg 400w, https:\/\/revistazetta.com\/wp-content\/uploads\/2022\/03\/274943795_150570820677513_7256315727050387260_n.jpeg 878w\" sizes=\"auto, (max-width: 400px) 100vw, 400px\" \/><\/p>\n<p>Juliana Aray invit\u00f3 a todos los cartageneros y bolivarenses a que la acompa\u00f1en el pr\u00f3ximo 13 de marzo en las urnas: marcando en el tarjet\u00f3n el logo del partido Conservador y el n\u00famero 102.<\/p>\n<p><img loading=\"lazy\" decoding=\"async\" class=\"alignnone size-medium wp-image-44971\" src=\"https:\/\/revistazetta.com\/wp-content\/uploads\/2022\/03\/274794423_331156982285757_7216074096375494082_n-400x300.jpg\" alt=\"\" width=\"400\" height=\"300\" srcset=\"https:\/\/revistazetta.com\/wp-content\/uploads\/2022\/03\/274794423_331156982285757_7216074096375494082_n-400x300.jpg 400w, https:\/\/revistazetta.com\/wp-content\/uploads\/2022\/03\/274794423_331156982285757_7216074096375494082_n-1024x768.jpg 1024w, https:\/\/revistazetta.com\/wp-content\/uploads\/2022\/03\/274794423_331156982285757_7216074096375494082_n.jpg 1080w\" sizes=\"auto, (max-width: 400px) 100vw, 400px\" \/><\/p>\n<p><img loading=\"lazy\" decoding=\"async\" class=\"alignnone size-medium wp-image-44976\" src=\"https:\/\/revistazetta.com\/wp-content\/uploads\/2022\/03\/275168169_3204817123089355_965517469493178867_n-400x267.jpg\" alt=\"\" width=\"400\" height=\"267\" srcset=\"https:\/\/revistazetta.com\/wp-content\/uploads\/2022\/03\/275168169_3204817123089355_965517469493178867_n-400x267.jpg 400w, https:\/\/revistazetta.com\/wp-content\/uploads\/2022\/03\/275168169_3204817123089355_965517469493178867_n-1024x683.jpg 1024w, https:\/\/revistazetta.com\/wp-content\/uploads\/2022\/03\/275168169_3204817123089355_965517469493178867_n.jpg 1080w\" sizes=\"auto, (max-width: 400px) 100vw, 400px\" \/><\/p>\n<p><img loading=\"lazy\" decoding=\"async\" class=\"alignnone size-medium wp-image-44977\" src=\"https:\/\/revistazetta.com\/wp-content\/uploads\/2022\/03\/275214938_1163092434495372_5806014360781685073_n-400x227.jpeg\" alt=\"\" width=\"400\" height=\"227\" srcset=\"https:\/\/revistazetta.com\/wp-content\/uploads\/2022\/03\/275214938_1163092434495372_5806014360781685073_n-400x227.jpeg 400w, https:\/\/revistazetta.com\/wp-content\/uploads\/2022\/03\/275214938_1163092434495372_5806014360781685073_n.jpeg 963w\" sizes=\"auto, (max-width: 400px) 100vw, 400px\" \/><\/p>\n<p><img loading=\"lazy\" decoding=\"async\" class=\"alignnone size-medium wp-image-44978\" src=\"https:\/\/revistazetta.com\/wp-content\/uploads\/2022\/03\/WhatsApp-Image-2022-03-05-at-9.27.22-AM-400x267.jpeg\" alt=\"\" width=\"400\" height=\"267\" srcset=\"https:\/\/revistazetta.com\/wp-content\/uploads\/2022\/03\/WhatsApp-Image-2022-03-05-at-9.27.22-AM-400x267.jpeg 400w, https:\/\/revistazetta.com\/wp-content\/uploads\/2022\/03\/WhatsApp-Image-2022-03-05-at-9.27.22-AM-1024x682.jpeg 1024w, https:\/\/revistazetta.com\/wp-content\/uploads\/2022\/03\/WhatsApp-Image-2022-03-05-at-9.27.22-AM.jpeg 1280w\" sizes=\"auto, (max-width: 400px) 100vw, 400px\" \/><\/p>\n","protected":false},"excerpt":{"rendered":"<p>Cartagena ratific\u00f3 su cari\u00f1o y respaldo a Juliana Aray, C102 Cartagena de Indias, 6 de marzo de 2022.- Los miles de respaldos acumulados en estos meses de campa\u00f1a demuestran que el mensaje de Juliana Aray Franco lleg\u00f3 al coraz\u00f3n de los bolivarenses, y por eso su agradecimiento y compromiso para construir un &#8216;Bol\u00edvar para Todos&#8217;. Llena de emoci\u00f3n, Juliana agradeci\u00f3 a las comunidades de Cartagena por apoyarla y creer en su candidatura.\u00a0\u00abEstoy feliz; a los cartageneros y bolivarenses les doy gracias por su respaldo y confianza. Esta semana ha sido&#8230; <\/p>\n","protected":false},"author":3,"featured_media":44979,"comment_status":"closed","ping_status":"closed","sticky":false,"template":"","format":"standard","meta":{"footnotes":"","_links_to":"","_links_to_target":""},"categories":[75,4],"tags":[],"class_list":["post-44970","post","type-post","status-publish","format-standard","has-post-thumbnail","hentry","category-destacada","category-politica"],"_links":{"self":[{"href":"https:\/\/revistazetta.com\/index.php?rest_route=\/wp\/v2\/posts\/44970","targetHints":{"allow":["GET"]}}],"collection":[{"href":"https:\/\/revistazetta.com\/index.php?rest_route=\/wp\/v2\/posts"}],"about":[{"href":"https:\/\/revistazetta.com\/index.php?rest_route=\/wp\/v2\/types\/post"}],"author":[{"embeddable":true,"href":"https:\/\/revistazetta.com\/index.php?rest_route=\/wp\/v2\/users\/3"}],"replies":[{"embeddable":true,"href":"https:\/\/revistazetta.com\/index.php?rest_route=%2Fwp%2Fv2%2Fcomments&post=44970"}],"version-history":[{"count":0,"href":"https:\/\/revistazetta.com\/index.php?rest_route=\/wp\/v2\/posts\/44970\/revisions"}],"wp:featuredmedia":[{"embeddable":true,"href":"https:\/\/revistazetta.com\/index.php?rest_route=\/wp\/v2\/media\/44979"}],"wp:attachment":[{"href":"https:\/\/revistazetta.com\/index.php?rest_route=%2Fwp%2Fv2%2Fmedia&parent=44970"}],"wp:term":[{"taxonomy":"category","embeddable":true,"href":"https:\/\/revistazetta.com\/index.php?rest_route=%2Fwp%2Fv2%2Fcategories&post=44970"},{"taxonomy":"post_tag","embeddable":true,"href":"https:\/\/revistazetta.com\/index.php?rest_route=%2Fwp%2Fv2%2Ftags&post=44970"}],"curies":[{"name":"wp","href":"https:\/\/api.w.org\/{rel}","templated":true}]}}