{"id":45077,"date":"2022-03-07T10:07:45","date_gmt":"2022-03-07T15:07:45","guid":{"rendered":"https:\/\/revistazetta.com\/?p=45077"},"modified":"2022-03-07T10:07:45","modified_gmt":"2022-03-07T15:07:45","slug":"happy-becerra-cierre-de-antologia-de-su-campana-a-camara","status":"publish","type":"post","link":"https:\/\/revistazetta.com\/?p=45077","title":{"rendered":"Happy Becerra: cierre de antolog\u00eda de su campa\u00f1a a C\u00e1mara"},"content":{"rendered":"<p><strong>C\u00f3rdoba, Bol\u00edvar, 7 de marzo de 2022.-<\/strong> La desbordante fuerza del Partido Liberal sacudi\u00f3 la noche de este domingo a C\u00f3rdoba Tet\u00f3n, en el cierre de la campa\u00f1a a C\u00e1mara de un hijo de este municipio:; Javier Ignacio \u00abHappy\u00bb Becerra.<\/p>\n<p>El llamado del senador Lidio Garc\u00eda contribuy\u00f3 para que miles de personas se congregaran en la plaza principal de la localidad para escuchar las propuestas sociales del Partido Liberal.<\/p>\n<p><img loading=\"lazy\" decoding=\"async\" class=\"alignnone size-medium wp-image-45083\" src=\"https:\/\/revistazetta.com\/wp-content\/uploads\/2022\/03\/275254002_3240354479546299_3905817063459731285_n-400x267.jpg\" alt=\"\" width=\"400\" height=\"267\" srcset=\"https:\/\/revistazetta.com\/wp-content\/uploads\/2022\/03\/275254002_3240354479546299_3905817063459731285_n-400x267.jpg 400w, https:\/\/revistazetta.com\/wp-content\/uploads\/2022\/03\/275254002_3240354479546299_3905817063459731285_n-1024x683.jpg 1024w, https:\/\/revistazetta.com\/wp-content\/uploads\/2022\/03\/275254002_3240354479546299_3905817063459731285_n.jpg 1065w\" sizes=\"auto, (max-width: 400px) 100vw, 400px\" \/><\/p>\n<p>Happy Becerra cerr\u00f3 as\u00ed una campa\u00f1a sobresaliente, tres meses intensos y de crecimiento sostenido, para optar al favoritismo en la lista del partido Liberal, distinguido con el n\u00famero 106.<\/p>\n<p><img loading=\"lazy\" decoding=\"async\" class=\"alignnone size-medium wp-image-45080\" src=\"https:\/\/revistazetta.com\/wp-content\/uploads\/2022\/03\/275215850_341292304439888_1778001679681619900_n-400x266.jpg\" alt=\"\" width=\"400\" height=\"266\" srcset=\"https:\/\/revistazetta.com\/wp-content\/uploads\/2022\/03\/275215850_341292304439888_1778001679681619900_n-400x266.jpg 400w, https:\/\/revistazetta.com\/wp-content\/uploads\/2022\/03\/275215850_341292304439888_1778001679681619900_n.jpg 862w\" sizes=\"auto, (max-width: 400px) 100vw, 400px\" \/><\/p>\n<p>Para Becerra fue un fin de semana intenso, pues tambi\u00e9n encabez\u00f3 cierres en norte de Bol\u00edvar, Montes de Mar\u00eda y Magangu\u00e9, concluyendo el periplo en su natal C\u00f3rdoba.<\/p>\n<p><img loading=\"lazy\" decoding=\"async\" class=\"alignnone size-medium wp-image-45082\" src=\"https:\/\/revistazetta.com\/wp-content\/uploads\/2022\/03\/275248440_7261558890551047_1442899349769406815_n-400x267.jpg\" alt=\"\" width=\"400\" height=\"267\" srcset=\"https:\/\/revistazetta.com\/wp-content\/uploads\/2022\/03\/275248440_7261558890551047_1442899349769406815_n-400x267.jpg 400w, https:\/\/revistazetta.com\/wp-content\/uploads\/2022\/03\/275248440_7261558890551047_1442899349769406815_n-1024x683.jpg 1024w, https:\/\/revistazetta.com\/wp-content\/uploads\/2022\/03\/275248440_7261558890551047_1442899349769406815_n.jpg 1065w\" sizes=\"auto, (max-width: 400px) 100vw, 400px\" \/><\/p>\n<p><img loading=\"lazy\" decoding=\"async\" class=\"alignnone size-medium wp-image-45078\" src=\"https:\/\/revistazetta.com\/wp-content\/uploads\/2022\/03\/275208793_153441907058259_1893416812995357641_n-400x267.jpg\" alt=\"\" width=\"400\" height=\"267\" srcset=\"https:\/\/revistazetta.com\/wp-content\/uploads\/2022\/03\/275208793_153441907058259_1893416812995357641_n-400x267.jpg 400w, https:\/\/revistazetta.com\/wp-content\/uploads\/2022\/03\/275208793_153441907058259_1893416812995357641_n-1024x683.jpg 1024w, https:\/\/revistazetta.com\/wp-content\/uploads\/2022\/03\/275208793_153441907058259_1893416812995357641_n.jpg 1065w\" sizes=\"auto, (max-width: 400px) 100vw, 400px\" \/><\/p>\n<p><img loading=\"lazy\" decoding=\"async\" class=\"alignnone size-medium wp-image-45081\" src=\"https:\/\/revistazetta.com\/wp-content\/uploads\/2022\/03\/275244825_328360739260500_5754648756638933673_n-400x267.jpg\" alt=\"\" width=\"400\" height=\"267\" srcset=\"https:\/\/revistazetta.com\/wp-content\/uploads\/2022\/03\/275244825_328360739260500_5754648756638933673_n-400x267.jpg 400w, https:\/\/revistazetta.com\/wp-content\/uploads\/2022\/03\/275244825_328360739260500_5754648756638933673_n.jpg 965w\" sizes=\"auto, (max-width: 400px) 100vw, 400px\" \/><\/p>\n<p><img loading=\"lazy\" decoding=\"async\" class=\"alignnone size-medium wp-image-45084\" src=\"https:\/\/revistazetta.com\/wp-content\/uploads\/2022\/03\/275257327_1639793126394170_3037073725004182738_n-400x267.jpg\" alt=\"\" width=\"400\" height=\"267\" srcset=\"https:\/\/revistazetta.com\/wp-content\/uploads\/2022\/03\/275257327_1639793126394170_3037073725004182738_n-400x267.jpg 400w, https:\/\/revistazetta.com\/wp-content\/uploads\/2022\/03\/275257327_1639793126394170_3037073725004182738_n-1024x683.jpg 1024w, https:\/\/revistazetta.com\/wp-content\/uploads\/2022\/03\/275257327_1639793126394170_3037073725004182738_n.jpg 1065w\" sizes=\"auto, (max-width: 400px) 100vw, 400px\" \/><\/p>\n<p>&nbsp;<\/p>\n","protected":false},"excerpt":{"rendered":"<p>C\u00f3rdoba, Bol\u00edvar, 7 de marzo de 2022.- La desbordante fuerza del Partido Liberal sacudi\u00f3 la noche de este domingo a C\u00f3rdoba Tet\u00f3n, en el cierre de la campa\u00f1a a C\u00e1mara de un hijo de este municipio:; Javier Ignacio \u00abHappy\u00bb Becerra. El llamado del senador Lidio Garc\u00eda contribuy\u00f3 para que miles de personas se congregaran en la plaza principal de la localidad para escuchar las propuestas sociales del Partido Liberal. Happy Becerra cerr\u00f3 as\u00ed una campa\u00f1a sobresaliente, tres meses intensos y de crecimiento sostenido, para optar al favoritismo en la lista&#8230; <\/p>\n","protected":false},"author":3,"featured_media":45085,"comment_status":"closed","ping_status":"closed","sticky":false,"template":"","format":"standard","meta":{"footnotes":"","_links_to":"","_links_to_target":""},"categories":[4],"tags":[421,538,448,356,298],"class_list":["post-45077","post","type-post","status-publish","format-standard","has-post-thumbnail","hentry","category-politica","tag-elecciones-2022","tag-happy-becerra","tag-lidio-garcia","tag-partido-liberal","tag-politica"],"_links":{"self":[{"href":"https:\/\/revistazetta.com\/index.php?rest_route=\/wp\/v2\/posts\/45077","targetHints":{"allow":["GET"]}}],"collection":[{"href":"https:\/\/revistazetta.com\/index.php?rest_route=\/wp\/v2\/posts"}],"about":[{"href":"https:\/\/revistazetta.com\/index.php?rest_route=\/wp\/v2\/types\/post"}],"author":[{"embeddable":true,"href":"https:\/\/revistazetta.com\/index.php?rest_route=\/wp\/v2\/users\/3"}],"replies":[{"embeddable":true,"href":"https:\/\/revistazetta.com\/index.php?rest_route=%2Fwp%2Fv2%2Fcomments&post=45077"}],"version-history":[{"count":0,"href":"https:\/\/revistazetta.com\/index.php?rest_route=\/wp\/v2\/posts\/45077\/revisions"}],"wp:featuredmedia":[{"embeddable":true,"href":"https:\/\/revistazetta.com\/index.php?rest_route=\/wp\/v2\/media\/45085"}],"wp:attachment":[{"href":"https:\/\/revistazetta.com\/index.php?rest_route=%2Fwp%2Fv2%2Fmedia&parent=45077"}],"wp:term":[{"taxonomy":"category","embeddable":true,"href":"https:\/\/revistazetta.com\/index.php?rest_route=%2Fwp%2Fv2%2Fcategories&post=45077"},{"taxonomy":"post_tag","embeddable":true,"href":"https:\/\/revistazetta.com\/index.php?rest_route=%2Fwp%2Fv2%2Ftags&post=45077"}],"curies":[{"name":"wp","href":"https:\/\/api.w.org\/{rel}","templated":true}]}}