{"id":45086,"date":"2022-03-07T10:31:03","date_gmt":"2022-03-07T15:31:03","guid":{"rendered":"https:\/\/revistazetta.com\/?p=45086"},"modified":"2022-03-07T10:31:03","modified_gmt":"2022-03-07T15:31:03","slug":"michel-maya-el-candidato-al-senado-que-propone-rescatar-los-negocios-de-barrio","status":"publish","type":"post","link":"https:\/\/revistazetta.com\/?p=45086","title":{"rendered":"Michel Maya, el candidato al Senado que propone rescatar los negocios de barrio\u00a0"},"content":{"rendered":"<p><strong>Cali, 7 de marzo de 2022.-<\/strong>\u00a0Quiere ser senador porque est\u00e1 mamado de un Congreso lleno de ausentistas y de marionetas del poder que no se interesan en resolver los problemas reales y sentidos de Colombia. Estudi\u00f3 Gobierno y Relaciones Internacionales en la Universidad Externado y tiene una Maestr\u00eda en Gerencia y Pr\u00e1ctica del Desarrollo de la Universidad de los Andes, donde fue reconocido por ser un destacado estudiante.<\/p>\n<p>Fue concejal de Cali (2011-2014) desde donde destap\u00f3 el esc\u00e1ndalo de corrupci\u00f3n por la p\u00e9rdida de $7.000 millones de anticipo para la construcci\u00f3n de la Estaci\u00f3n del MIO Paso del Comercio (antes llamada Calima) con una empresa fantasma, en la primera administraci\u00f3n de Jorge Iv\u00e1n Ospina; adem\u00e1s logr\u00f3 la sustituci\u00f3n de carretillas haladas por caballos por veh\u00edculos de motor; y fue quien implement\u00f3 en los Cali los presupuestos participativos gracias a los cuales la comunidad tuvo voz e incidencia directa en la destinaci\u00f3n de este; entre otras iniciativas.<\/p>\n<p><img loading=\"lazy\" decoding=\"async\" class=\"alignnone size-medium wp-image-45088\" src=\"https:\/\/revistazetta.com\/wp-content\/uploads\/2022\/03\/275039617_804603903829892_4038509328139553577_n-400x400.jpg\" alt=\"\" width=\"400\" height=\"400\" srcset=\"https:\/\/revistazetta.com\/wp-content\/uploads\/2022\/03\/275039617_804603903829892_4038509328139553577_n-400x400.jpg 400w, https:\/\/revistazetta.com\/wp-content\/uploads\/2022\/03\/275039617_804603903829892_4038509328139553577_n-1024x1024.jpg 1024w, https:\/\/revistazetta.com\/wp-content\/uploads\/2022\/03\/275039617_804603903829892_4038509328139553577_n-300x300.jpg 300w, https:\/\/revistazetta.com\/wp-content\/uploads\/2022\/03\/275039617_804603903829892_4038509328139553577_n-80x80.jpg 80w, https:\/\/revistazetta.com\/wp-content\/uploads\/2022\/03\/275039617_804603903829892_4038509328139553577_n.jpg 1080w\" sizes=\"auto, (max-width: 400px) 100vw, 400px\" \/><\/p>\n<p>Tambi\u00e9n, se ha desempe\u00f1ado en cargos directivos para el sector privado. Represent\u00f3 la voz de m\u00e1s de 5200 droguistas como director nacional de la Asociaci\u00f3n Colombiana de Droguistas (Asocoldro). Fue candidato a la Alcald\u00eda de Cali (2015-2019) donde obtuvo m\u00e1s de 23.000 votos. Es Co-fundador y directivo nacional del Partido Dignidad y Presidente del Partido en el Valle del Cauca. En 2009, fue fundador del Partido Verde<b> <\/b>en el departamento del Valle en la \u00e9poca de Antanas Mockus, Lucho Garz\u00f3n y Enrique Pe\u00f1alosa y candidato al Senado por esa colectividad. Es profesor universitario, columnista y analista pol\u00edtico. Pap\u00e1 de \u00d3scar Manuel y esposo de Sara Rodas.<\/p>\n<p><b>Propuestas:<\/b><\/p>\n<ol>\n<li><b>Plan de rescate para los negocios de barrios afectados en la pandemia<\/b><\/li>\n<\/ol>\n<p>En Colombia existen m\u00e1s de 5.225.000 negocios de barrio que emplean a cerca de 3.200.000 personas, m\u00e1s del 10% del total de personas ocupadas en Colombia. Estos negocios no pudieron acceder al PAEF, pues en su primera versi\u00f3n exclu\u00edan a empresas de menos de 3 empleados y la mayor\u00eda de negocios est\u00e1n conformados as\u00ed. Al no verse beneficiados por el subsidio a la n\u00f3mina, tambi\u00e9n se les dificult\u00f3 acceder a las l\u00edneas de cr\u00e9dito de segundo piso, puesto que estas fueron destinadas a trav\u00e9s de bancos comerciales que impusieron muchos requisitos y la garant\u00eda del FNG no era suficiente. Adicionalmente, tuvieron que endeudarse durante la pandemia para: pagar arriendos, n\u00f3mina, impuestos y a proveedores.<\/p>\n<p>Es por esto que propone un plan de rescate enfocado en los negocios de barrio. Se necesita acceso a cr\u00e9dito p\u00fablico para quienes no cerraron en pandemia y as\u00ed puedan asumir sus obligaciones tributarias sin tener que acudir al gota a gota. Adicionalmente, implementar un subsidio a la n\u00f3mina de m\u00e1s del 50% que permita que esos m\u00e1s de 20.000 negocios que cerraron en pandemia vuelvan a abrir y seguir contribuyendo al desarrollo econ\u00f3mico del pa\u00eds.<\/p>\n<ol start=\"2\">\n<li><b>Renta especial b\u00e1sica para mujeres dedicadas a las tareas del hogar y del cuidado no remunerado, garantizando acceso a salud y pensi\u00f3n por vejez<\/b><\/li>\n<\/ol>\n<p>El trabajo dom\u00e9stico y de cuidados del hogar en Colombia equivale al 20% de su Producto Interno Bruto (PIB), es decir, m\u00e1s de USD 51 millones (COP 186 mil millones). De ese porcentaje del PIB, las mujeres representan el 77% de su producci\u00f3n. Esta cifra muestra la importancia del trabajo no remunerado para la econom\u00eda del pa\u00eds, ya que, por ejemplo, el comercio apenas aporta el 17,5% del PIB.<\/p>\n<p>Mientras las mujeres ocupadas en el mercado laboral realizan a diario un promedio de 5 horas 50 minutos de trabajo no remunerado, los hombres realizan este tipo de tareas en un tiempo promedio diario de 2 horas. Por eso, se propone crear una b\u00e1sica para mujeres dedicadas a las tareas del hogar y del cuidado no remunerado que no tengan otra fuente de ingresos, as\u00ed como garantizar que tengan acceso a salud y pensi\u00f3n por vejez.<\/p>\n","protected":false},"excerpt":{"rendered":"<p>Cali, 7 de marzo de 2022.-\u00a0Quiere ser senador porque est\u00e1 mamado de un Congreso lleno de ausentistas y de marionetas del poder que no se interesan en resolver los problemas reales y sentidos de Colombia. Estudi\u00f3 Gobierno y Relaciones Internacionales en la Universidad Externado y tiene una Maestr\u00eda en Gerencia y Pr\u00e1ctica del Desarrollo de la Universidad de los Andes, donde fue reconocido por ser un destacado estudiante. Fue concejal de Cali (2011-2014) desde donde destap\u00f3 el esc\u00e1ndalo de corrupci\u00f3n por la p\u00e9rdida de $7.000 millones de anticipo para la&#8230; <\/p>\n","protected":false},"author":3,"featured_media":45087,"comment_status":"closed","ping_status":"closed","sticky":false,"template":"","format":"standard","meta":{"footnotes":"","_links_to":"","_links_to_target":""},"categories":[4],"tags":[421,697,698,298],"class_list":["post-45086","post","type-post","status-publish","format-standard","has-post-thumbnail","hentry","category-politica","tag-elecciones-2022","tag-michel-maya","tag-partido-alianza-verde","tag-politica"],"_links":{"self":[{"href":"https:\/\/revistazetta.com\/index.php?rest_route=\/wp\/v2\/posts\/45086","targetHints":{"allow":["GET"]}}],"collection":[{"href":"https:\/\/revistazetta.com\/index.php?rest_route=\/wp\/v2\/posts"}],"about":[{"href":"https:\/\/revistazetta.com\/index.php?rest_route=\/wp\/v2\/types\/post"}],"author":[{"embeddable":true,"href":"https:\/\/revistazetta.com\/index.php?rest_route=\/wp\/v2\/users\/3"}],"replies":[{"embeddable":true,"href":"https:\/\/revistazetta.com\/index.php?rest_route=%2Fwp%2Fv2%2Fcomments&post=45086"}],"version-history":[{"count":0,"href":"https:\/\/revistazetta.com\/index.php?rest_route=\/wp\/v2\/posts\/45086\/revisions"}],"wp:featuredmedia":[{"embeddable":true,"href":"https:\/\/revistazetta.com\/index.php?rest_route=\/wp\/v2\/media\/45087"}],"wp:attachment":[{"href":"https:\/\/revistazetta.com\/index.php?rest_route=%2Fwp%2Fv2%2Fmedia&parent=45086"}],"wp:term":[{"taxonomy":"category","embeddable":true,"href":"https:\/\/revistazetta.com\/index.php?rest_route=%2Fwp%2Fv2%2Fcategories&post=45086"},{"taxonomy":"post_tag","embeddable":true,"href":"https:\/\/revistazetta.com\/index.php?rest_route=%2Fwp%2Fv2%2Ftags&post=45086"}],"curies":[{"name":"wp","href":"https:\/\/api.w.org\/{rel}","templated":true}]}}