{"id":45247,"date":"2022-03-18T08:37:29","date_gmt":"2022-03-18T13:37:29","guid":{"rendered":"https:\/\/revistazetta.com\/?p=45247"},"modified":"2022-03-18T08:37:29","modified_gmt":"2022-03-18T13:37:29","slug":"dau-sigue-perdido-y-no-encuentra-perfil-para-gerencia-de-transcaribe","status":"publish","type":"post","link":"https:\/\/revistazetta.com\/?p=45247","title":{"rendered":"Dau sigue perdido y no encuentra perfil para Gerencia de Transcaribe"},"content":{"rendered":"<p><strong>Junta directiva de Transcaribe designa nuevo gerente suplente<\/strong><\/p>\n<p><strong>Cartagena de Indias, 17 de marzo de 2022.-<\/strong> El rumbo err\u00e1tico de William Dau en la mayor\u00eda de sus decisiones tiene en un limbo a la Gerencia de Transcaribe, pues no es un\u00edvoco el perfil para su gerente, sino de amplia sinuosidad, que va de una polit\u00f3loga a un financiero, pero sin conocimientos puntuales en movilidad y transporte p\u00fablico.<\/p>\n<p>Aunque los estatutos se prestan a ambig\u00fcedades e interpretaciones, por encima de ellos est\u00e1 el criterio pol\u00edtico que se tenga para dirigir sus destinos, y comprobado est\u00e1 que el de William Dau es acomodaticio, pendenciero y caprichoso.<\/p>\n<p>Por eso, al desconcierto que dej\u00f3 la renuncia de la gerente Mar\u00eda Claudia Pe\u00f1as se suma el escozor por el nombramiento de un gerente suplente, con experiencia en el \u00e1rea financiera de empresas relacionadas con el sector del gas, pero cero trayectoria en el transporte p\u00fablico, a no ser que se le abonen los recorridos que haya realizado como pasajero en Transcaribe.<\/p>\n<p>Este el el comunicado con el que el gobierno present\u00f3 al nuevo gerente suplente, pues titular no hay por el momento:<\/p>\n<p><em><span style=\"color: #000080;\"> La junta directiva de Transcaribe S.A., en sesi\u00f3n extraordinaria de este martes 15 de marzo de 2022, design\u00f3 a Mauricio Hern\u00e1ndez Delgado como gerente suplente de la empresa.<\/span><\/em><\/p>\n<p><em><span style=\"color: #000080;\">Hern\u00e1ndez Delgado es Economista y Especialista en Finanzas de la Universidad Tecnol\u00f3gica de Bol\u00edvar, y desde enero pasado se viene desempe\u00f1ando como Director Administrativo y Financiero de Transcaribe, participando activamente en la implementaci\u00f3n del plan de salvamento del sistema de todos los cartageneros, que incluye la discusi\u00f3n de nuevos acuerdos por la sostenibilidad con las empresas concesionarias.<\/span><\/em><\/p>\n<p><em><span style=\"color: #000080;\">El nuevo gerente suplente cuenta con m\u00e1s de 20 a\u00f1os de experiencia en el sector de servicios p\u00fablicos, y con m\u00e1s de 13 a\u00f1os de experiencia en cargos directivos. Durante su carrera ha ocupado cargos como Director de Planeaci\u00f3n Financiera de Surtigas, y gerente financiero y administrativo de Quavii-Gases del Pacifico S.A.C. en Per\u00fa. Adem\u00e1s, se ha desempe\u00f1ado como asesor financiero de las empresas Vanti S.A. E.S.P. y Proservicios S.A. E.S.P.<\/span><\/em><\/p>\n","protected":false},"excerpt":{"rendered":"<p>Junta directiva de Transcaribe designa nuevo gerente suplente Cartagena de Indias, 17 de marzo de 2022.- El rumbo err\u00e1tico de William Dau en la mayor\u00eda de sus decisiones tiene en un limbo a la Gerencia de Transcaribe, pues no es un\u00edvoco el perfil para su gerente, sino de amplia sinuosidad, que va de una polit\u00f3loga a un financiero, pero sin conocimientos puntuales en movilidad y transporte p\u00fablico. Aunque los estatutos se prestan a ambig\u00fcedades e interpretaciones, por encima de ellos est\u00e1 el criterio pol\u00edtico que se tenga para dirigir sus&#8230; <\/p>\n","protected":false},"author":3,"featured_media":45248,"comment_status":"closed","ping_status":"closed","sticky":false,"template":"","format":"standard","meta":{"footnotes":"","_links_to":"","_links_to_target":""},"categories":[32,87],"tags":[274,191,285,296,194,149,431],"class_list":["post-45247","post","type-post","status-publish","format-standard","has-post-thumbnail","hentry","category-actualidad-distrito","category-movilidad","tag-alcaldia-de-cartagena","tag-cartagena-de-indias","tag-destacada","tag-distrito","tag-movilidad","tag-transcaribe","tag-william-dau"],"_links":{"self":[{"href":"https:\/\/revistazetta.com\/index.php?rest_route=\/wp\/v2\/posts\/45247","targetHints":{"allow":["GET"]}}],"collection":[{"href":"https:\/\/revistazetta.com\/index.php?rest_route=\/wp\/v2\/posts"}],"about":[{"href":"https:\/\/revistazetta.com\/index.php?rest_route=\/wp\/v2\/types\/post"}],"author":[{"embeddable":true,"href":"https:\/\/revistazetta.com\/index.php?rest_route=\/wp\/v2\/users\/3"}],"replies":[{"embeddable":true,"href":"https:\/\/revistazetta.com\/index.php?rest_route=%2Fwp%2Fv2%2Fcomments&post=45247"}],"version-history":[{"count":0,"href":"https:\/\/revistazetta.com\/index.php?rest_route=\/wp\/v2\/posts\/45247\/revisions"}],"wp:featuredmedia":[{"embeddable":true,"href":"https:\/\/revistazetta.com\/index.php?rest_route=\/wp\/v2\/media\/45248"}],"wp:attachment":[{"href":"https:\/\/revistazetta.com\/index.php?rest_route=%2Fwp%2Fv2%2Fmedia&parent=45247"}],"wp:term":[{"taxonomy":"category","embeddable":true,"href":"https:\/\/revistazetta.com\/index.php?rest_route=%2Fwp%2Fv2%2Fcategories&post=45247"},{"taxonomy":"post_tag","embeddable":true,"href":"https:\/\/revistazetta.com\/index.php?rest_route=%2Fwp%2Fv2%2Ftags&post=45247"}],"curies":[{"name":"wp","href":"https:\/\/api.w.org\/{rel}","templated":true}]}}