{"id":45270,"date":"2022-03-24T08:47:50","date_gmt":"2022-03-24T13:47:50","guid":{"rendered":"https:\/\/revistazetta.com\/?p=45270"},"modified":"2022-03-24T08:47:50","modified_gmt":"2022-03-24T13:47:50","slug":"juliana-da-ejemplo-esta-borrando-la-publicidad-en-murales","status":"publish","type":"post","link":"https:\/\/revistazetta.com\/?p=45270","title":{"rendered":"Juliana da ejemplo: est\u00e1 borrando la publicidad en murales"},"content":{"rendered":"<p>Bol\u00edvar, 24 de marzo de 2022.-\u00a0Con rodillo en mano y pintura blanca, la representante a la C\u00e1mara (electa) por Bol\u00edvar, Juliana Aray Franco, inici\u00f3 la limpieza de los murales donde est\u00e1 plasmada su publicidad pol\u00edtica.<\/p>\n<p>En la hist\u00f3rica y valerosa poblaci\u00f3n de Palenque, Aray Franco y un grupo de voluntarios arrancaron esta jornada que se extender\u00e1 a Cartagena y a otros municipios en las pr\u00f3ximas semanas.<\/p>\n<p><img loading=\"lazy\" decoding=\"async\" class=\"alignnone size-medium wp-image-45272\" src=\"https:\/\/revistazetta.com\/wp-content\/uploads\/2022\/03\/WhatsApp-Image-2022-03-24-at-8.32.00-AM-1-400x300.jpeg\" alt=\"\" width=\"400\" height=\"300\" srcset=\"https:\/\/revistazetta.com\/wp-content\/uploads\/2022\/03\/WhatsApp-Image-2022-03-24-at-8.32.00-AM-1-400x300.jpeg 400w, https:\/\/revistazetta.com\/wp-content\/uploads\/2022\/03\/WhatsApp-Image-2022-03-24-at-8.32.00-AM-1-1024x768.jpeg 1024w, https:\/\/revistazetta.com\/wp-content\/uploads\/2022\/03\/WhatsApp-Image-2022-03-24-at-8.32.00-AM-1-1536x1152.jpeg 1536w, https:\/\/revistazetta.com\/wp-content\/uploads\/2022\/03\/WhatsApp-Image-2022-03-24-at-8.32.00-AM-1.jpeg 1600w\" sizes=\"auto, (max-width: 400px) 100vw, 400px\" \/><\/p>\n<p>\u00abCumpliendo con nuestro deber estamos desarrollando jornadas de limpieza de paredes donde est\u00e1 pintada nuestra publicidad pol\u00edtica, como proceso de responsabilidad con las comunidades y contribuyendo as\u00ed a disminuir la contaminaci\u00f3n visual en el departamento\u00bb, manifest\u00f3 la representante Aray.<\/p>\n<p>En estas primeras jornadas, la congresista cont\u00f3 con el acompa\u00f1amiento de la junta directiva del Consejo Comunitario de Palenque, con quienes se limpiaron m\u00e1s de 10 paredes de este corregimiento.<\/p>\n<p>Aray Franco invit\u00f3 a todos los ciudadanos a que se vinculen desde sus comunidades a esta jornada de limpieza de publicidad pol\u00edtica.<\/p>\n<p><img loading=\"lazy\" decoding=\"async\" class=\"alignnone size-medium wp-image-45271\" src=\"https:\/\/revistazetta.com\/wp-content\/uploads\/2022\/03\/WhatsApp-Image-2022-03-24-at-8.31.59-AM-400x300.jpeg\" alt=\"\" width=\"400\" height=\"300\" srcset=\"https:\/\/revistazetta.com\/wp-content\/uploads\/2022\/03\/WhatsApp-Image-2022-03-24-at-8.31.59-AM-400x300.jpeg 400w, https:\/\/revistazetta.com\/wp-content\/uploads\/2022\/03\/WhatsApp-Image-2022-03-24-at-8.31.59-AM-1024x768.jpeg 1024w, https:\/\/revistazetta.com\/wp-content\/uploads\/2022\/03\/WhatsApp-Image-2022-03-24-at-8.31.59-AM-1536x1152.jpeg 1536w, https:\/\/revistazetta.com\/wp-content\/uploads\/2022\/03\/WhatsApp-Image-2022-03-24-at-8.31.59-AM.jpeg 1600w\" sizes=\"auto, (max-width: 400px) 100vw, 400px\" \/><\/p>\n","protected":false},"excerpt":{"rendered":"<p>Bol\u00edvar, 24 de marzo de 2022.-\u00a0Con rodillo en mano y pintura blanca, la representante a la C\u00e1mara (electa) por Bol\u00edvar, Juliana Aray Franco, inici\u00f3 la limpieza de los murales donde est\u00e1 plasmada su publicidad pol\u00edtica. En la hist\u00f3rica y valerosa poblaci\u00f3n de Palenque, Aray Franco y un grupo de voluntarios arrancaron esta jornada que se extender\u00e1 a Cartagena y a otros municipios en las pr\u00f3ximas semanas. \u00abCumpliendo con nuestro deber estamos desarrollando jornadas de limpieza de paredes donde est\u00e1 pintada nuestra publicidad pol\u00edtica, como proceso de responsabilidad con las comunidades&#8230; <\/p>\n","protected":false},"author":3,"featured_media":45273,"comment_status":"closed","ping_status":"closed","sticky":false,"template":"","format":"standard","meta":{"footnotes":"","_links_to":"","_links_to_target":""},"categories":[4],"tags":[548,298],"class_list":["post-45270","post","type-post","status-publish","format-standard","has-post-thumbnail","hentry","category-politica","tag-juliana-aray","tag-politica"],"_links":{"self":[{"href":"https:\/\/revistazetta.com\/index.php?rest_route=\/wp\/v2\/posts\/45270","targetHints":{"allow":["GET"]}}],"collection":[{"href":"https:\/\/revistazetta.com\/index.php?rest_route=\/wp\/v2\/posts"}],"about":[{"href":"https:\/\/revistazetta.com\/index.php?rest_route=\/wp\/v2\/types\/post"}],"author":[{"embeddable":true,"href":"https:\/\/revistazetta.com\/index.php?rest_route=\/wp\/v2\/users\/3"}],"replies":[{"embeddable":true,"href":"https:\/\/revistazetta.com\/index.php?rest_route=%2Fwp%2Fv2%2Fcomments&post=45270"}],"version-history":[{"count":0,"href":"https:\/\/revistazetta.com\/index.php?rest_route=\/wp\/v2\/posts\/45270\/revisions"}],"wp:featuredmedia":[{"embeddable":true,"href":"https:\/\/revistazetta.com\/index.php?rest_route=\/wp\/v2\/media\/45273"}],"wp:attachment":[{"href":"https:\/\/revistazetta.com\/index.php?rest_route=%2Fwp%2Fv2%2Fmedia&parent=45270"}],"wp:term":[{"taxonomy":"category","embeddable":true,"href":"https:\/\/revistazetta.com\/index.php?rest_route=%2Fwp%2Fv2%2Fcategories&post=45270"},{"taxonomy":"post_tag","embeddable":true,"href":"https:\/\/revistazetta.com\/index.php?rest_route=%2Fwp%2Fv2%2Ftags&post=45270"}],"curies":[{"name":"wp","href":"https:\/\/api.w.org\/{rel}","templated":true}]}}