{"id":45274,"date":"2022-03-24T09:03:21","date_gmt":"2022-03-24T14:03:21","guid":{"rendered":"https:\/\/revistazetta.com\/?p=45274"},"modified":"2022-03-24T09:04:05","modified_gmt":"2022-03-24T14:04:05","slug":"pae-en-bolivar-si-funciona-mientras-en-cartagena-sigue-en-problemas","status":"publish","type":"post","link":"https:\/\/revistazetta.com\/?p=45274","title":{"rendered":"PAE en Bol\u00edvar s\u00ed funciona, mientras en Cartagena sigue en problemas"},"content":{"rendered":"<p><span style=\"color: #0000ff;\"><strong><em>En IE de los municipios, la SED Bol\u00edvar promueve mecanismos de participaci\u00f3n ciudadana que velen por el cumplimiento del PAE.\u00a0Con una serie de capacitaciones, el equipo interdisciplinario del Programa de Alimentaci\u00f3n Escolar de la Secretar\u00eda de Educaci\u00f3n de Bol\u00edvar, invita a rectores, padres de familia, manipuladores de alimentos y estudiantes a conformar los Comit\u00e9s de Alimentaci\u00f3n Escolar, garantes de la prestaci\u00f3n de servicios \u00f3ptimos y oportunos a favor de los ni\u00f1os y ni\u00f1as de nuestro departamento.<\/em><\/strong><\/span><\/p>\n<p><img loading=\"lazy\" decoding=\"async\" class=\"alignnone size-medium wp-image-45278\" src=\"https:\/\/revistazetta.com\/wp-content\/uploads\/2022\/03\/WhatsApp-Image-2022-03-23-at-5.06.20-PM-400x267.jpeg\" alt=\"\" width=\"400\" height=\"267\" srcset=\"https:\/\/revistazetta.com\/wp-content\/uploads\/2022\/03\/WhatsApp-Image-2022-03-23-at-5.06.20-PM-400x267.jpeg 400w, https:\/\/revistazetta.com\/wp-content\/uploads\/2022\/03\/WhatsApp-Image-2022-03-23-at-5.06.20-PM.jpeg 1024w\" sizes=\"auto, (max-width: 400px) 100vw, 400px\" \/><\/p>\n<p><strong>Bol\u00edvar, 24 de marzo de 2022.-<\/strong> El equipo interdisciplinario del Programa de Alimentaci\u00f3n Escolar PAE), de la Secretar\u00eda de Educaci\u00f3n de Bol\u00edvar, en compa\u00f1\u00eda de la Secretar\u00eda de Salud departamental, realiza un recorrido por las Zonas de Desarrollo Econ\u00f3mico y Social (ZODES), que arranc\u00f3 por la Instituci\u00f3n Educativa Mauricio Nelson Visbal del municipio de San Estanislao, donde se abri\u00f3 un espacio de participaci\u00f3n ciudadana en torno al PAE y el fortalecimiento de mecanismos de potabilizaci\u00f3n b\u00e1sicos del agua de consumo.<\/p>\n<p>Las visitas, que ya superan la participaci\u00f3n de m\u00e1s de 350 padres de familia y que adem\u00e1s convocan a rectores, manipuladoras de alimentos y estudiantes, tienen como otro de sus objetivos principales, convocar a dichos actores para que participen en los Comit\u00e9s de Alimentaci\u00f3n Escolar \u2013 CAE, un mecanismo que les permitir\u00e1 velar por la adecuada prestaci\u00f3n del servicio del Plan de Alimentaci\u00f3n Escolar, en las escuelas de Bol\u00edvar.<\/p>\n<p><img loading=\"lazy\" decoding=\"async\" class=\"alignnone size-medium wp-image-45280\" src=\"https:\/\/revistazetta.com\/wp-content\/uploads\/2022\/03\/WhatsApp-Image-2022-03-23-at-5.06.21-PM-400x266.jpeg\" alt=\"\" width=\"400\" height=\"266\" srcset=\"https:\/\/revistazetta.com\/wp-content\/uploads\/2022\/03\/WhatsApp-Image-2022-03-23-at-5.06.21-PM-400x266.jpeg 400w, https:\/\/revistazetta.com\/wp-content\/uploads\/2022\/03\/WhatsApp-Image-2022-03-23-at-5.06.21-PM.jpeg 1024w\" sizes=\"auto, (max-width: 400px) 100vw, 400px\" \/><\/p>\n<p>As\u00ed mismo, a cargo de la nutricionista del equipo PAE, en las reuniones se socializan los ciclos de men\u00fas de los complementos que se entrega en las instituciones educativas focalizadas en el Programa de Alimentaci\u00f3n Escolar, lo cual se replicar\u00e1 en todas las escuelas que hacen parte del cronograma de visitas para este mes y que incluyen las instituciones educativas: I.E. Normal Superior Montes, de Mar\u00eda de San Juan Nepomuceno; IETA Tomasa N\u00e1jera, de Santa Cruz de Mompox y la Instituci\u00f3n Educativa San Jos\u00e9 de Ach\u00ed, sede principal de este mismo municipio.<\/p>\n<p><img loading=\"lazy\" decoding=\"async\" class=\"alignnone size-medium wp-image-45277\" src=\"https:\/\/revistazetta.com\/wp-content\/uploads\/2022\/03\/WhatsApp-Image-2022-03-23-at-5.06.20-PM-1-400x300.jpeg\" alt=\"\" width=\"400\" height=\"300\" srcset=\"https:\/\/revistazetta.com\/wp-content\/uploads\/2022\/03\/WhatsApp-Image-2022-03-23-at-5.06.20-PM-1-400x300.jpeg 400w, https:\/\/revistazetta.com\/wp-content\/uploads\/2022\/03\/WhatsApp-Image-2022-03-23-at-5.06.20-PM-1-1024x768.jpeg 1024w, https:\/\/revistazetta.com\/wp-content\/uploads\/2022\/03\/WhatsApp-Image-2022-03-23-at-5.06.20-PM-1.jpeg 1280w\" sizes=\"auto, (max-width: 400px) 100vw, 400px\" \/><\/p>\n<p>Todos somos PAE<\/p>\n<p>Otra de las apuestas de la Secretar\u00eda de Educaci\u00f3n, en materia de gesti\u00f3n social, es que los padres de familia, rectores e incluso, los mismos personeros estudiantiles, sean conscientes de la valiosa herramienta que tienen a su favor, ya que mediante los CAE podr\u00e1n ejercer veedur\u00eda sobre la prestaci\u00f3n de los servicios del Programa de Alimentaci\u00f3n Escolar y entablar las respectivas denuncias, en el caso de que se presenten irregularidades en sus municipios.<\/p>\n<p>\u201cAtendiendo los cambios de normatividad para el Programa de Alimentaci\u00f3n Escolar, expedidos recientemente por el Gobierno Nacional, mediante la Resoluci\u00f3n No. 335 de 2021, venimos desplegando por todo el Departamento, una ruta de fortalecimiento y apropiaci\u00f3n de dichos lineamientos, y fomentando la conformaci\u00f3n de los Comit\u00e9s de Alimentaci\u00f3n Escolar \u2013 CAE, como instancia que permite el control y la participaci\u00f3n social de diversos actores en aras de garantizar la adecuada implementaci\u00f3n de esta estrategia de permanencia escolar\u201d, indic\u00f3 Alejandra L\u00f3pez, Directora de Cobertura Educativa de la Gobernaci\u00f3n de Bol\u00edvar.<\/p>\n<p><img loading=\"lazy\" decoding=\"async\" class=\"alignnone size-medium wp-image-45279\" src=\"https:\/\/revistazetta.com\/wp-content\/uploads\/2022\/03\/WhatsApp-Image-2022-03-23-at-5.06.21-PM-1-400x266.jpeg\" alt=\"\" width=\"400\" height=\"266\" srcset=\"https:\/\/revistazetta.com\/wp-content\/uploads\/2022\/03\/WhatsApp-Image-2022-03-23-at-5.06.21-PM-1-400x266.jpeg 400w, https:\/\/revistazetta.com\/wp-content\/uploads\/2022\/03\/WhatsApp-Image-2022-03-23-at-5.06.21-PM-1.jpeg 1024w\" sizes=\"auto, (max-width: 400px) 100vw, 400px\" \/><\/p>\n<p>Fomentando la participaci\u00f3n<\/p>\n<p>Luz Nery Ortiz, manipuladora de alimentos de la IETA Tomasa N\u00e1jera, de Santa Cruz de Mompox, aplaudi\u00f3 la visita del equipo PAE de la SED Bol\u00edvar, y asegur\u00f3 que su mayor compromiso radica en hacer un buen trabajo junto a sus compa\u00f1eras, que en muchos casos tambi\u00e9n son madres de los ni\u00f1os de la instituci\u00f3n.<\/p>\n<p>\u00abEn el 2012 inici\u00e9 como manipuladora de alimentos y lo mejor de este trabajo es el amor y cari\u00f1o que podemos ofrecerles a nuestros ni\u00f1os, adem\u00e1s de velar por sus necesidades y derechos\u00bb, manifest\u00f3 Ort\u00edz, quien adem\u00e1s es presidente de la Junta de Acci\u00f3n Comunal del Sector La Isla, del Distrito de Mompox.<\/p>\n<p><img loading=\"lazy\" decoding=\"async\" class=\"alignnone size-medium wp-image-45281\" src=\"https:\/\/revistazetta.com\/wp-content\/uploads\/2022\/03\/WhatsApp-Image-2022-03-23-at-5.06.22-PM-1-400x300.jpeg\" alt=\"\" width=\"400\" height=\"300\" srcset=\"https:\/\/revistazetta.com\/wp-content\/uploads\/2022\/03\/WhatsApp-Image-2022-03-23-at-5.06.22-PM-1-400x300.jpeg 400w, https:\/\/revistazetta.com\/wp-content\/uploads\/2022\/03\/WhatsApp-Image-2022-03-23-at-5.06.22-PM-1-1024x768.jpeg 1024w, https:\/\/revistazetta.com\/wp-content\/uploads\/2022\/03\/WhatsApp-Image-2022-03-23-at-5.06.22-PM-1.jpeg 1280w\" sizes=\"auto, (max-width: 400px) 100vw, 400px\" \/><\/p>\n<p>Por su parte, Ana Maria Arias, rectora de este establecimiento educativo, agradeci\u00f3 la presencia del equipo PAE en territorio, el inter\u00e9s de los padres en el espacio de formaci\u00f3n y capacitaci\u00f3n y se comprometi\u00f3 a seguir haciendo \u00abestricto seguimiento al PAE, por el bienestar de los ni\u00f1os de su municipio\u00bb.<\/p>\n<p><img loading=\"lazy\" decoding=\"async\" class=\"alignnone size-medium wp-image-45276\" src=\"https:\/\/revistazetta.com\/wp-content\/uploads\/2022\/03\/WhatsApp-Image-2022-03-23-at-5.06.19-PM-300x400.jpeg\" alt=\"\" width=\"300\" height=\"400\" srcset=\"https:\/\/revistazetta.com\/wp-content\/uploads\/2022\/03\/WhatsApp-Image-2022-03-23-at-5.06.19-PM-300x400.jpeg 300w, https:\/\/revistazetta.com\/wp-content\/uploads\/2022\/03\/WhatsApp-Image-2022-03-23-at-5.06.19-PM-768x1024.jpeg 768w, https:\/\/revistazetta.com\/wp-content\/uploads\/2022\/03\/WhatsApp-Image-2022-03-23-at-5.06.19-PM.jpeg 956w\" sizes=\"auto, (max-width: 300px) 100vw, 300px\" \/><\/p>\n<p><img loading=\"lazy\" decoding=\"async\" class=\"alignnone size-medium wp-image-45282\" src=\"https:\/\/revistazetta.com\/wp-content\/uploads\/2022\/03\/WhatsApp-Image-2022-03-23-at-5.06.22-PM-400x266.jpeg\" alt=\"\" width=\"400\" height=\"266\" srcset=\"https:\/\/revistazetta.com\/wp-content\/uploads\/2022\/03\/WhatsApp-Image-2022-03-23-at-5.06.22-PM-400x266.jpeg 400w, https:\/\/revistazetta.com\/wp-content\/uploads\/2022\/03\/WhatsApp-Image-2022-03-23-at-5.06.22-PM.jpeg 1024w\" sizes=\"auto, (max-width: 400px) 100vw, 400px\" \/><\/p>\n","protected":false},"excerpt":{"rendered":"<p>En IE de los municipios, la SED Bol\u00edvar promueve mecanismos de participaci\u00f3n ciudadana que velen por el cumplimiento del PAE.\u00a0Con una serie de capacitaciones, el equipo interdisciplinario del Programa de Alimentaci\u00f3n Escolar de la Secretar\u00eda de Educaci\u00f3n de Bol\u00edvar, invita a rectores, padres de familia, manipuladores de alimentos y estudiantes a conformar los Comit\u00e9s de Alimentaci\u00f3n Escolar, garantes de la prestaci\u00f3n de servicios \u00f3ptimos y oportunos a favor de los ni\u00f1os y ni\u00f1as de nuestro departamento. Bol\u00edvar, 24 de marzo de 2022.- El equipo interdisciplinario del Programa de Alimentaci\u00f3n Escolar&#8230; <\/p>\n","protected":false},"author":3,"featured_media":45275,"comment_status":"closed","ping_status":"closed","sticky":false,"template":"","format":"standard","meta":{"footnotes":"","_links_to":"","_links_to_target":""},"categories":[33,80],"tags":[73,378,727,300],"class_list":["post-45274","post","type-post","status-publish","format-standard","has-post-thumbnail","hentry","category-actualidad-bolivar","category-region","tag-bolivar","tag-educacion","tag-pae","tag-region"],"_links":{"self":[{"href":"https:\/\/revistazetta.com\/index.php?rest_route=\/wp\/v2\/posts\/45274","targetHints":{"allow":["GET"]}}],"collection":[{"href":"https:\/\/revistazetta.com\/index.php?rest_route=\/wp\/v2\/posts"}],"about":[{"href":"https:\/\/revistazetta.com\/index.php?rest_route=\/wp\/v2\/types\/post"}],"author":[{"embeddable":true,"href":"https:\/\/revistazetta.com\/index.php?rest_route=\/wp\/v2\/users\/3"}],"replies":[{"embeddable":true,"href":"https:\/\/revistazetta.com\/index.php?rest_route=%2Fwp%2Fv2%2Fcomments&post=45274"}],"version-history":[{"count":0,"href":"https:\/\/revistazetta.com\/index.php?rest_route=\/wp\/v2\/posts\/45274\/revisions"}],"wp:featuredmedia":[{"embeddable":true,"href":"https:\/\/revistazetta.com\/index.php?rest_route=\/wp\/v2\/media\/45275"}],"wp:attachment":[{"href":"https:\/\/revistazetta.com\/index.php?rest_route=%2Fwp%2Fv2%2Fmedia&parent=45274"}],"wp:term":[{"taxonomy":"category","embeddable":true,"href":"https:\/\/revistazetta.com\/index.php?rest_route=%2Fwp%2Fv2%2Fcategories&post=45274"},{"taxonomy":"post_tag","embeddable":true,"href":"https:\/\/revistazetta.com\/index.php?rest_route=%2Fwp%2Fv2%2Ftags&post=45274"}],"curies":[{"name":"wp","href":"https:\/\/api.w.org\/{rel}","templated":true}]}}