{"id":45312,"date":"2022-03-29T08:56:27","date_gmt":"2022-03-29T13:56:27","guid":{"rendered":"https:\/\/revistazetta.com\/?p=45312"},"modified":"2022-03-29T08:56:27","modified_gmt":"2022-03-29T13:56:27","slug":"cartagena-aprovecho-la-vitrina-mundial-de-expodubai-2020","status":"publish","type":"post","link":"https:\/\/revistazetta.com\/?p=45312","title":{"rendered":"Cartagena aprovech\u00f3 la vitrina mundial de ExpoDubai 2020"},"content":{"rendered":"<p><strong>Cartagena de Indias, 29 de marzo de 2022.-<\/strong> Como \u00edcono del turismo, industrial y cultural de Colombia, Cartagena se tom\u00f3 el pabell\u00f3n del pa\u00eds en ExpoDubai 2020 para mostrarse como un destino de talla mundial, dando a conocer sus ventajas competitivas y de atracci\u00f3n de proyectos que incentiven la competitividad, la sostenibilidad econ\u00f3mica y social del territorio.<\/p>\n<p>En el marco de la feria comercial m\u00e1s importante del mundo, el pabell\u00f3n de Colombia ha recibido m\u00e1s de 1.400.000 visitas. Cartagena cont\u00f3 con dos d\u00edas exclusivos en el que se presentaron las potencialidades de invertir en la ciudad ante fondos de inversi\u00f3n de diversos pa\u00edses. La participaci\u00f3n de Cartagena coincidi\u00f3 tambi\u00e9n con la visi\u00f3n del pa\u00eds de fortalecer su sector tur\u00edstico, destacando, adem\u00e1s, su posici\u00f3n como hub industrial, exportador y comercial.<\/p>\n<div id=\"attachment_45314\" style=\"width: 410px\" class=\"wp-caption alignnone\"><img loading=\"lazy\" decoding=\"async\" aria-describedby=\"caption-attachment-45314\" class=\"wp-image-45314 size-medium\" src=\"https:\/\/revistazetta.com\/wp-content\/uploads\/2022\/03\/5-Reunion-con-DMCC-400x268.jpeg\" alt=\"\" width=\"400\" height=\"268\" srcset=\"https:\/\/revistazetta.com\/wp-content\/uploads\/2022\/03\/5-Reunion-con-DMCC-400x268.jpeg 400w, https:\/\/revistazetta.com\/wp-content\/uploads\/2022\/03\/5-Reunion-con-DMCC.jpeg 1024w\" sizes=\"auto, (max-width: 400px) 100vw, 400px\" \/><p id=\"caption-attachment-45314\" class=\"wp-caption-text\">Maria Camila Salas, directora de Invest in Cartagena, en el Sharjah Research Technology an Innovation Park, uno de los centros de desarrollo cient\u00edfico m\u00e1s importantes del mundo, en compa\u00f1a de agencias de inversiones de Colombia.<\/p><\/div>\n<p>Mar\u00eda Camila Salas, directora ejecutiva de Invest in Cartagena, estuvo en Expodubai promocionando a la ciudad; mostrando las ventajas de sus sectores econ\u00f3micos priorizados: el petroqu\u00edmico pl\u00e1stico, el metalmec\u00e1nico, el log\u00edstico portuario, agroindustrial, construcci\u00f3n, turismo y energ\u00edas renovables. Salas indic\u00f3 que durante las reuniones hubo gran inter\u00e9s en invertir especialmente en energ\u00edas renovables, salud, innovaci\u00f3n, sostenibilidad, servicios tecnol\u00f3gicos y AgriTech -tecnolog\u00eda al servicio del campo-, por ser Emiratos \u00c1rabes Unidos pionera en dichas \u00e1reas.<\/p>\n<p>\u201cEstuvimos en ExpoDubai y en el Global Business Forum promocionando a Cartagena como un destino de talla mundial ante fondos de inversi\u00f3n, con todas sus potencialidades y proyectos p\u00fablico- privados; generando alianzas estrat\u00e9gicas que nos ayuden a consolidar nuestro desarrollo social y sostenible para nuestro territorio\u201d, manifest\u00f3 Mar\u00eda Camila Salas.<\/p>\n<p>La participaci\u00f3n de Cartagena en ExpoDubai 2020 hace parte del programa \u201cCartagena, Destino de Inversi\u00f3n\u201d, una alianza entre el Distrito bajo el liderazgo de la Secretar\u00eda de Hacienda, e Invest in Cartagena, enmarcado en el Plan de Desarrollo para posicionar y fortalecer a la capital bolivarense en el sector tur\u00edstico y empresarial, mediante acciones que promuevan el mejoramiento del clima de negocios.<\/p>\n<p>\u201cNuestro objetivo es que inversionistas de calidad, de diferentes partes del mundo, fijen sus ojos en las oportunidades que brinda Cartagena para invertir, que nos demos a conocer m\u00e1s all\u00e1 del turismo, ya que tenemos adem\u00e1s de esta gran potencialidad, otras \u00e1reas fuertes como la industria y nuestra ubicaci\u00f3n geogr\u00e1fica que facilita la conectividad. Atraer inversionistas abre las posibilidades de m\u00e1s y mejores oportunidades laborales, de una dinamizaci\u00f3n de la econom\u00eda favorable para todos\u201d, precis\u00f3 Diana Villalba Vallejo, secretaria de Hacienda.<\/p>\n<div id=\"attachment_45313\" style=\"width: 410px\" class=\"wp-caption alignnone\"><img loading=\"lazy\" decoding=\"async\" aria-describedby=\"caption-attachment-45313\" class=\"wp-image-45313 size-medium\" src=\"https:\/\/revistazetta.com\/wp-content\/uploads\/2022\/03\/1-Visita-pabellon-colombia--400x267.jpg\" alt=\"\" width=\"400\" height=\"267\" srcset=\"https:\/\/revistazetta.com\/wp-content\/uploads\/2022\/03\/1-Visita-pabellon-colombia--400x267.jpg 400w, https:\/\/revistazetta.com\/wp-content\/uploads\/2022\/03\/1-Visita-pabellon-colombia--1024x683.jpg 1024w, https:\/\/revistazetta.com\/wp-content\/uploads\/2022\/03\/1-Visita-pabellon-colombia--1536x1024.jpg 1536w, https:\/\/revistazetta.com\/wp-content\/uploads\/2022\/03\/1-Visita-pabellon-colombia--2048x1365.jpg 2048w\" sizes=\"auto, (max-width: 400px) 100vw, 400px\" \/><p id=\"caption-attachment-45313\" class=\"wp-caption-text\">Mar\u00eda Camila Salas, directora de Invest in Cartagena junto con Manuel Prada, Gerente General de Colombia Expo Dub\u00e1i 2020; Manuela Uribe, subdirectora comercial y Paola Pinilla, Business Liaison de Colombia Expo Dub\u00e1i; en la fachada del pabell\u00f3n Colombia.<\/p><\/div>\n<p><strong>Gesti\u00f3n en Expodubai<\/strong><\/p>\n<p>De la mano de Procolombia, liderado por su presidenta Flavia Santoro, se desarrollaron agendas simult\u00e1neas con las Agencias de Inversiones del pa\u00eds, entre las cuales se destaca el International Holding Company (IHC), que tiene inversiones en m\u00e1s de 300 empresas en el sector salud, agricultura, turismo, servicios IT, energ\u00edas renovables, inmobiliarias y manufactura, y a quienes se presentaron los megaproyectos priorizados por la Alcald\u00eda de Cartagena como el Parque Tem\u00e1tico, Sistema de Drenajes Pluviales, la Planta de Energ\u00eda Solar, la Planta de Tratamiento de Residuos y el megaproyecto del Canal Dique.<\/p>\n<div id=\"attachment_45316\" style=\"width: 410px\" class=\"wp-caption alignnone\"><img loading=\"lazy\" decoding=\"async\" aria-describedby=\"caption-attachment-45316\" class=\"wp-image-45316 size-medium\" src=\"https:\/\/revistazetta.com\/wp-content\/uploads\/2022\/03\/8-Sharjah-Research-Technology-an-Innovation-Park-400x180.jpeg\" alt=\"\" width=\"400\" height=\"180\" srcset=\"https:\/\/revistazetta.com\/wp-content\/uploads\/2022\/03\/8-Sharjah-Research-Technology-an-Innovation-Park-400x180.jpeg 400w, https:\/\/revistazetta.com\/wp-content\/uploads\/2022\/03\/8-Sharjah-Research-Technology-an-Innovation-Park.jpeg 1024w\" sizes=\"auto, (max-width: 400px) 100vw, 400px\" \/><p id=\"caption-attachment-45316\" class=\"wp-caption-text\">Maria Camila Salas, directora de Invest in Cartagena, en el Sharjah Research Technology an Innovation Park, uno de los centros de desarrollo cient\u00edfico m\u00e1s importantes del mundo, en compa\u00f1a de agencias de inversiones de Colombia.<\/p><\/div>\n<p>En la agenda de reuniones tambi\u00e9n participaron el embajador de Colombia en Emiratos \u00c1rabes Unidos, Jaime Am\u00edn; el presidente de Bancoldex, Javier D\u00edaz; el director de Colombia Productiva, Camilo Fern\u00e1ndez; y Agencias de Inversiones del pa\u00eds como Invest in Bogot\u00e1, Probarranquilla, ACI Medell\u00edn, Invest in Tolima e Invest Orinoquia.<\/p>\n<p>Cartagena tambi\u00e9n particip\u00f3 en el Global Business Forum (GBF) que busca forjar sinergias para expandir el alcance de la cooperaci\u00f3n internacional entre empresas de Emiratos \u00c1rabes Unidos y Am\u00e9rica Latina, abriendo espacios con fondos de inversi\u00f3n, l\u00edderes y organizaciones innovadoras que buscan redefinir el mercado bilateral. Como resultados se espera que Colombia adelante las negociaciones con Emiratos \u00c1rabes Unidos en un tratado de libre comercio que abrir\u00eda nuevas oportunidades para inversiones y exportaciones. De igual manera, se prev\u00e9 una misi\u00f3n para el pa\u00eds antes de finalizar el primer semestre del a\u00f1o.<\/p>\n<p>En este 2022, adicional a la participaci\u00f3n de Expodubai de la que Cartagena hace parte desde mediados de 2021, se reactivaron las giras presenciales internacionales y nacionales, en los mercados priorizados con Procolombia: En Am\u00e9rica, M\u00e9xico y Estados Unidos; en Europa, Holanda, Espa\u00f1a y Alemania; y Asia. Las nacionales se realizar\u00e1n enfocadas en la estrategia de relocalizaci\u00f3n de empresas exportadoras en ciudades como Bogot\u00e1, Medell\u00edn y Cali.<\/p>\n<p>&nbsp;<\/p>\n<p>&nbsp;<\/p>\n","protected":false},"excerpt":{"rendered":"<p>Cartagena de Indias, 29 de marzo de 2022.- Como \u00edcono del turismo, industrial y cultural de Colombia, Cartagena se tom\u00f3 el pabell\u00f3n del pa\u00eds en ExpoDubai 2020 para mostrarse como un destino de talla mundial, dando a conocer sus ventajas competitivas y de atracci\u00f3n de proyectos que incentiven la competitividad, la sostenibilidad econ\u00f3mica y social del territorio. En el marco de la feria comercial m\u00e1s importante del mundo, el pabell\u00f3n de Colombia ha recibido m\u00e1s de 1.400.000 visitas. Cartagena cont\u00f3 con dos d\u00edas exclusivos en el que se presentaron las&#8230; <\/p>\n","protected":false},"author":3,"featured_media":45317,"comment_status":"closed","ping_status":"closed","sticky":false,"template":"","format":"standard","meta":{"footnotes":"","_links_to":"","_links_to_target":""},"categories":[2],"tags":[294,730,731],"class_list":["post-45312","post","type-post","status-publish","format-standard","has-post-thumbnail","hentry","category-actualidad","tag-actualidad","tag-expodubai","tag-invest-in-cartagena"],"_links":{"self":[{"href":"https:\/\/revistazetta.com\/index.php?rest_route=\/wp\/v2\/posts\/45312","targetHints":{"allow":["GET"]}}],"collection":[{"href":"https:\/\/revistazetta.com\/index.php?rest_route=\/wp\/v2\/posts"}],"about":[{"href":"https:\/\/revistazetta.com\/index.php?rest_route=\/wp\/v2\/types\/post"}],"author":[{"embeddable":true,"href":"https:\/\/revistazetta.com\/index.php?rest_route=\/wp\/v2\/users\/3"}],"replies":[{"embeddable":true,"href":"https:\/\/revistazetta.com\/index.php?rest_route=%2Fwp%2Fv2%2Fcomments&post=45312"}],"version-history":[{"count":0,"href":"https:\/\/revistazetta.com\/index.php?rest_route=\/wp\/v2\/posts\/45312\/revisions"}],"wp:featuredmedia":[{"embeddable":true,"href":"https:\/\/revistazetta.com\/index.php?rest_route=\/wp\/v2\/media\/45317"}],"wp:attachment":[{"href":"https:\/\/revistazetta.com\/index.php?rest_route=%2Fwp%2Fv2%2Fmedia&parent=45312"}],"wp:term":[{"taxonomy":"category","embeddable":true,"href":"https:\/\/revistazetta.com\/index.php?rest_route=%2Fwp%2Fv2%2Fcategories&post=45312"},{"taxonomy":"post_tag","embeddable":true,"href":"https:\/\/revistazetta.com\/index.php?rest_route=%2Fwp%2Fv2%2Ftags&post=45312"}],"curies":[{"name":"wp","href":"https:\/\/api.w.org\/{rel}","templated":true}]}}