{"id":45448,"date":"2022-04-20T16:00:17","date_gmt":"2022-04-20T21:00:17","guid":{"rendered":"https:\/\/revistazetta.com\/?p=45448"},"modified":"2022-04-20T16:02:50","modified_gmt":"2022-04-20T21:02:50","slug":"la-universidad-de-cartagena-si-es-un-nido-de-ratas-como-dijo-dau-diputado-jose-felix-garcia-turbay","status":"publish","type":"post","link":"https:\/\/revistazetta.com\/?p=45448","title":{"rendered":"\u00abLa Universidad de Cartagena s\u00ed es un nido de ratas, como dijo Dau\u00bb: Diputado Jos\u00e9 F\u00e9lix Garc\u00eda Turbay"},"content":{"rendered":"<p><strong>Cartagena de Indias, 20 de abril de 2022.-<\/strong> El Consejo Superior de la Universidad de Cartagena no puede permanecer silente ni indiferente ante la cuestionada gesti\u00f3n del rector Edgar Parra Chac\u00f3n y las sombras sobre la terna que aspira a sucederlo, sostuvo el diputado Jos\u00e9 F\u00e9lix Garc\u00eda Turbay en entrevista con el director de Revista Zetta, John Zamora.<\/p>\n<p>El dirigente del partido Liberal tambi\u00e9n urgi\u00f3 la intervenci\u00f3n de la Fiscal\u00eda General de la Naci\u00f3n, e invit\u00f3 a la ciudadan\u00eda y estamentos acad\u00e9micos defender a la Universidad de presuntos malos manejos.<\/p>\n<p>Garc\u00eda Turbay dijo que el Alcalde de Cartagena, William Dau, ten\u00eda raz\u00f3n cuando afirm\u00f3 que la Universidad de Cartagena era un \u00abnido de ratas\u00bb, apreciaci\u00f3n que comparte pero con una diferencia: ahora el diputado tiene documentos que lo sustentan.<\/p>\n<p>Es de recordar que en 2020, el mandatario local public\u00f3 un video en sus redes sociales en el que arremet\u00eda contra los directivos de la Universidad de Cartagena, motivo por el cual fue tutelado y debi\u00f3 rectificar.<\/p>\n<p>Garc\u00eda Turbay dijo que no tiene ning\u00fan inter\u00e9s pol\u00edtico en la elecci\u00f3n de rector, y por ello pide que se cambie la terna, que llegue gente con total integridad moral y profesional.<\/p>\n<p>Anticip\u00f3 que esta cruzada por la universidad p\u00fablica ser\u00e1 una de sus \u00faltimas tareas en la Asamblea Departamental de Bol\u00edvar, pues ya no aspirar\u00e1 a esa corporaci\u00f3n.<\/p>\n<p>Espera que el presidente Iv\u00e1n Duque; la ministra de Educaci\u00f3n, Mar\u00eda Victoria Angulo; el gobernador de Bol\u00edvar, Vicente Blel Scaff, as\u00ed como los representantes de los gremios y los estudiantes en el Consejo Superior de la Universidad de Cartagena, se pronuncien sobre lo que est\u00e1 sucediendo en la entidad acad\u00e9mica.<\/p>\n<p>Esta es la entrevista con John Zamora, publicada en nuestro canal de YouTube:<\/p>\n<p><iframe loading=\"lazy\" title=\"YouTube video player\" src=\"https:\/\/www.youtube.com\/embed\/MoZdvY6hsk4\" width=\"560\" height=\"315\" frameborder=\"0\" allowfullscreen=\"allowfullscreen\"><\/iframe><\/p>\n<p>&nbsp;<\/p>\n<p>&nbsp;<\/p>\n","protected":false},"excerpt":{"rendered":"<p>Cartagena de Indias, 20 de abril de 2022.- El Consejo Superior de la Universidad de Cartagena no puede permanecer silente ni indiferente ante la cuestionada gesti\u00f3n del rector Edgar Parra Chac\u00f3n y las sombras sobre la terna que aspira a sucederlo, sostuvo el diputado Jos\u00e9 F\u00e9lix Garc\u00eda Turbay en entrevista con el director de Revista Zetta, John Zamora. El dirigente del partido Liberal tambi\u00e9n urgi\u00f3 la intervenci\u00f3n de la Fiscal\u00eda General de la Naci\u00f3n, e invit\u00f3 a la ciudadan\u00eda y estamentos acad\u00e9micos defender a la Universidad de presuntos malos manejos&#8230;. <\/p>\n","protected":false},"author":3,"featured_media":45449,"comment_status":"closed","ping_status":"closed","sticky":false,"template":"","format":"standard","meta":{"footnotes":"","_links_to":"","_links_to_target":""},"categories":[28,75,4],"tags":[176,285,764,763,765,298,231,230],"class_list":["post-45448","post","type-post","status-publish","format-standard","has-post-thumbnail","hentry","category-politica-asamblea","category-destacada","category-politica","tag-asamblea-departamental","tag-destacada","tag-edgar-parra","tag-eleccion-rector","tag-jose-felix-garcia","tag-politica","tag-udc","tag-universidad-de-cartagena"],"_links":{"self":[{"href":"https:\/\/revistazetta.com\/index.php?rest_route=\/wp\/v2\/posts\/45448","targetHints":{"allow":["GET"]}}],"collection":[{"href":"https:\/\/revistazetta.com\/index.php?rest_route=\/wp\/v2\/posts"}],"about":[{"href":"https:\/\/revistazetta.com\/index.php?rest_route=\/wp\/v2\/types\/post"}],"author":[{"embeddable":true,"href":"https:\/\/revistazetta.com\/index.php?rest_route=\/wp\/v2\/users\/3"}],"replies":[{"embeddable":true,"href":"https:\/\/revistazetta.com\/index.php?rest_route=%2Fwp%2Fv2%2Fcomments&post=45448"}],"version-history":[{"count":0,"href":"https:\/\/revistazetta.com\/index.php?rest_route=\/wp\/v2\/posts\/45448\/revisions"}],"wp:featuredmedia":[{"embeddable":true,"href":"https:\/\/revistazetta.com\/index.php?rest_route=\/wp\/v2\/media\/45449"}],"wp:attachment":[{"href":"https:\/\/revistazetta.com\/index.php?rest_route=%2Fwp%2Fv2%2Fmedia&parent=45448"}],"wp:term":[{"taxonomy":"category","embeddable":true,"href":"https:\/\/revistazetta.com\/index.php?rest_route=%2Fwp%2Fv2%2Fcategories&post=45448"},{"taxonomy":"post_tag","embeddable":true,"href":"https:\/\/revistazetta.com\/index.php?rest_route=%2Fwp%2Fv2%2Ftags&post=45448"}],"curies":[{"name":"wp","href":"https:\/\/api.w.org\/{rel}","templated":true}]}}