{"id":45537,"date":"2022-04-26T12:09:09","date_gmt":"2022-04-26T17:09:09","guid":{"rendered":"https:\/\/revistazetta.com\/?p=45537"},"modified":"2022-04-26T12:09:09","modified_gmt":"2022-04-26T17:09:09","slug":"por-no-publicar-proceso-del-pae-2020-solicitan-suspension-de-guillermo-torres-alcalde-de-turbaco","status":"publish","type":"post","link":"https:\/\/revistazetta.com\/?p=45537","title":{"rendered":"Por no publicar proceso del PAE 2020, solicitan suspensi\u00f3n de Guillermo Torres, alcalde de Turbaco"},"content":{"rendered":"<p><strong>Turbaco, 26 de abril de 2022.-<\/strong>\u00a0La Veedur\u00eda Ciudadana Para la Atenci\u00f3n Social y Comunitaria Nacional (Veecorponacional) solicit\u00f3 a Margarita Cabello Blanco, procuradora general de la Naci\u00f3n, ordene la suspensi\u00f3n inmediata del cargo al alcalde de Turbaco, Guillermo Torres Cueter, por no publicar actos administrativos dentro de los procesos de la licitaci\u00f3n publica N\u00ba. LP-002-2020, correspondiente al Programa de Alimentaci\u00f3n Escolar (PAE) 2020.<br \/>\nSeg\u00fan Rafael Castro Otero, presidente de Veecorponacional,\u201d la Alcald\u00eda de Turbaco hasta la fecha del 18 de junio de 2020, cuando se firm\u00f3 el contrato de licitaci\u00f3n p\u00fablica LP-002-2020, no public\u00f3 la oferta del proponente ganador, entonces es claro y probado que la adjudicaci\u00f3n del contrato demor\u00f3 m\u00e1s de 3 d\u00edas h\u00e1biles, seg\u00fan Resoluci\u00f3n N\u00ba 129 del 17 de junio de 2020, por lo tanto al no publicarlo como se\u00f1ala la norma se configura una grave falta disciplinaria para el Comit\u00e9 Evaluador de Contrataci\u00f3n (Jur\u00eddico, T\u00e9cnico, y Otros) y su Secretario competente, (Planeaci\u00f3n o Infraestructura, Jur\u00eddica) junto con sus contratistas por Ops, puesto que, se violaron disposiciones legales.<\/p>\n<p>El contrato, cuyo valor fue de $365\u00b4780.968 fue adjudicado a la Fundaci\u00f3n Alimentando a Colombia, cuyo representante legal es Juan Carlos R\u00edos Quintana. El mismo fue liquidado el d\u00eda 17 de diciembre.<\/p>\n<p>\u201cLa Entidad Estatal est\u00e1 obligada a publicar en el Secop los documentos y los actos administrativos del proceso de contrataci\u00f3n, dentro de los tres (3) d\u00edas siguientes a su expedici\u00f3n. La oferta que debe ser publicada es la del adjudicatario del Proceso de Contrataci\u00f3n, en suma a lo anterior es claro que la entidad no public\u00f3 correctamente y hasta la fecha, el contrato estatal\u201d, dijo castro Otero.<br \/>\nAdem\u00e1s de la suspensi\u00f3n inmediata del cargo de alcalde de Turbaco, Veecorponacional solicita a la Procuradur\u00eda General de la Naci\u00f3n \u00a0que si la entidad denunciada publica dicho documento:\u00a0 la falta disciplinaria se investigue a t\u00edtulo de dolo; toda vez que, se deduce que el servidor p\u00fablico o contratista asesor del comit\u00e9 evaluador, no hab\u00eda publicado los documentos dentro de 3 d\u00edas h\u00e1biles siguientes a su expedici\u00f3n, puesto que, con base al Decreto 1082 de 2015 y los par\u00e1metros de publicidad de conformidad con el principio de transparencia ( Ley 80 de1993 ) vemos que el operador administrativo actu\u00f3 con conocimiento\u201d.<\/p>\n","protected":false},"excerpt":{"rendered":"<p>Turbaco, 26 de abril de 2022.-\u00a0La Veedur\u00eda Ciudadana Para la Atenci\u00f3n Social y Comunitaria Nacional (Veecorponacional) solicit\u00f3 a Margarita Cabello Blanco, procuradora general de la Naci\u00f3n, ordene la suspensi\u00f3n inmediata del cargo al alcalde de Turbaco, Guillermo Torres Cueter, por no publicar actos administrativos dentro de los procesos de la licitaci\u00f3n publica N\u00ba. LP-002-2020, correspondiente al Programa de Alimentaci\u00f3n Escolar (PAE) 2020. Seg\u00fan Rafael Castro Otero, presidente de Veecorponacional,\u201d la Alcald\u00eda de Turbaco hasta la fecha del 18 de junio de 2020, cuando se firm\u00f3 el contrato de licitaci\u00f3n p\u00fablica&#8230; <\/p>\n","protected":false},"author":3,"featured_media":45538,"comment_status":"closed","ping_status":"closed","sticky":false,"template":"","format":"standard","meta":{"footnotes":"","_links_to":"","_links_to_target":""},"categories":[83,80],"tags":[781,305,727,300],"class_list":["post-45537","post","type-post","status-publish","format-standard","has-post-thumbnail","hentry","category-municipios","category-region","tag-alcalde-de-turbaco","tag-municipios","tag-pae","tag-region"],"_links":{"self":[{"href":"https:\/\/revistazetta.com\/index.php?rest_route=\/wp\/v2\/posts\/45537","targetHints":{"allow":["GET"]}}],"collection":[{"href":"https:\/\/revistazetta.com\/index.php?rest_route=\/wp\/v2\/posts"}],"about":[{"href":"https:\/\/revistazetta.com\/index.php?rest_route=\/wp\/v2\/types\/post"}],"author":[{"embeddable":true,"href":"https:\/\/revistazetta.com\/index.php?rest_route=\/wp\/v2\/users\/3"}],"replies":[{"embeddable":true,"href":"https:\/\/revistazetta.com\/index.php?rest_route=%2Fwp%2Fv2%2Fcomments&post=45537"}],"version-history":[{"count":0,"href":"https:\/\/revistazetta.com\/index.php?rest_route=\/wp\/v2\/posts\/45537\/revisions"}],"wp:featuredmedia":[{"embeddable":true,"href":"https:\/\/revistazetta.com\/index.php?rest_route=\/wp\/v2\/media\/45538"}],"wp:attachment":[{"href":"https:\/\/revistazetta.com\/index.php?rest_route=%2Fwp%2Fv2%2Fmedia&parent=45537"}],"wp:term":[{"taxonomy":"category","embeddable":true,"href":"https:\/\/revistazetta.com\/index.php?rest_route=%2Fwp%2Fv2%2Fcategories&post=45537"},{"taxonomy":"post_tag","embeddable":true,"href":"https:\/\/revistazetta.com\/index.php?rest_route=%2Fwp%2Fv2%2Ftags&post=45537"}],"curies":[{"name":"wp","href":"https:\/\/api.w.org\/{rel}","templated":true}]}}