{"id":45539,"date":"2022-04-26T12:22:26","date_gmt":"2022-04-26T17:22:26","guid":{"rendered":"https:\/\/revistazetta.com\/?p=45539"},"modified":"2022-04-26T12:29:32","modified_gmt":"2022-04-26T17:29:32","slug":"consejo-gremial-le-hace-el-mandado-a-dau-y-pide-al-concejo-endeudar-mas-a-cartagena","status":"publish","type":"post","link":"https:\/\/revistazetta.com\/?p=45539","title":{"rendered":"Consejo Gremial le \u00abhace el mandado\u00bb a Dau y pide al Concejo endeudar m\u00e1s a Cartagena"},"content":{"rendered":"<div class=\"page\" title=\"Page 1\">\n<div class=\"layoutArea\">\n<div class=\"column\">\n<p><strong>Cartagena de Indias, 26 de abril de 2022.-<\/strong> A la presi\u00f3n medi\u00e1tica del alcalde William Dau se sum\u00f3 el Consejo Gremial de Bol\u00edvar para que el Concejo apruebe un empr\u00e9stito cuya justificaci\u00f3n sigue et\u00e9rea.<\/p>\n<p>Dau, que la ha emprendido contra los gremios en distintas ocasiones, y tambi\u00e9n ha arremetido personalmente contra sus integrantes, recibe este respaldo con la misma argumentaci\u00f3n del discurso oficial: el Consejo Gremial esgrime las mismas justificaciones del Palacio de la Aduana, y, de igual forma, desconoce las repetidas reincorporaciones al presupuesto, indicativas de la carencia de gesti\u00f3n presupuestal del gobierno local.<\/p>\n<p>Si un gerente de una empresa de Mamonal no ejecuta lo que le se\u00f1ala su Junta Directiva, lo m\u00e1s probable es que sea cesado del cargo por ineficiente, pero este mismo criterio no se aprecia cuando se trata del sector p\u00fablico, un rasero inexplicable que distingue al alica\u00eddo Consejo Gremial de Bol\u00edvar.<\/p>\n<p>Este es el comunicado expedido por esa organizaci\u00f3n que agrupa a Acrip, Andi, Camacol, Cotelco, Anato, Asotelca, C\u00e1mara de Comercio y Fenalco:<\/p>\n<p>&nbsp;<\/p>\n<p><span style=\"color: #000080;\"><em>El Consejo Gremial de Boli\u0301var invita a los Concejales del Distrito a que acompan\u0303en los propo\u0301sitos del Proyecto de Acuerdo No. 119 y autoricen una operacio\u0301n de cre\u0301dito pu\u0301blico para financiar inversiones enmarcadas en el Plan de Desarrollo.<\/em><\/span><\/p>\n<p><span style=\"color: #000080;\"><em>El 6 de abril se llevo\u0301 a cabo en el Concejo Distrital la audiencia pu\u0301blica del Proyecto de Acuerdo No. 119 que busca autorizar a la Alcaldi\u0301a para realizar una operacio\u0301n de cre\u0301dito pu\u0301blico por 160 mil millones de pesos como fuente de financiacio\u0301n al programa de inversiones del Plan de Desarrollo, especi\u0301ficamente para los rubros de: infraestructura educativa en colegios pu\u0301blicos, implementacio\u0301n del fondo de desintegracio\u0301n de vehi\u0301culos de transporte pu\u0301blico, pavimentacio\u0301n de vi\u0301as, habitabilidad y construccio\u0301n de alcantarillado de Bayunca y Pontezuela. El di\u0301a 13 del mismo mes se surtio\u0301 el primer debate de este Proyecto.<\/em><\/span><\/p>\n<p><span style=\"color: #000080;\"><em>Las inversiones presentadas para ser sujeto de financiacio\u0301n a trave\u0301s de este cre\u0301dito, suponen una mejora directa en la calidad de vida de ma\u0301s de 50 mil ciudadanos de las zonas ma\u0301s vulnerables de la ciudad. El rezago de inversio\u0301n en infraestructura es notorio en todos los sectores, especialmente en el educativo, en la malla vial, y en las redes de alcantarillado. Desde el Consejo Gremial de Boli\u0301var consideramos que las iniciativas de inversio\u0301n presentadas en el Proyecto de Acuerdo No. 119 son coherentes con las prioridades del plan de desarrollo Distrital, puntualmente en la superacio\u0301n de la pobreza, en el entendido que este es un asunto cuyo abordaje es multidimensional:<\/em><\/span><\/p>\n<ul>\n<li><span style=\"color: #000080;\"><em>Uno de los aspectos ma\u0301s urgentes en la lucha contra la pobreza es el cierre de brechas en el acceso a agua potable y saneamiento ba\u0301sico. Por lo tanto, celebramos todos los esfuerzos que este\u0301n encaminados a este objetivo, como la construccio\u0301n del alcantarillado de Bayunca y Pontezuela, ma\u0301xime cuando corresponde al cumplimiento de una accio\u0301n judicial del 2011 y que contara\u0301 con la cofinanciacio\u0301n del gobierno nacional en un 60%, recursos que estari\u0301an en riesgo si no se garantiza la contrapartida del Distrito.<\/em><\/span><\/li>\n<li><span style=\"color: #000080;\"><em>Destacamos los esfuerzos para la superacio\u0301n de la pobreza extrema, con las inversiones que se esperan realizar en procura de la transformacio\u0301n de la habitabilidad, mediante la intervencio\u0301n hidrosanitaria de al menos 2.357 viviendas.<\/em><\/span><\/li>\n<li><span style=\"color: #000080;\"><em>Con las inversiones esperadas en infraestructura educativa que beneficiaria\u0301n a los nin\u0303os y jo\u0301venes de 21 Instituciones Educativas, se estari\u0301a contribuyendo a las estrategias de retencio\u0301n escolar, asi\u0301 como de aumento en la cobertura. Estos recursos seri\u0301an un aporte importante en el corto plazo para transitar la senda hacia el cumplimiento de esta\u0301ndares nacionales e internacionales en procura de ambientes escolares o\u0301ptimos y seguros.<\/em><\/span><\/li>\n<li><span style=\"color: #000080;\"><em>La necesidad de pavimentacio\u0301n de vi\u0301as responde al cumplimiento de acciones populares interpuestas por las comunidades. Estas inversiones son legi\u0301timas y fundamentales para reducir desigualdades. Son 15,56 Km de malla vial a intervenir en 11 proyectos.<\/em><\/span><span style=\"color: #000080;\"><em>Con respecto a los recursos que se destinara\u0301n para la chatarrizacio\u0301n de cerca de 100 buses del transporte pu\u0301blico colectivo, entendemos que esta es una deuda que tiene el Distrito como responsable de la operacio\u0301n de la porcio\u0301n 2 del sistema desde el 2018, y que al concretarse aportari\u0301a a mejorar la movilidad de la ciudad y contribuiri\u0301a al aumento en la demanda de Transcaribe y por ende, a su sostenibilidad.<\/em><\/span>\n<p><span style=\"color: #000080;\"><em>Por lo anterior, reitermamos nuestra invitacio\u0301n a los Concejales para que den vi\u0301a libre a la totalidad de este cre\u0301dito, que sin lugar a dudas dinamizara\u0301 la economi\u0301a y contribuira\u0301 a la mejora en la calidad de vida en Cartagena; y le hacemos un llamado a la Alcaldi\u0301a Distirtal para entregar la informacio\u0301n solicitada en el Concejo y asi\u0301 ofrecer mayor soporte te\u0301cnico para asegurar la legalidad y conveniencia de la solicitud.<\/em><\/span><\/p>\n<p><span style=\"color: #000080;\"><em>Fin del comunicado.<\/em><\/span><\/li>\n<li>\n<div class=\"page\" title=\"Page 2\">\n<div class=\"layoutArea\">\n<div class=\"column\"><\/div>\n<\/div>\n<\/div>\n<\/li>\n<\/ul>\n<\/div>\n<\/div>\n<\/div>\n","protected":false},"excerpt":{"rendered":"<p>Cartagena de Indias, 26 de abril de 2022.- A la presi\u00f3n medi\u00e1tica del alcalde William Dau se sum\u00f3 el Consejo Gremial de Bol\u00edvar para que el Concejo apruebe un empr\u00e9stito cuya justificaci\u00f3n sigue et\u00e9rea. Dau, que la ha emprendido contra los gremios en distintas ocasiones, y tambi\u00e9n ha arremetido personalmente contra sus integrantes, recibe este respaldo con la misma argumentaci\u00f3n del discurso oficial: el Consejo Gremial esgrime las mismas justificaciones del Palacio de la Aduana, y, de igual forma, desconoce las repetidas reincorporaciones al presupuesto, indicativas de la carencia de&#8230; <\/p>\n","protected":false},"author":3,"featured_media":45541,"comment_status":"closed","ping_status":"closed","sticky":false,"template":"","format":"standard","meta":{"footnotes":"","_links_to":"","_links_to_target":""},"categories":[75,4],"tags":[274,191,201,579,628,782,285,784,783,298,431],"class_list":["post-45539","post","type-post","status-publish","format-standard","has-post-thumbnail","hentry","category-destacada","category-politica","tag-alcaldia-de-cartagena","tag-cartagena-de-indias","tag-concejo-distrital","tag-consejo-gremial","tag-corrupcion","tag-derroche","tag-destacada","tag-gremios","tag-insultos","tag-politica","tag-william-dau"],"_links":{"self":[{"href":"https:\/\/revistazetta.com\/index.php?rest_route=\/wp\/v2\/posts\/45539","targetHints":{"allow":["GET"]}}],"collection":[{"href":"https:\/\/revistazetta.com\/index.php?rest_route=\/wp\/v2\/posts"}],"about":[{"href":"https:\/\/revistazetta.com\/index.php?rest_route=\/wp\/v2\/types\/post"}],"author":[{"embeddable":true,"href":"https:\/\/revistazetta.com\/index.php?rest_route=\/wp\/v2\/users\/3"}],"replies":[{"embeddable":true,"href":"https:\/\/revistazetta.com\/index.php?rest_route=%2Fwp%2Fv2%2Fcomments&post=45539"}],"version-history":[{"count":0,"href":"https:\/\/revistazetta.com\/index.php?rest_route=\/wp\/v2\/posts\/45539\/revisions"}],"wp:featuredmedia":[{"embeddable":true,"href":"https:\/\/revistazetta.com\/index.php?rest_route=\/wp\/v2\/media\/45541"}],"wp:attachment":[{"href":"https:\/\/revistazetta.com\/index.php?rest_route=%2Fwp%2Fv2%2Fmedia&parent=45539"}],"wp:term":[{"taxonomy":"category","embeddable":true,"href":"https:\/\/revistazetta.com\/index.php?rest_route=%2Fwp%2Fv2%2Fcategories&post=45539"},{"taxonomy":"post_tag","embeddable":true,"href":"https:\/\/revistazetta.com\/index.php?rest_route=%2Fwp%2Fv2%2Ftags&post=45539"}],"curies":[{"name":"wp","href":"https:\/\/api.w.org\/{rel}","templated":true}]}}