{"id":45542,"date":"2022-04-26T15:42:24","date_gmt":"2022-04-26T20:42:24","guid":{"rendered":"https:\/\/revistazetta.com\/?p=45542"},"modified":"2022-04-26T17:07:07","modified_gmt":"2022-04-26T22:07:07","slug":"gobierno-aprueba-politica-de-estado-para-la-equidad-de-las-mujeres","status":"publish","type":"post","link":"https:\/\/revistazetta.com\/?p=45542","title":{"rendered":"Gobierno Duque aprueba pol\u00edtica de Estado para la equidad de las mujeres"},"content":{"rendered":"<p><strong>Bogot\u00e1, 26 de abril de 2022.-\u00a0<\/strong>El Consejo Nacional de Pol\u00edtica Econ\u00f3mica y Social (CONPES) aprob\u00f3 la pol\u00edtica de Estado del pa\u00eds, para generar condiciones de igualdad efectiva entre hombres y mujeres. De esta manera, se establece una hoja de ruta para dar continuidad a las acciones que se han venido adelantando en este Gobierno, con el objetivo de empoderar a las mujeres de todas las regiones de Colombia.<\/p>\n<p>De acuerdo con el Departamento Nacional de Planeaci\u00f3n (DNP), por primera vez se han proyectado recursos por $47,9 billones para la Pol\u00edtica de Equidad de G\u00e9nero para las mujeres, de los cuales $15,2 billones corresponden a las proyecciones para la financiaci\u00f3n de las 211 acciones que hacen parte del Plan de Acci\u00f3n. A lo cual se suman recursos adicionales por alrededor de $32 billones, provenientes de otros programas que tienen especial impacto en las mujeres.<\/p>\n<p>La entidad agreg\u00f3 que el CONPES plantea una apuesta para mejorar las condiciones de vida y las oportunidades de las mujeres en Colombia desde seis ejes de acci\u00f3n, los cuales son: autonom\u00eda econ\u00f3mica de las mujeres en condiciones de equidad; avance hacia la paridad y una mayor participaci\u00f3n en la toma de decisiones; salud de las mujeres; prevenci\u00f3n y atenci\u00f3n integral de las violencias contra las mujeres; impulso de su liderazgo en la construcci\u00f3n de paz, y, finalmente, el fortalecimiento institucional para el logro de estos objetivos.<\/p>\n<p>En el marco de cada eje, existe un apartado espec\u00edfico con las acciones que responden a las situaciones y necesidades de las mujeres rurales, pues gran parte de esta hoja de ruta se centra en ellas como agentes de transformaci\u00f3n y desarrollo.<\/p>\n<p>El documento tambi\u00e9n resalta la importancia de incrementar la participaci\u00f3n de las mujeres en los programas de educaci\u00f3n superior en \u00e1reas de alto potencial econ\u00f3mico, as\u00ed como la estrategia de su inserci\u00f3n laboral e implementaci\u00f3n de una ruta de acceso, uso y apropiaci\u00f3n de las TIC.<\/p>\n<p><strong>Declaraciones<\/strong><\/p>\n<p>Para la Vicepresidenta de la Rep\u00fablica, Marta Luc\u00eda Ram\u00edrez, quien lidera la pol\u00edtica de equidad de g\u00e9nero de este Gobierno, de la mano de la Consejera Presidencial para la Equidad de la Mujer, Gheidy Gallo, este CONPES demuestra que la equidad de g\u00e9nero es uno de los legados transformacionales m\u00e1s valiosos de este Gobierno.<\/p>\n<p>\u201c\u00a1Estamos cumpliendo nuestro compromiso con las mujeres colombianas! Hoy, pasamos de una pol\u00edtica de Gobierno, a la consolidaci\u00f3n de una pol\u00edtica de Estado, resultado de la aprobaci\u00f3n de una agenda legislativa con sello de mujer, de la incorporaci\u00f3n del enfoque de g\u00e9nero en los 32 planes de desarrollo regionales, con metas y presupuestos espec\u00edficos. Este documento CONPES, es una evidencia del potencial de los resultados y la hoja de ruta para que, en el 2030, Colombia sea l\u00edder indiscutible a nivel internacional en el Objetivo de Desarrollo Sostenible n\u00famero cinco: la equidad para las mujeres\u201d, enfatiz\u00f3.<\/p>\n<p>La directora del Departamento Nacional de Planeaci\u00f3n (DNP), Alejandra Botero Barco, explic\u00f3 que \u201cen Colombia y, seg\u00fan cifras del censo, las mujeres representamos el 51,2% de la poblaci\u00f3n nacional, es decir 22,6 millones, de las cuales 5,7 millones habitan en la ruralidad. Por consiguiente, este CONPES centra parte de sus acciones en las mujeres que viven en la Colombia rural, pues sus problem\u00e1ticas pueden profundizarse o exigir abordajes distintos de especial atenci\u00f3n\u201d.<\/p>\n<p>As\u00ed mismo, la Consejera Gheidy Gallo Santos, agreg\u00f3 que la principal apuesta \u201cgira en torno del eje de autonom\u00eda econ\u00f3mica como puerta habilitadora hacia los dem\u00e1s derechos de las mujeres. El empoderamiento econ\u00f3mico es un ant\u00eddoto para las violencias basadas en g\u00e9nero, facilita y posibilita el liderazgo social de las mujeres para que sean agentes constructores de paz en sus territorios, promueve su participaci\u00f3n en escenarios pol\u00edticos y econ\u00f3micos\u201d.<\/p>\n<p>Este documento se construy\u00f3 teniendo en cuenta las voces de las mujeres que, desde las diferentes regiones, participaron en espacios de di\u00e1logo liderados por la Vicepresidencia de la Rep\u00fablica y la Consejer\u00eda Presidencial para la Equidad de la Mujer, en articulaci\u00f3n con el DNP, aportando sus visiones en torno a problem\u00e1ticas y soluciones.<\/p>\n","protected":false},"excerpt":{"rendered":"<p>Bogot\u00e1, 26 de abril de 2022.-\u00a0El Consejo Nacional de Pol\u00edtica Econ\u00f3mica y Social (CONPES) aprob\u00f3 la pol\u00edtica de Estado del pa\u00eds, para generar condiciones de igualdad efectiva entre hombres y mujeres. De esta manera, se establece una hoja de ruta para dar continuidad a las acciones que se han venido adelantando en este Gobierno, con el objetivo de empoderar a las mujeres de todas las regiones de Colombia. De acuerdo con el Departamento Nacional de Planeaci\u00f3n (DNP), por primera vez se han proyectado recursos por $47,9 billones para la Pol\u00edtica&#8230; <\/p>\n","protected":false},"author":3,"featured_media":45548,"comment_status":"closed","ping_status":"closed","sticky":false,"template":"","format":"standard","meta":{"footnotes":"","_links_to":"","_links_to_target":""},"categories":[2,35],"tags":[294,785,261,499,756,295],"class_list":["post-45542","post","type-post","status-publish","format-standard","has-post-thumbnail","hentry","category-actualidad","category-actualidad-nacion","tag-actualidad","tag-gobierno-nacional","tag-ivan-duque","tag-marta-lucia-ramirez","tag-mujeres","tag-nacion"],"_links":{"self":[{"href":"https:\/\/revistazetta.com\/index.php?rest_route=\/wp\/v2\/posts\/45542","targetHints":{"allow":["GET"]}}],"collection":[{"href":"https:\/\/revistazetta.com\/index.php?rest_route=\/wp\/v2\/posts"}],"about":[{"href":"https:\/\/revistazetta.com\/index.php?rest_route=\/wp\/v2\/types\/post"}],"author":[{"embeddable":true,"href":"https:\/\/revistazetta.com\/index.php?rest_route=\/wp\/v2\/users\/3"}],"replies":[{"embeddable":true,"href":"https:\/\/revistazetta.com\/index.php?rest_route=%2Fwp%2Fv2%2Fcomments&post=45542"}],"version-history":[{"count":0,"href":"https:\/\/revistazetta.com\/index.php?rest_route=\/wp\/v2\/posts\/45542\/revisions"}],"wp:featuredmedia":[{"embeddable":true,"href":"https:\/\/revistazetta.com\/index.php?rest_route=\/wp\/v2\/media\/45548"}],"wp:attachment":[{"href":"https:\/\/revistazetta.com\/index.php?rest_route=%2Fwp%2Fv2%2Fmedia&parent=45542"}],"wp:term":[{"taxonomy":"category","embeddable":true,"href":"https:\/\/revistazetta.com\/index.php?rest_route=%2Fwp%2Fv2%2Fcategories&post=45542"},{"taxonomy":"post_tag","embeddable":true,"href":"https:\/\/revistazetta.com\/index.php?rest_route=%2Fwp%2Fv2%2Ftags&post=45542"}],"curies":[{"name":"wp","href":"https:\/\/api.w.org\/{rel}","templated":true}]}}