{"id":4558,"date":"2015-02-17T23:51:59","date_gmt":"2015-02-18T04:51:59","guid":{"rendered":"http:\/\/www.revistazetta.com\/?p=4558"},"modified":"2015-02-17T23:51:59","modified_gmt":"2015-02-18T04:51:59","slug":"asamblea-defiende-a-brazo-partido-el-puente-yati-bodega","status":"publish","type":"post","link":"https:\/\/revistazetta.com\/?p=4558","title":{"rendered":"Asamblea defiende \u201ca brazo partido\u201d el puente Yat\u00ed-Bodega"},"content":{"rendered":"<p>La Asamblea Departamental de Bol\u00edvar rechaz\u00f3 el postergamiento del proceso licitatorio para la construcci\u00f3n del puente Yat\u00ed-Bodega por parte del Fondo Nacional de Adaptaci\u00f3n.<\/p>\n<p>En la instalaci\u00f3n de las sesiones extraordinarias este martes, los diputados urgieron al Gobierno Nacional a cumplir esta compromiso estrat\u00e9gico para el Caribe colombiano.<\/p>\n<p>El primero en alzar la voz de protesta fue el presidente de la Asamblea, Jorge Rodr\u00edguez, quien en su discurso de instalaci\u00f3n dijo que \u201cNo quiero pensar que acaso sean otros proyectos de infraestructura, con peajes incluidos, los que se interpongan para que esta v\u00eda libre de casetas recaudadoras, se aplace por tercera vez\u201d.<\/p>\n<p>La diputada Orieta V\u00e1squez present\u00f3 una proposici\u00f3n, secundada por sus compa\u00f1eros de plenaria, para subrayar la importancia del proyecto y rechazar el retraso de la entidad nacional.<\/p>\n<p>A su turno Andr\u00e9s Ricaurte dijo que la construcci\u00f3n de ese puente hay que defenderla a \u201cbrazo partido\u201d y propuso que la posici\u00f3n de la Asamblea sea expuesta ante la Presidencia de la Rep\u00fablica.<\/p>\n<p>Finalmente, Jorge Rodr\u00edguez Sosa puso a disposici\u00f3n de los congresistas de Bol\u00edvar el recinto de la Duma para realizar un debate de defensa del proyecto con la asistencia de los directores del Fondo de Adaptaci\u00f3n y de Inv\u00edas.<\/p>\n<p>&nbsp;<\/p>\n<p>Este es el discurso de Jorge Rodr\u00edguez Sosa, presidente de la Asamblea Departamental, en la instalaci\u00f3n del periodo de sesiones ordinarias.<\/p>\n<p>\u201cPor convocatoria del Gobierno seccional, la Asamblea Departamental de Bol\u00edvar inicia hoy un periodo de sesiones extraordinarias para adelantar el estudio de varias iniciativas de enorme inter\u00e9s para la Administraci\u00f3n.<\/p>\n<p>Por convicci\u00f3n y por sana costumbre, esta Asamblea Departamental inicia a partir de hoy el estudio y an\u00e1lisis de tales iniciativas con esp\u00edritu constructivo, tal como ha sido la constante de estos \u00faltimos tres a\u00f1os, en unas relaciones enmarcadas por el respeto entre las instituciones y el inter\u00e9s supremo de los bolivarenses.<\/p>\n<p>Con atenci\u00f3n y sana cr\u00edtica, de seguro estos proyectos de ordenanza recibir\u00e1n el tr\u00e1mite reglamentario y, desde luego, el estudio detenido para enriquecerlos, para que al final contemos con nuevos instrumentos de gran val\u00eda para la consolidaci\u00f3n de la comunidad bolivarense.<\/p>\n<p>La importancia que estos temas revisten es una excelente coyuntura para iniciar formalmente las actividades de este a\u00f1o en la Asamblea Departamental, y nos invitan, a la vez, a seguir muy atentos a los asuntos que afectan a nuestros habitantes.<\/p>\n<p>Por ello, considero de suma importancia que desde este recinto formulemos un en\u00e9rgico llamado al Gobierno Nacional para exigir que el proyecto del puente Yat\u00ed-Bodega ni sea engavetado ni comience a reposar en una hamaca m\u00e1s grande que el cerro de Maco.<\/p>\n<p>El gobierno del Dr. Juan Carlos Gossa\u00edn ha sido un gran defensor de los proyectos y obras que debieron haberse adelantado hace 50 a\u00f1os, y hemos visto el gran esfuerzo hecho para tratar de ponernos al d\u00eda en infraestructura, por lo que no aceptamos que por tercera vez este proyecto vuelva a sufrir tropiezos inadmisibles.<\/p>\n<p>Si en ocasiones anteriores fue la miop\u00eda de gobiernos y dirigentes la causante de la falta de ejecuci\u00f3n de las obras que necesita la provincia bolivarense, no quiero pensar que en estos momentos sean otros los intereses que torpedean este clamor del sur de Bol\u00edvar. No quiero pensar que acaso sean otros proyectos de infraestructura, con peajes incluidos, los que se interpongan para que esta v\u00eda libre de casetas recaudadoras, se aplace nuevamente.<\/p>\n<p>Es imperativo que la Naci\u00f3n deje de darle largas a este proyecto, del cual todos conocemos su importancia estrat\u00e9gica y los beneficios que se desprenden para la econom\u00eda y progreso de la regi\u00f3n.<\/p>\n<p>Las obras son progreso para la comunidad, y por eso lo m\u00e1s importante de todo gobierno es la gente, su bienestar, su desarrollo.<\/p>\n<p>Y as\u00ed como debemos defender los megaproyectos que enriquecen nuestro territorio, nunca ser\u00e1 menos importante pensar en nuestras gentes, como lo estamos haciendo en estos momentos con las ni\u00f1as de El Carmen de Bol\u00edvar y el problema de salud general que las aqueja.<\/p>\n<p>Los pronunciamientos del Ministerio de Salud, que atribuyen el mal a un estado sicosom\u00e1tico o histeria colectiva, fueron refutados por conceptos cient\u00edficos que aluden a la incidencia de la vacuna contra el virus del papiloma humano, tal como ocurri\u00f3 la semana pasada en el tercer Simposio de Auto Inmunidad de la Escuela de Medicina y Ciencias de la Salud de la Universidad del Rosario de Bogot\u00e1.<\/p>\n<p>Los estudios que sustentan la posici\u00f3n del gobierno nacional no arrojan confianza, y los conceptos adversos se\u00f1alan que algunos componentes de la vacuna si pueden tener efectos nocivos sobre la salud de la poblaci\u00f3n vacunada.<\/p>\n<p>Este debate es sano y necesario, y debe ser abordado con seriedad y profundidad cient\u00edfica, para arrojar certezas.<\/p>\n<p>De todas formas, lo que est\u00e1 sucediendo con estas 517 de j\u00f3venes carmeras y sus familias, ha motivado en todo momento la preocupaci\u00f3n de la Asamblea Departamental. La presencia de una delegaci\u00f3n de ellas en Bogot\u00e1, donde tambi\u00e9n han debido ser atendidas hospitalariamente, aumenta el clamor con el gobierno nacional para que extreme sus an\u00e1lisis y les brinde a ellas respuestas prontas y claras.<\/p>\n<p>Estas razones nos llevan a solicitarle al Ministerio de Salud que eleve a m\u00e1xima prioridad la atenci\u00f3n al caso de nuestras ni\u00f1as de El Carmen de Bol\u00edvar, y que la Gobernaci\u00f3n de Bol\u00edvar estreche su articulaci\u00f3n con la Naci\u00f3n en este aspecto, por lo que desde nuestras curules estaremos todos los diputados atentos y exigentes hasta que la soluci\u00f3n definitiva les llegue.<\/p>\n<p>Estas preocupaciones de la Asamblea Departamental de Bol\u00edvar las exteriorizamos con sentido edificante, pensado siempre en el inter\u00e9s general de nuestras gentes. Este mismo criterio es el que nos lleva a pronunciarnos con la situaci\u00f3n de la calidad educativa en Bol\u00edvar, pues nunca podremos estar de acuerdo con el lugar que ocupamos en las mediciones nacionales, siempre en el s\u00f3tano de los \u00edndices.<\/p>\n<p>La educaci\u00f3n de calidad es una gran deuda que tenemos con las nuevas generaciones de bolivarenses, y por eso es vergonzoso que todos los departamentos del pa\u00eds, salvo Vichada, nos superen en educaci\u00f3n.<\/p>\n<p>Estos diez meses finales de la Administraci\u00f3n deben privilegiar el trabajo en la educaci\u00f3n. Si bien en otros frentes se pueden mostrar resultados, el gran reto, a mi juicio, es salvar a la educaci\u00f3n p\u00fablica de Bol\u00edvar de este desastre.<\/p>\n<p>Y un reto mucho mayor para aquellas personas que ahora comienzan a mostrar su inter\u00e9s en llegar al primer cargo departamental, pues todos los bolivarenses les debemos exigir que sea la educaci\u00f3n la primera de sus preocupaciones, que sea la educaci\u00f3n con calidad el pilar de sus compromisos, y que sea la educaci\u00f3n la gran bandera del pr\u00f3ximo gobierno.<\/p>\n<p>Apreciados colegas: Estas reflexiones tienen el \u00fanico prop\u00f3sito de mantener en alto la atenci\u00f3n por los asuntos de nuestro Departamento, y por eso el periodo de sesiones extraordinarias que hoy iniciamos, encontrar\u00e1 en cada una de las bancadas y sus integrantes, la mayor disposici\u00f3n de trabajo, como es el que debe distinguir siempre a la Asamblea Departamental de Bol\u00edvar. Bienvenido sea usted, se\u00f1or Delegado del Gobernador. Proceda Usted con la instalaci\u00f3n de este periodo de sesiones extraordinarias. Gracias\u201d.<\/p>\n","protected":false},"excerpt":{"rendered":"<p>La Asamblea Departamental de Bol\u00edvar rechaz\u00f3 el postergamiento del proceso licitatorio para la construcci\u00f3n del puente Yat\u00ed-Bodega por parte del Fondo Nacional de Adaptaci\u00f3n. En la instalaci\u00f3n de las sesiones extraordinarias este martes, los diputados urgieron al Gobierno Nacional a cumplir esta compromiso estrat\u00e9gico para el Caribe colombiano. El primero en alzar la voz de protesta fue el presidente de la Asamblea, Jorge Rodr\u00edguez, quien en su discurso de instalaci\u00f3n dijo que \u201cNo quiero pensar que acaso sean otros proyectos de infraestructura, con peajes incluidos, los que se interpongan para&#8230; <\/p>\n","protected":false},"author":3,"featured_media":4559,"comment_status":"closed","ping_status":"closed","sticky":false,"template":"","format":"standard","meta":{"footnotes":"","_links_to":"","_links_to_target":""},"categories":[28,4],"tags":[],"class_list":["post-4558","post","type-post","status-publish","format-standard","has-post-thumbnail","hentry","category-politica-asamblea","category-politica"],"_links":{"self":[{"href":"https:\/\/revistazetta.com\/index.php?rest_route=\/wp\/v2\/posts\/4558","targetHints":{"allow":["GET"]}}],"collection":[{"href":"https:\/\/revistazetta.com\/index.php?rest_route=\/wp\/v2\/posts"}],"about":[{"href":"https:\/\/revistazetta.com\/index.php?rest_route=\/wp\/v2\/types\/post"}],"author":[{"embeddable":true,"href":"https:\/\/revistazetta.com\/index.php?rest_route=\/wp\/v2\/users\/3"}],"replies":[{"embeddable":true,"href":"https:\/\/revistazetta.com\/index.php?rest_route=%2Fwp%2Fv2%2Fcomments&post=4558"}],"version-history":[{"count":0,"href":"https:\/\/revistazetta.com\/index.php?rest_route=\/wp\/v2\/posts\/4558\/revisions"}],"wp:featuredmedia":[{"embeddable":true,"href":"https:\/\/revistazetta.com\/index.php?rest_route=\/wp\/v2\/media\/4559"}],"wp:attachment":[{"href":"https:\/\/revistazetta.com\/index.php?rest_route=%2Fwp%2Fv2%2Fmedia&parent=4558"}],"wp:term":[{"taxonomy":"category","embeddable":true,"href":"https:\/\/revistazetta.com\/index.php?rest_route=%2Fwp%2Fv2%2Fcategories&post=4558"},{"taxonomy":"post_tag","embeddable":true,"href":"https:\/\/revistazetta.com\/index.php?rest_route=%2Fwp%2Fv2%2Ftags&post=4558"}],"curies":[{"name":"wp","href":"https:\/\/api.w.org\/{rel}","templated":true}]}}