{"id":45718,"date":"2022-05-11T18:53:58","date_gmt":"2022-05-11T23:53:58","guid":{"rendered":"https:\/\/revistazetta.com\/?p=45718"},"modified":"2022-05-11T18:54:47","modified_gmt":"2022-05-11T23:54:47","slug":"bajo-la-lluvia-torrencial-respaldo-de-magangue-a-fico-presidente","status":"publish","type":"post","link":"https:\/\/revistazetta.com\/?p=45718","title":{"rendered":"Bajo la lluvia, torrencial respaldo de Magangu\u00e9 a FICO Presidente"},"content":{"rendered":"<p><strong>Magangu\u00e9, 11 de mayo de 2022.-<\/strong> La fuerza del cari\u00f1o mantuvo unida a la ciudadan\u00eda maganguele\u00f1a con Fico Guti\u00e9rrez, tanto que ni la lluvia dispers\u00f3 a la muchedumbre que aclam\u00f3 este mi\u00e9rcoles sus propuestas de gobierno para ganar la Presidencia de la Rep\u00fablica.<\/p>\n<p>El candidato reiter\u00f3 su propuesta para que los j\u00f3venes tengan m\u00e1s de un mill\u00f3n de cupos para educaci\u00f3n superior con matr\u00edcula cero, al tiempo que invit\u00f3 al empresariado a vincular m\u00e1s j\u00f3venes y m\u00e1s mujeres.<\/p>\n<p>FICO dijo que es un colombiano como cualquier otro, con el prop\u00f3sito de trabajar por la unidad de la naci\u00f3n, tal como lo demuestran en Magangu\u00e9 las distintas colectividades pol\u00edticas, que pese a tener diferentes enfoque ideol\u00f3gicos, confluyen en los superiores intereses de la patria.<\/p>\n<p>Destac\u00f3 que no se construye el pa\u00eds con odios, ni con corrupci\u00f3n, ni con impunidad, sino con una propuesta de unidad, con los corruptos en la c\u00e1rcel, y con la m\u00e1s grande obra de justicia social para todos los colombianos.<\/p>\n<p>La multitud no ces\u00f3 de aclamar las propuestas de FICO y Magangu\u00e9 dej\u00f3 plasmado el compromiso de volverse a las urnas este 29 de mayo para ganar la Presidencia de la Rep\u00fablica en primera vuelta.<\/p>\n<p>&nbsp;<\/p>\n","protected":false},"excerpt":{"rendered":"<p>Magangu\u00e9, 11 de mayo de 2022.- La fuerza del cari\u00f1o mantuvo unida a la ciudadan\u00eda maganguele\u00f1a con Fico Guti\u00e9rrez, tanto que ni la lluvia dispers\u00f3 a la muchedumbre que aclam\u00f3 este mi\u00e9rcoles sus propuestas de gobierno para ganar la Presidencia de la Rep\u00fablica. El candidato reiter\u00f3 su propuesta para que los j\u00f3venes tengan m\u00e1s de un mill\u00f3n de cupos para educaci\u00f3n superior con matr\u00edcula cero, al tiempo que invit\u00f3 al empresariado a vincular m\u00e1s j\u00f3venes y m\u00e1s mujeres. FICO dijo que es un colombiano como cualquier otro, con el prop\u00f3sito&#8230; <\/p>\n","protected":false},"author":3,"featured_media":45719,"comment_status":"closed","ping_status":"closed","sticky":false,"template":"","format":"standard","meta":{"footnotes":"","_links_to":"","_links_to_target":""},"categories":[75,4],"tags":[285,832,749,635,298],"class_list":["post-45718","post","type-post","status-publish","format-standard","has-post-thumbnail","hentry","category-destacada","category-politica","tag-destacada","tag-fico","tag-fico-gutierrez","tag-magangue","tag-politica"],"_links":{"self":[{"href":"https:\/\/revistazetta.com\/index.php?rest_route=\/wp\/v2\/posts\/45718","targetHints":{"allow":["GET"]}}],"collection":[{"href":"https:\/\/revistazetta.com\/index.php?rest_route=\/wp\/v2\/posts"}],"about":[{"href":"https:\/\/revistazetta.com\/index.php?rest_route=\/wp\/v2\/types\/post"}],"author":[{"embeddable":true,"href":"https:\/\/revistazetta.com\/index.php?rest_route=\/wp\/v2\/users\/3"}],"replies":[{"embeddable":true,"href":"https:\/\/revistazetta.com\/index.php?rest_route=%2Fwp%2Fv2%2Fcomments&post=45718"}],"version-history":[{"count":0,"href":"https:\/\/revistazetta.com\/index.php?rest_route=\/wp\/v2\/posts\/45718\/revisions"}],"wp:featuredmedia":[{"embeddable":true,"href":"https:\/\/revistazetta.com\/index.php?rest_route=\/wp\/v2\/media\/45719"}],"wp:attachment":[{"href":"https:\/\/revistazetta.com\/index.php?rest_route=%2Fwp%2Fv2%2Fmedia&parent=45718"}],"wp:term":[{"taxonomy":"category","embeddable":true,"href":"https:\/\/revistazetta.com\/index.php?rest_route=%2Fwp%2Fv2%2Fcategories&post=45718"},{"taxonomy":"post_tag","embeddable":true,"href":"https:\/\/revistazetta.com\/index.php?rest_route=%2Fwp%2Fv2%2Ftags&post=45718"}],"curies":[{"name":"wp","href":"https:\/\/api.w.org\/{rel}","templated":true}]}}