{"id":45728,"date":"2022-05-12T18:04:30","date_gmt":"2022-05-12T23:04:30","guid":{"rendered":"https:\/\/revistazetta.com\/?p=45728"},"modified":"2022-05-12T18:04:30","modified_gmt":"2022-05-12T23:04:30","slug":"este-domingo-fico-con-las-comunidades-en-el-coliseo-de-combate","status":"publish","type":"post","link":"https:\/\/revistazetta.com\/?p=45728","title":{"rendered":"Este domingo \u00abFico con las comunidades\u00bb en el Coliseo de Combate"},"content":{"rendered":"<p><strong>Cartagena de Indias, 12 de mayo de 2022.-<\/strong>\u00a0Atendiendo el llamado de las distintas fuerzas sociales, comunales y pol\u00edticas de la ciudad y el departamento, el candidato presidencial Fico Guti\u00e9rrez sostendr\u00e1 este domingo un gran encuentro con la ciudadan\u00eda bolivarense en el parqueadero del Coliseo de Combates.<\/p>\n<p>En esta gran concentraci\u00f3n que tendr\u00e1 lugar desde las 4 y 30 de la tarde, los asistentes le ratificar\u00e1n una vez m\u00e1s su respaldo al candidato del \u00abEquipo por Colombia\u201c.<\/p>\n<p>\u00abExtendemos la invitaci\u00f3n a todos los cartageneros y bolivarenses para que nos acompa\u00f1en este domingo a reiterar nuestro apoyo a Fico, el \u00fanico candidato con propuestas serias y aterrizadas a la realidad del pa\u00eds; quien adem\u00e1s est\u00e1 enfocado en eliminar la pobreza e impulsar el desarrollo sostenible de Colombia\u201d, manifest\u00f3 Nicola Sandoval, coordinador de la campa\u00f1a en Bol\u00edvar.<\/p>\n<p>Sandoval a\u00f1adi\u00f3 que \u201cestoy convencido que con el respaldo del pueblo de Cartagena y Bol\u00edvar vamos a llevar a Fico Guti\u00e9rrez a la presidencia del pa\u00eds\u201d.<\/p>\n<p>Es importante resaltar que la campa\u00f1a en el departamento adelant\u00f3 una intensa agenda social donde recorri\u00f3 los principales poblaciones, socializando las propuestas del candidato de la gente.<\/p>\n","protected":false},"excerpt":{"rendered":"<p>Cartagena de Indias, 12 de mayo de 2022.-\u00a0Atendiendo el llamado de las distintas fuerzas sociales, comunales y pol\u00edticas de la ciudad y el departamento, el candidato presidencial Fico Guti\u00e9rrez sostendr\u00e1 este domingo un gran encuentro con la ciudadan\u00eda bolivarense en el parqueadero del Coliseo de Combates. En esta gran concentraci\u00f3n que tendr\u00e1 lugar desde las 4 y 30 de la tarde, los asistentes le ratificar\u00e1n una vez m\u00e1s su respaldo al candidato del \u00abEquipo por Colombia\u201c. \u00abExtendemos la invitaci\u00f3n a todos los cartageneros y bolivarenses para que nos acompa\u00f1en este&#8230; <\/p>\n","protected":false},"author":3,"featured_media":45729,"comment_status":"closed","ping_status":"closed","sticky":false,"template":"","format":"standard","meta":{"footnotes":"","_links_to":"","_links_to_target":""},"categories":[4],"tags":[832,749,298],"class_list":["post-45728","post","type-post","status-publish","format-standard","has-post-thumbnail","hentry","category-politica","tag-fico","tag-fico-gutierrez","tag-politica"],"_links":{"self":[{"href":"https:\/\/revistazetta.com\/index.php?rest_route=\/wp\/v2\/posts\/45728","targetHints":{"allow":["GET"]}}],"collection":[{"href":"https:\/\/revistazetta.com\/index.php?rest_route=\/wp\/v2\/posts"}],"about":[{"href":"https:\/\/revistazetta.com\/index.php?rest_route=\/wp\/v2\/types\/post"}],"author":[{"embeddable":true,"href":"https:\/\/revistazetta.com\/index.php?rest_route=\/wp\/v2\/users\/3"}],"replies":[{"embeddable":true,"href":"https:\/\/revistazetta.com\/index.php?rest_route=%2Fwp%2Fv2%2Fcomments&post=45728"}],"version-history":[{"count":0,"href":"https:\/\/revistazetta.com\/index.php?rest_route=\/wp\/v2\/posts\/45728\/revisions"}],"wp:featuredmedia":[{"embeddable":true,"href":"https:\/\/revistazetta.com\/index.php?rest_route=\/wp\/v2\/media\/45729"}],"wp:attachment":[{"href":"https:\/\/revistazetta.com\/index.php?rest_route=%2Fwp%2Fv2%2Fmedia&parent=45728"}],"wp:term":[{"taxonomy":"category","embeddable":true,"href":"https:\/\/revistazetta.com\/index.php?rest_route=%2Fwp%2Fv2%2Fcategories&post=45728"},{"taxonomy":"post_tag","embeddable":true,"href":"https:\/\/revistazetta.com\/index.php?rest_route=%2Fwp%2Fv2%2Ftags&post=45728"}],"curies":[{"name":"wp","href":"https:\/\/api.w.org\/{rel}","templated":true}]}}